{"id":22603,"date":"2022-12-02T14:21:30","date_gmt":"2022-12-02T14:21:30","guid":{"rendered":"https:\/\/tintafresca.net\/?p=22603"},"modified":"2022-12-02T22:23:27","modified_gmt":"2022-12-02T22:23:27","slug":"ministra-ana-abrunhosa-visita-obras-em-ferreira-do-zezere-e-a-ceramica-sao-bernardo-em-alcobaca","status":"publish","type":"post","link":"https:\/\/tintafresca.net\/index.php\/2022\/12\/02\/ministra-ana-abrunhosa-visita-obras-em-ferreira-do-zezere-e-a-ceramica-sao-bernardo-em-alcobaca\/","title":{"rendered":"Ministra Ana Abrunhosa visita obras em Ferreira do Z\u00eazere e a Cer\u00e2mica S\u00e3o Bernardo em Alcoba\u00e7a"},"content":{"rendered":"<div id=\"attachment_22606\" style=\"width: 510px\" class=\"wp-caption alignleft\"><img loading=\"lazy\" decoding=\"async\" aria-describedby=\"caption-attachment-22606\" class=\"wp-image-22606 size-full\" src=\"https:\/\/tintafresca.net\/wp-content\/uploads\/2022\/12\/Alcobaca_Ceramica_Sao_Bernardo.png\" alt=\"\" width=\"500\" height=\"312\" srcset=\"https:\/\/tintafresca.net\/wp-content\/uploads\/2022\/12\/Alcobaca_Ceramica_Sao_Bernardo.png 500w, https:\/\/tintafresca.net\/wp-content\/uploads\/2022\/12\/Alcobaca_Ceramica_Sao_Bernardo-300x187.png 300w\" sizes=\"auto, (max-width: 500px) 100vw, 500px\" \/><p id=\"caption-attachment-22606\" class=\"wp-caption-text\">Cer\u00e2mica S\u00e3o Bernardo<\/p><\/div>\n<p>A ministra da Coes\u00e3o Territorial, Ana Abrunhosa, visita esta segunda-feira, dia 5 de dezembro, a partir das 11h, no concelho de Ferreira do Z\u00eazere as Obras de Requalifica\u00e7\u00e3o Urbana, a Escola EB 2\/3 S. Pedro Ferreiro, o Pavilh\u00e3o 2000, a Praia Fluvial Bairrada\/Bairradinha, a Aldeia de Dornes e a empresa PetMaxi,<\/p>\n<p>Pelas 15h, a ministra da Coes\u00e3o Territorial, Ana Abrunhosa, visita a Cer\u00e2mica Perp\u00e9tua, Pereira &amp; Almeida, Lda, em \u00c9vora de Alcoba\u00e7a.<\/p>\n<p>\u00c0s 17h30, o secret\u00e1rio de Estado da Administra\u00e7\u00e3o Local e Ordenamento Territ\u00f3rio, Carlos Miguel, participa na Cerim\u00f3nia de Assinatura do Contrato de Financiamento das Obras de Reabilita\u00e7\u00e3o da Capela da Madre de Deus da Zibreira, na Freguesia de Carvoeira e Carm\u00f5es, em Torres Vedras.<\/p>\n","protected":false},"excerpt":{"rendered":"<p>A ministra da Coes\u00e3o Territorial, Ana Abrunhosa, visita esta segunda-feira, dia 5 de dezembro, a partir das 11h, no concelho de Ferreira do Z\u00eazere as Obras de Requalifica\u00e7\u00e3o Urbana, a Escola EB 2\/3 S. Pedro Ferreiro, o Pavilh\u00e3o 2000, a Praia Fluvial Bairrada\/Bairradinha, a Aldeia de Dornes e a empresa PetMaxi, Pelas 15h, a ministra [&hellip;]<\/p>\n","protected":false},"author":2,"featured_media":22608,"comment_status":"open","ping_status":"open","sticky":false,"template":"","format":"standard","meta":{"footnotes":""},"categories":[7],"tags":[],"class_list":["post-22603","post","type-post","status-publish","format-standard","has-post-thumbnail","hentry","category-economia"],"_links":{"self":[{"href":"https:\/\/tintafresca.net\/index.php\/wp-json\/wp\/v2\/posts\/22603","targetHints":{"allow":["GET"]}}],"collection":[{"href":"https:\/\/tintafresca.net\/index.php\/wp-json\/wp\/v2\/posts"}],"about":[{"href":"https:\/\/tintafresca.net\/index.php\/wp-json\/wp\/v2\/types\/post"}],"author":[{"embeddable":true,"href":"https:\/\/tintafresca.net\/index.php\/wp-json\/wp\/v2\/users\/2"}],"replies":[{"embeddable":true,"href":"https:\/\/tintafresca.net\/index.php\/wp-json\/wp\/v2\/comments?post=22603"}],"version-history":[{"count":3,"href":"https:\/\/tintafresca.net\/index.php\/wp-json\/wp\/v2\/posts\/22603\/revisions"}],"predecessor-version":[{"id":22607,"href":"https:\/\/tintafresca.net\/index.php\/wp-json\/wp\/v2\/posts\/22603\/revisions\/22607"}],"wp:featuredmedia":[{"embeddable":true,"href":"https:\/\/tintafresca.net\/index.php\/wp-json\/wp\/v2\/media\/22608"}],"wp:attachment":[{"href":"https:\/\/tintafresca.net\/index.php\/wp-json\/wp\/v2\/media?parent=22603"}],"wp:term":[{"taxonomy":"category","embeddable":true,"href":"https:\/\/tintafresca.net\/index.php\/wp-json\/wp\/v2\/categories?post=22603"},{"taxonomy":"post_tag","embeddable":true,"href":"https:\/\/tintafresca.net\/index.php\/wp-json\/wp\/v2\/tags?post=22603"}],"curies":[{"name":"wp","href":"https:\/\/api.w.org\/{rel}","templated":true}]}}