{"id":22656,"date":"2022-12-04T14:53:50","date_gmt":"2022-12-04T14:53:50","guid":{"rendered":"https:\/\/tintafresca.net\/?p=22656"},"modified":"2022-12-04T15:02:52","modified_gmt":"2022-12-04T15:02:52","slug":"municipio-de-santarem-aprova-orcamento-com-mais-de-21-milhoes-de-euros-para-o-plano-local-de-habitacao","status":"publish","type":"post","link":"https:\/\/tintafresca.net\/index.php\/2022\/12\/04\/municipio-de-santarem-aprova-orcamento-com-mais-de-21-milhoes-de-euros-para-o-plano-local-de-habitacao\/","title":{"rendered":"Munic\u00edpio de Santar\u00e9m aprova or\u00e7amento com mais de 21 milh\u00f5es de euros para o Plano Local de Habita\u00e7\u00e3o"},"content":{"rendered":"<div id=\"attachment_22658\" style=\"width: 353px\" class=\"wp-caption alignleft\"><img loading=\"lazy\" decoding=\"async\" aria-describedby=\"caption-attachment-22658\" class=\"wp-image-22658 size-full\" src=\"https:\/\/tintafresca.net\/wp-content\/uploads\/2022\/12\/Santarem_centro_Historico2.jpg\" alt=\"\" width=\"343\" height=\"257\" srcset=\"https:\/\/tintafresca.net\/wp-content\/uploads\/2022\/12\/Santarem_centro_Historico2.jpg 343w, https:\/\/tintafresca.net\/wp-content\/uploads\/2022\/12\/Santarem_centro_Historico2-300x225.jpg 300w\" sizes=\"auto, (max-width: 343px) 100vw, 343px\" \/><p id=\"caption-attachment-22658\" class=\"wp-caption-text\">Centro hist\u00f3rico de Santar\u00e9m<\/p><\/div>\n<p>O Executivo Municipal aprovou, no dia 30 de novembro, o or\u00e7amento para 2023, no valor de 72,5 milh\u00f5es de euros.<\/p>\n<p>Ricardo Gon\u00e7alves, presidente da C\u00e2mara Municipal de Santar\u00e9m, refere que \u201cperante todas as dificuldades que o futuro insiste em anunciar, preferimos redescobrir novas formas de resili\u00eancia, novas oportunidades para ajudar as organiza\u00e7\u00f5es e a sociedade a concretizarem a transforma\u00e7\u00e3o de que necessitam para acompanharem este futuro que n\u00e3o ser\u00e1, com toda a certeza, igual ao passado que j\u00e1 conhecemos\u201d.<\/p>\n<p>Este or\u00e7amento apesar de ter sido elaborado num quadro de grande incerteza e de dificuldades associadas \u00e0 elevada taxa de infla\u00e7\u00e3o, \u00e0s revis\u00f5es de pre\u00e7os adstritas, ao brutal aumento dos gastos com energia el\u00e9trica, \u00e9 um or\u00e7amento pr\u00f3ximo dos mun\u00edcipes e das fam\u00edlias.<\/p>\n<p>O refor\u00e7o do investimento municipal de mais de 6 milh\u00f5es de euros nas freguesias, a redu\u00e7\u00e3o acentuada de impostos e o investimento no desporto, numa educa\u00e7\u00e3o de excel\u00eancia, na a\u00e7\u00e3o social, atrav\u00e9s de mais apoios sociais para fam\u00edlias carenciadas e IPSS, s\u00e3o eixos estrat\u00e9gicos para 2023.<\/p>\n<p>Neste sentido, Ricardo Gon\u00e7alves refere que \u201cestamos a concluir a empreitada de reabilita\u00e7\u00e3o do Bairro Calouste Gulbenkian, temos um Plano de Recupera\u00e7\u00e3o e Resili\u00eancia, que ter\u00e1 de ser aproveitado ao m\u00e1ximo, como \u00e9 o caso do Plano Local de Habita\u00e7\u00e3o, que com os seus mais de 21 milh\u00f5es de euros, ir\u00e1 permitir acabar com a indignidade de ainda termos pessoas em Santar\u00e9m a viver com m\u00e1s condi\u00e7\u00f5es de habitabilidade\u201d.<\/p>\n<p>A autarquia mant\u00e9m firme a estrat\u00e9gia de crescimento econ\u00f3mico e social sustentado, aproveitando ao m\u00e1ximo o presente quadro comunit\u00e1rio de apoio e concretiza\u00e7\u00e3o de projetos determinantes para afirmar Santar\u00e9m como destino privilegiado para visitar, trabalhar e viver.<\/p>\n<p>\u201cQueremos uma Smart City, uma cidade mais atrativa, criativa e fervilhante, que potencia as tradi\u00e7\u00f5es equestres, o seu patrim\u00f3nio e a enogastronomia\u201d refere Ricardo Gon\u00e7alves, mantendo \u201ca estrat\u00e9gia de desenvolvimento tur\u00edstico, em todas as suas \u00e1reas e afirmando Santar\u00e9m como destino de turismo, de cultura e de lazer\u201d.<\/p>\n<p>O Or\u00e7amento de 2023, mant\u00e9m a tend\u00eancia de consolida\u00e7\u00e3o financeira, preservando-se o bom nome do Munic\u00edpio de Santar\u00e9m, reconquistado perante todos os parceiros, desde empreiteiros a pequenos fornecedores, desde freguesias a associa\u00e7\u00f5es culturais, desportivas e juvenis, com respeito pelo esfor\u00e7o coletivo dos mun\u00edcipes de Santar\u00e9m.<\/p>\n<p>A estrat\u00e9gia de atra\u00e7\u00e3o de investimento para Santar\u00e9m, atrav\u00e9s do apoio \u00e0s empresas que se pretendam instalar ou investir no Concelho \u00e9 outra aposta do Executivo, assim como a aposta na inclus\u00e3o, na redu\u00e7\u00e3o das desigualdades e na sustentabilidade ambiental.<\/p>\n<p>O Munic\u00edpio continua tamb\u00e9m a empenhar-se na cria\u00e7\u00e3o e melhoramento dos equipamentos desportivos e no apoio \u00e0s entidades que operam no \u00e2mbito desportivo e cultural, atrav\u00e9s das verbas adstritas ao PAFAD e ao PAAAC no valor de 520 mil euros e mant\u00e9m tamb\u00e9m o apoio \u00e0s atividades e agentes culturais com um apoio de mais de 200 mil euros.<\/p>\n<p><strong>\u00a0 \u00a0 Fonte: GCRP|CMS<\/strong><\/p>\n<p>&nbsp;<\/p>\n","protected":false},"excerpt":{"rendered":"<p>O Executivo Municipal aprovou, no dia 30 de novembro, o or\u00e7amento para 2023, no valor de 72,5 milh\u00f5es de euros. Ricardo Gon\u00e7alves, presidente da C\u00e2mara Municipal de Santar\u00e9m, refere que \u201cperante todas as dificuldades que o futuro insiste em anunciar, preferimos redescobrir novas formas de resili\u00eancia, novas oportunidades para ajudar as organiza\u00e7\u00f5es e a sociedade [&hellip;]<\/p>\n","protected":false},"author":2,"featured_media":22661,"comment_status":"open","ping_status":"open","sticky":false,"template":"","format":"standard","meta":{"footnotes":""},"categories":[7],"tags":[],"class_list":["post-22656","post","type-post","status-publish","format-standard","has-post-thumbnail","hentry","category-economia"],"_links":{"self":[{"href":"https:\/\/tintafresca.net\/index.php\/wp-json\/wp\/v2\/posts\/22656","targetHints":{"allow":["GET"]}}],"collection":[{"href":"https:\/\/tintafresca.net\/index.php\/wp-json\/wp\/v2\/posts"}],"about":[{"href":"https:\/\/tintafresca.net\/index.php\/wp-json\/wp\/v2\/types\/post"}],"author":[{"embeddable":true,"href":"https:\/\/tintafresca.net\/index.php\/wp-json\/wp\/v2\/users\/2"}],"replies":[{"embeddable":true,"href":"https:\/\/tintafresca.net\/index.php\/wp-json\/wp\/v2\/comments?post=22656"}],"version-history":[{"count":2,"href":"https:\/\/tintafresca.net\/index.php\/wp-json\/wp\/v2\/posts\/22656\/revisions"}],"predecessor-version":[{"id":22660,"href":"https:\/\/tintafresca.net\/index.php\/wp-json\/wp\/v2\/posts\/22656\/revisions\/22660"}],"wp:featuredmedia":[{"embeddable":true,"href":"https:\/\/tintafresca.net\/index.php\/wp-json\/wp\/v2\/media\/22661"}],"wp:attachment":[{"href":"https:\/\/tintafresca.net\/index.php\/wp-json\/wp\/v2\/media?parent=22656"}],"wp:term":[{"taxonomy":"category","embeddable":true,"href":"https:\/\/tintafresca.net\/index.php\/wp-json\/wp\/v2\/categories?post=22656"},{"taxonomy":"post_tag","embeddable":true,"href":"https:\/\/tintafresca.net\/index.php\/wp-json\/wp\/v2\/tags?post=22656"}],"curies":[{"name":"wp","href":"https:\/\/api.w.org\/{rel}","templated":true}]}}