{"id":22682,"date":"2022-12-05T14:20:39","date_gmt":"2022-12-05T14:20:39","guid":{"rendered":"https:\/\/tintafresca.net\/?p=22682"},"modified":"2022-12-05T20:36:34","modified_gmt":"2022-12-05T20:36:34","slug":"act-vai-verificar-cumprimento-da-legislacao-laboral-no-caso-do-encerramento-da-queijo-saloio","status":"publish","type":"post","link":"https:\/\/tintafresca.net\/index.php\/2022\/12\/05\/act-vai-verificar-cumprimento-da-legislacao-laboral-no-caso-do-encerramento-da-queijo-saloio\/","title":{"rendered":"ACT vai verificar cumprimento da legisla\u00e7\u00e3o laboral no caso do encerramento da Queijo Saloio"},"content":{"rendered":"<div id=\"attachment_22684\" style=\"width: 360px\" class=\"wp-caption alignleft\"><img loading=\"lazy\" decoding=\"async\" aria-describedby=\"caption-attachment-22684\" class=\"wp-image-22684\" src=\"https:\/\/tintafresca.net\/wp-content\/uploads\/2022\/12\/Queijo_Saloio.png\" alt=\"\" width=\"350\" height=\"348\" srcset=\"https:\/\/tintafresca.net\/wp-content\/uploads\/2022\/12\/Queijo_Saloio.png 475w, https:\/\/tintafresca.net\/wp-content\/uploads\/2022\/12\/Queijo_Saloio-300x298.png 300w, https:\/\/tintafresca.net\/wp-content\/uploads\/2022\/12\/Queijo_Saloio-150x150.png 150w\" sizes=\"auto, (max-width: 350px) 100vw, 350px\" \/><p id=\"caption-attachment-22684\" class=\"wp-caption-text\">Empresa estava sediada em Torres Vedras<\/p><\/div>\n<p>O Minist\u00e9rio do Trabalho, Solidariedade e Seguran\u00e7a Social, em resposta a uma pergunta do Bloco de Esquerda, informou que instruiu a Autoridade para as Condi\u00e7\u00f5es do Trabalho (ACT) a verificar o cumprimento da legisla\u00e7\u00e3o laboral no encerramento da F\u00e1brica Queijo Saloio, em Torres Vedras.<\/p>\n<p>Na resposta pode ainda ler-se que <em>\u201c<\/em><em>para refor\u00e7ar a verifica\u00e7\u00e3o das condi\u00e7\u00f5es do trabalho, o Governo incluiu na Agenda do Trabalho Digno a possibilidade de condicionar o acesso a apoios p\u00fablicos, incentivos financeiros e fundos comunit\u00e1rios ao cumprimento de normas laborais, e refor\u00e7ou, no \u00faltimo ano e meio, o mapa de quadro de pessoal da ACT com 190 inspetores. Em 2015 a ACT tinha 307 inspetores, e este ano atingiu um total de 493 inspetores, o valor mais elevado de sempre e que cumpre pela primeira vez o referencial da Organiza\u00e7\u00e3o Internacional do Trabalho de 1 inspetor por 10 mil trabalhadores\u201d.<\/em><\/p>\n<p>A resposta foi dada na sequ\u00eancia da pergunta do grupo parlamentar do Bloco de Esquerda sobre o encerramento da f\u00e1brica Queijo Saloio, em Torres Vedras, detida pela Queijos de Santiago, sobre o destino dos seus 60 trabalhadores.<\/p>\n<p>Na ocasi\u00e3o foram levantadas quest\u00f5es de ordem financeira, dado que ap\u00f3s a compra da f\u00e1brica e da marca <em>Queijo Saloio<\/em> h\u00e1 cinco anos pelo grupo <em>Queijos Santiago<\/em>, a nova gest\u00e3o contraiu d\u00edvidas que se situam entre os 20 e os 25 milh\u00f5es de euros, tendo a Caixa Geral de Dep\u00f3sitos pedido, em mar\u00e7o, a insolv\u00eancia da f\u00e1brica.<\/p>\n<p>\u00c9 tamb\u00e9m importante referir que a empresa Queijos Santiago tem usufru\u00eddo de v\u00e1rios apoios p\u00fablicos e financiamentos europeus, no \u00e2mbito de v\u00e1rios projetos, com objetivo de \u201cdinamizar os territ\u00f3rios rurais\u201d.<\/p>\n<p><strong>\u00a0 \u00a0 \u00a0Fonte: BE|TV<\/strong><\/p>\n","protected":false},"excerpt":{"rendered":"<p>O Minist\u00e9rio do Trabalho, Solidariedade e Seguran\u00e7a Social, em resposta a uma pergunta do Bloco de Esquerda, informou que instruiu a Autoridade para as Condi\u00e7\u00f5es do Trabalho (ACT) a verificar o cumprimento da legisla\u00e7\u00e3o laboral no encerramento da F\u00e1brica Queijo Saloio, em Torres Vedras. Na resposta pode ainda ler-se que \u201cpara refor\u00e7ar a verifica\u00e7\u00e3o das [&hellip;]<\/p>\n","protected":false},"author":2,"featured_media":22685,"comment_status":"open","ping_status":"open","sticky":false,"template":"","format":"standard","meta":{"footnotes":""},"categories":[7],"tags":[],"class_list":["post-22682","post","type-post","status-publish","format-standard","has-post-thumbnail","hentry","category-economia"],"_links":{"self":[{"href":"https:\/\/tintafresca.net\/index.php\/wp-json\/wp\/v2\/posts\/22682","targetHints":{"allow":["GET"]}}],"collection":[{"href":"https:\/\/tintafresca.net\/index.php\/wp-json\/wp\/v2\/posts"}],"about":[{"href":"https:\/\/tintafresca.net\/index.php\/wp-json\/wp\/v2\/types\/post"}],"author":[{"embeddable":true,"href":"https:\/\/tintafresca.net\/index.php\/wp-json\/wp\/v2\/users\/2"}],"replies":[{"embeddable":true,"href":"https:\/\/tintafresca.net\/index.php\/wp-json\/wp\/v2\/comments?post=22682"}],"version-history":[{"count":7,"href":"https:\/\/tintafresca.net\/index.php\/wp-json\/wp\/v2\/posts\/22682\/revisions"}],"predecessor-version":[{"id":22703,"href":"https:\/\/tintafresca.net\/index.php\/wp-json\/wp\/v2\/posts\/22682\/revisions\/22703"}],"wp:featuredmedia":[{"embeddable":true,"href":"https:\/\/tintafresca.net\/index.php\/wp-json\/wp\/v2\/media\/22685"}],"wp:attachment":[{"href":"https:\/\/tintafresca.net\/index.php\/wp-json\/wp\/v2\/media?parent=22682"}],"wp:term":[{"taxonomy":"category","embeddable":true,"href":"https:\/\/tintafresca.net\/index.php\/wp-json\/wp\/v2\/categories?post=22682"},{"taxonomy":"post_tag","embeddable":true,"href":"https:\/\/tintafresca.net\/index.php\/wp-json\/wp\/v2\/tags?post=22682"}],"curies":[{"name":"wp","href":"https:\/\/api.w.org\/{rel}","templated":true}]}}