{"id":22690,"date":"2022-12-05T18:14:56","date_gmt":"2022-12-05T18:14:56","guid":{"rendered":"https:\/\/tintafresca.net\/?p=22690"},"modified":"2022-12-05T18:16:47","modified_gmt":"2022-12-05T18:16:47","slug":"projeto-valoriza-a-localizacao-unica-e-diferenciadora-da-area-de-producao-da-maca-de-alcobaca-como-a-unica-maca-do-atlantico","status":"publish","type":"post","link":"https:\/\/tintafresca.net\/index.php\/2022\/12\/05\/projeto-valoriza-a-localizacao-unica-e-diferenciadora-da-area-de-producao-da-maca-de-alcobaca-como-a-unica-maca-do-atlantico\/","title":{"rendered":"Projeto valoriza localiza\u00e7\u00e3o \u00fanica e diferenciadora da \u00e1rea de produ\u00e7\u00e3o da Ma\u00e7\u00e3 de Alcoba\u00e7a como \u00fanica ma\u00e7\u00e3 do Atl\u00e2ntico"},"content":{"rendered":"<div id=\"attachment_22692\" style=\"width: 448px\" class=\"wp-caption alignleft\"><img loading=\"lazy\" decoding=\"async\" aria-describedby=\"caption-attachment-22692\" class=\"wp-image-22692 size-full\" src=\"https:\/\/tintafresca.net\/wp-content\/uploads\/2022\/12\/Maca-de-Alcobaca2.png\" alt=\"\" width=\"438\" height=\"584\" srcset=\"https:\/\/tintafresca.net\/wp-content\/uploads\/2022\/12\/Maca-de-Alcobaca2.png 438w, https:\/\/tintafresca.net\/wp-content\/uploads\/2022\/12\/Maca-de-Alcobaca2-225x300.png 225w\" sizes=\"auto, (max-width: 438px) 100vw, 438px\" \/><p id=\"caption-attachment-22692\" class=\"wp-caption-text\">Expositor da Ma\u00e7\u00e3 de Alcoba\u00e7a<\/p><\/div>\n<p>Conscientes de que a internacionaliza\u00e7\u00e3o \u00e9 uma alavanca indispens\u00e1vel para o crescimento econ\u00f3mico do setor, a APMA &#8211; Associa\u00e7\u00e3o dos Produtores de Ma\u00e7\u00e3 de Alcoba\u00e7a apresentou este s\u00e1bado, dia 3 dezembro, o \u201cProjeto de Promo\u00e7\u00e3o da Ma\u00e7\u00e3 de Alcoba\u00e7a em Mercados Externos\u201d, que pretende dar palco a \u201cuma nova onda de sabor vinda de Portugal\u201d oriunda da \u201c\u00fanica ma\u00e7\u00e3 do Atl\u00e2ntico\u201d. A apresenta\u00e7\u00e3o decorreu na sede da empresa Embala na Hora, em \u00d3bidos, no \u00e2mbito do sistema de apoios a a\u00e7\u00f5es coletivas \u201cInternacionaliza\u00e7\u00e3o\u201d.<\/p>\n<p>A Associa\u00e7\u00e3o de Produtores acredita que com este projeto \u201ca fileira da ma\u00e7\u00e3, as Organiza\u00e7\u00f5es de Produtores e os operadores individuais, sejam mobilizados para uma estrat\u00e9gia coletiva de promo\u00e7\u00e3o e para a cria\u00e7\u00e3o de valor acrescentado e, em \u00faltima inst\u00e2ncia, que sirva como ferramenta impulsionadora de estrat\u00e9gias colaborativas da venda do seu produto \u2013 Ma\u00e7\u00e3 de Alcoba\u00e7a \u2013 por parte das PME\u00b4S que integram a APMA\u201d.<\/p>\n<p>Uma estrat\u00e9gia que consideram fundamental para contribuir para a valoriza\u00e7\u00e3o e diferencia\u00e7\u00e3o da Ma\u00e7\u00e3 de Alcoba\u00e7a &#8211; IGP, a \u00fanica ma\u00e7\u00e3 com influ\u00eancia atl\u00e2ntica, fomentando as exporta\u00e7\u00f5es e a inova\u00e7\u00e3o deste produto portugu\u00eas, ao mesmo tempo que contribui para o aumento da competitividade e visibilidade internacional de Portugal.<\/p>\n<p>Estamos perante um projeto que valoriza a localiza\u00e7\u00e3o geogr\u00e1fica da \u00e1rea de produ\u00e7\u00e3o da Ma\u00e7\u00e3 de Alcoba\u00e7a, potenciando as suas carater\u00edsticas \u00fanicas e diferenciadoras: maior intensidade de sabor agridoce, de cor e de aroma. Pequena e particularmente saborosa, a Ma\u00e7\u00e3 de Alcoba\u00e7a \u00e9 rica em fitonutrientes, antioxidantes e fibras, tornando-se perfeita para ser comida \u00e0 dentada, a qualquer hora e em qualquer lugar, e fazer parte de receitas saud\u00e1veis e saborosas, sejam doces ou salgadas.<\/p>\n<p>Para a APMA \u201co projeto define um posicionamento baseado no conceito Atlantic Apple, dado a Ma\u00e7\u00e3 de Alcoba\u00e7a ser a \u00fanica ma\u00e7\u00e3 com influ\u00eancia atl\u00e2ntica. As carater\u00edsticas diferenciadoras da Ma\u00e7\u00e3 de Alcoba\u00e7a devem-se \u00e0s intera\u00e7\u00f5es muitos especificas entre a maresia do atl\u00e2ntico e o terroir da \u00e1rea de produ\u00e7\u00e3o. O projeto valoriza, assim, a localiza\u00e7\u00e3o \u00fanica e diferenciadora da \u00e1rea de produ\u00e7\u00e3o da Ma\u00e7\u00e3 de Alcoba\u00e7a na parte ocidental da Europa\u201d.<\/p>\n<p>Para dar resposta a este desafio est\u00e3o a ser implementadas diversas a\u00e7\u00f5es de promo\u00e7\u00e3o e de marketing internacional em alguns mercados estrat\u00e9gicos, destacando-se o Brasil. A estrat\u00e9gia passa por aumentar a notoriedade da marca Ma\u00e7\u00e3 de Alcoba\u00e7a, atrav\u00e9s de comunica\u00e7\u00e3o e ativa\u00e7\u00f5es online e offline que permitam aumentar a presen\u00e7a da comunica\u00e7\u00e3o no ponto de venda, implementar a\u00e7\u00f5es de promo\u00e7\u00e3o e oferta do produto, aproximar o produto dos p\u00fablicos-alvo e dos seus espa\u00e7os e criar oportunidades para dar a conhecer os benef\u00edcios do produto.<\/p>\n<p><strong>Ma\u00e7\u00e3 de Alcoba\u00e7a \u00e9 considerada uma fileira agroalimentar diferenciadora, inovadora,\u00a0evolu\u00edda e reconhecida como a mais organizada do setor das frutas e legumes em Portugal<\/strong><\/p>\n<div id=\"attachment_22693\" style=\"width: 510px\" class=\"wp-caption alignleft\"><img loading=\"lazy\" decoding=\"async\" aria-describedby=\"caption-attachment-22693\" class=\"wp-image-22693 size-full\" src=\"https:\/\/tintafresca.net\/wp-content\/uploads\/2022\/12\/Maca-de-Alcobaca10.png\" alt=\"\" width=\"500\" height=\"332\" srcset=\"https:\/\/tintafresca.net\/wp-content\/uploads\/2022\/12\/Maca-de-Alcobaca10.png 500w, https:\/\/tintafresca.net\/wp-content\/uploads\/2022\/12\/Maca-de-Alcobaca10-300x199.png 300w\" sizes=\"auto, (max-width: 500px) 100vw, 500px\" \/><p id=\"caption-attachment-22693\" class=\"wp-caption-text\">Cartazes da campanha<\/p><\/div>\n<p>Fundada em 2001, A APMA &#8211; Associa\u00e7\u00e3o dos Produtores de Ma\u00e7\u00e3 de Alcoba\u00e7a \u00e9 a entidade gestora da Indica\u00e7\u00e3o Geogr\u00e1fica Protegida (IGP) \u201cMa\u00e7\u00e3 de Alcoba\u00e7a\u201d e detentora da Marca e imagem Coletiva. Constitu\u00edda por 22 associados, empresas e organiza\u00e7\u00f5es de produtores que produzem Ma\u00e7\u00e3 de Alcoba\u00e7a IGP, tem como miss\u00e3o a promo\u00e7\u00e3o e valoriza\u00e7\u00e3o das ma\u00e7\u00e3s qualificadas da regi\u00e3o Oeste e como principais objetivos: regular e gerir a marca regional Ma\u00e7\u00e3 de Alcoba\u00e7a IGP, diferenciar e evidenciar os principais valores e atributos, divulgar e promover a Ma\u00e7\u00e3 de Alcoba\u00e7a, valorizar as ma\u00e7\u00e3s e a atividade frut\u00edcola dos seus membros, estimular o consumo na perspetiva de h\u00e1bitos de alimenta\u00e7\u00e3o saud\u00e1veis e promover o associativismo e as parcerias entre os membros associados.<\/p>\n<p>Recorde-se que a Ma\u00e7\u00e3 de Alcoba\u00e7a \u00e9 considerada uma fileira agroalimentar diferenciadora, inovadora, evolu\u00edda e reconhecida pelo mercado e institui\u00e7\u00f5es oficiais como a mais organizada do setor das frutas e legumes em Portugal. Um exemplo not\u00e1vel de percurso, de orienta\u00e7\u00e3o, de estrat\u00e9gia produtiva e comercial e de afirma\u00e7\u00e3o positiva, que vive e pratica uma ruralidade moderna e respons\u00e1vel, baseado em muito e bom conhecimento t\u00e9cnico e cient\u00edfico e saber fazer secular.<\/p>\n<p>O elevado n\u00edvel de associativismo e a exist\u00eancia de variad\u00edssimas estrat\u00e9gias coletivas e comuns, permitem praticar uma produ\u00e7\u00e3o extremamente amiga do ambiente, tornando-a uma atividade que valoriza o territ\u00f3rio rural, o que atrai atualmente muitos novos empreendedores e jovens agricultores. Contribui, ainda, racionalmente para uma natureza regenerativa e bem cuidada e para a produ\u00e7\u00e3o de alimentos de elevada qualidade, saud\u00e1veis e seguros.<\/p>\n<p><strong>\u00a0 \u00a0 Fonte: |EC<\/strong><\/p>\n<p>&nbsp;<\/p>\n","protected":false},"excerpt":{"rendered":"<p>Conscientes de que a internacionaliza\u00e7\u00e3o \u00e9 uma alavanca indispens\u00e1vel para o crescimento econ\u00f3mico do setor, a APMA &#8211; Associa\u00e7\u00e3o dos Produtores de Ma\u00e7\u00e3 de Alcoba\u00e7a apresentou este s\u00e1bado, dia 3 dezembro, o \u201cProjeto de Promo\u00e7\u00e3o da Ma\u00e7\u00e3 de Alcoba\u00e7a em Mercados Externos\u201d, que pretende dar palco a \u201cuma nova onda de sabor vinda de Portugal\u201d [&hellip;]<\/p>\n","protected":false},"author":2,"featured_media":22695,"comment_status":"open","ping_status":"open","sticky":false,"template":"","format":"standard","meta":{"footnotes":""},"categories":[7],"tags":[],"class_list":["post-22690","post","type-post","status-publish","format-standard","has-post-thumbnail","hentry","category-economia"],"_links":{"self":[{"href":"https:\/\/tintafresca.net\/index.php\/wp-json\/wp\/v2\/posts\/22690","targetHints":{"allow":["GET"]}}],"collection":[{"href":"https:\/\/tintafresca.net\/index.php\/wp-json\/wp\/v2\/posts"}],"about":[{"href":"https:\/\/tintafresca.net\/index.php\/wp-json\/wp\/v2\/types\/post"}],"author":[{"embeddable":true,"href":"https:\/\/tintafresca.net\/index.php\/wp-json\/wp\/v2\/users\/2"}],"replies":[{"embeddable":true,"href":"https:\/\/tintafresca.net\/index.php\/wp-json\/wp\/v2\/comments?post=22690"}],"version-history":[{"count":4,"href":"https:\/\/tintafresca.net\/index.php\/wp-json\/wp\/v2\/posts\/22690\/revisions"}],"predecessor-version":[{"id":22697,"href":"https:\/\/tintafresca.net\/index.php\/wp-json\/wp\/v2\/posts\/22690\/revisions\/22697"}],"wp:featuredmedia":[{"embeddable":true,"href":"https:\/\/tintafresca.net\/index.php\/wp-json\/wp\/v2\/media\/22695"}],"wp:attachment":[{"href":"https:\/\/tintafresca.net\/index.php\/wp-json\/wp\/v2\/media?parent=22690"}],"wp:term":[{"taxonomy":"category","embeddable":true,"href":"https:\/\/tintafresca.net\/index.php\/wp-json\/wp\/v2\/categories?post=22690"},{"taxonomy":"post_tag","embeddable":true,"href":"https:\/\/tintafresca.net\/index.php\/wp-json\/wp\/v2\/tags?post=22690"}],"curies":[{"name":"wp","href":"https:\/\/api.w.org\/{rel}","templated":true}]}}