{"id":22698,"date":"2022-12-05T18:37:36","date_gmt":"2022-12-05T18:37:36","guid":{"rendered":"https:\/\/tintafresca.net\/?p=22698"},"modified":"2022-12-05T18:46:27","modified_gmt":"2022-12-05T18:46:27","slug":"centro-hospitalar-de-leiria-atualiza-plano-de-contingencia-de-saude-sazonal-para-outono-inverno-2022-2023","status":"publish","type":"post","link":"https:\/\/tintafresca.net\/index.php\/2022\/12\/05\/centro-hospitalar-de-leiria-atualiza-plano-de-contingencia-de-saude-sazonal-para-outono-inverno-2022-2023\/","title":{"rendered":"Centro Hospitalar de Leiria atualiza plano de conting\u00eancia de sa\u00fade sazonal Outono\/Inverno"},"content":{"rendered":"<div id=\"attachment_7674\" style=\"width: 360px\" class=\"wp-caption alignleft\"><img loading=\"lazy\" decoding=\"async\" aria-describedby=\"caption-attachment-7674\" class=\"wp-image-7674\" src=\"https:\/\/tintafresca.net\/wp-content\/uploads\/2021\/08\/Hospital_santo_andre010.jpg\" alt=\"\" width=\"350\" height=\"410\" \/><p id=\"caption-attachment-7674\" class=\"wp-caption-text\">Hospital de Santo Andr\u00e9<\/p><\/div>\n<p><strong>\u00a0<\/strong>O Conselho de Administra\u00e7\u00e3o do Centro Hospitalar de Leiria (CHL) tem vindo a tomar v\u00e1rias medidas para preparar e responder \u00e0 esta\u00e7\u00e3o do ano que se aproxima, atualizando o seu plano de conting\u00eancia de sa\u00fade sazonal, relativa ao Outono\/Inverno 2022-23, em que define uma estrat\u00e9gia para a resposta adequada aos utentes e profissionais, no que diz respeito ao risco sazonal, e ainda \u00e0 Covid-19.<\/p>\n<p>As principais medidas incluem a finaliza\u00e7\u00e3o do programa de vacina\u00e7\u00e3o de todos os profissionais do CHL para os v\u00edrus da gripe sazonal e do refor\u00e7o da vacina\u00e7\u00e3o da Covid-19, iniciado em outubro; o acompanhamento da evolu\u00e7\u00e3o epidemiol\u00f3gica dos casos de Covid-19 e seus contactos dentro da institui\u00e7\u00e3o e na sua \u00e1rea geogr\u00e1fica de influ\u00eancia; o refor\u00e7o da articula\u00e7\u00e3o com os cuidados de sa\u00fade prim\u00e1rios, incluindo o encaminhamento de situa\u00e7\u00f5es n\u00e3o urgentes; o est\u00edmulo \u00e0 expans\u00e3o da hospitaliza\u00e7\u00e3o domicili\u00e1ria e reativa\u00e7\u00e3o dos circuitos para avalia\u00e7\u00e3o pr\u00e9-operat\u00f3ria para cirurgia eletiva e de ambulat\u00f3rio.<\/p>\n<p>O plano de conting\u00eancia de sa\u00fade sazonal comporta ainda duas fases de implementa\u00e7\u00e3o: a fase 1, em que a procura dos servi\u00e7os \u00e9 ligeira a moderada e permite a coexist\u00eancia da atividade assistencial n\u00e3o Covid, mantendo-se toda a atividade assistencial nas v\u00e1rias institui\u00e7\u00f5es do CHL (Hospital de Alcoba\u00e7a Bernardino Lopes de Oliveira, Hospital de Santo Andr\u00e9 e Hospital Distrital de Pombal), com \u00e1reas de internamento espec\u00edficas para doentes com infe\u00e7\u00e3o por Covid-19 no Hospital de Santo Andr\u00e9.<\/p>\n<p>A fase 2, para dar resposta a uma press\u00e3o mais elevada e muito elevada, onde ser\u00e3o reorganizados os servi\u00e7os de internamento das institui\u00e7\u00f5es do CHL para expans\u00e3o de \u00e1reas de internamento dedicadas a doentes infetados com Covid-19 no HSA, com redu\u00e7\u00e3o da atividade assistencial programada, sendo ativado um grupo de gest\u00e3o de crise, em articula\u00e7\u00e3o com o Servi\u00e7o de Seguran\u00e7a e Sa\u00fade no Trabalho e o Grupo Coordenador Local do Programa de Preven\u00e7\u00e3o e Controlo de Infe\u00e7\u00f5es e de Resist\u00eancia aos Antimicrobianos (GCL-PPCIRA).<\/p>\n<p>O documento do CHL engloba a quest\u00e3o da sobrecarga dos Servi\u00e7os de Urg\u00eancia, considerando que, de forma a uma maximiza\u00e7\u00e3o da resposta da rede hospitalar, os doentes triados como \u201cpouco urgentes\u201d e \u201cn\u00e3o urgentes\u201d sejam encaminhados para a rede de cuidados prim\u00e1rios, de acordo com a sua capacidade de resposta.<\/p>\n<p>Al\u00e9m do plano de conting\u00eancia Outono\/Inverno do CHL, est\u00e3o igualmente a ser consideradas as medidas anunciadas recentemente pelo Minist\u00e9rio da Sa\u00fade contidas no Plano Estrat\u00e9gico para a Resposta Sazonal em Sa\u00fade \u2013 Inverno 2022-2023, que visa preparar e responder perante a continuidade e previs\u00edvel intensifica\u00e7\u00e3o da transmiss\u00e3o do v\u00edrus SARS-CoV-2, bem como as restantes infe\u00e7\u00f5es nas crian\u00e7as e nos adultos durante o Inverno, como a gripe e outros v\u00edrus respirat\u00f3rios.<\/p>\n<p>O Plano define ainda como medidas preventivas e de conten\u00e7\u00e3o \u201cmanter a obrigatoriedade do uso de m\u00e1scaras nos servi\u00e7os de Sa\u00fade; recomendar o uso de m\u00e1scaras pelas pessoas com sintomas sugestivos de infe\u00e7\u00f5es respirat\u00f3rias, assim como em ambientes fechados nos per\u00edodos de maior incid\u00eancia de infe\u00e7\u00f5es respirat\u00f3rias na comunidade; recomendar a redu\u00e7\u00e3o volunt\u00e1ria de contactos sociais perante sintomatologia sugestiva de infe\u00e7\u00f5es respirat\u00f3rias; promover a ventila\u00e7\u00e3o adequada de espa\u00e7os fechados; e refor\u00e7ar a preven\u00e7\u00e3o e controlo de infe\u00e7\u00f5es multirresistentes associadas aos cuidados de sa\u00fade\u201d.<\/p>\n<p>\u00abPrev\u00ea-se a intensifica\u00e7\u00e3o da transmiss\u00e3o do SARS-CoV-2 nos pr\u00f3ximos meses, bem como a hip\u00f3tese de surgirem novas estirpes do v\u00edrus, pelo que \u00e9 preciso continuarmos atentos e n\u00e3o baixar a guarda. Quanto \u00e0s infe\u00e7\u00f5es respirat\u00f3rias, v\u00edricas e bacterianas, j\u00e1 se denota nos nossos registos que chegaram mais cedo, com uma maior incid\u00eancia quer em crian\u00e7as, quer em adultos. \u00c9, portanto, fundamental que cada um de n\u00f3s assegure o seu autocuidado e recorra ao m\u00e9dico de fam\u00edlia ou assistente para as situa\u00e7\u00f5es n\u00e3o urgentes\u00bb, recomenda Lic\u00ednio de Carvalho, presidente do Conselho de Administra\u00e7\u00e3o do CHL.<\/p>\n<p>O plano do Minist\u00e9rio da Sa\u00fade ainda inclui a otimiza\u00e7\u00e3o da articula\u00e7\u00e3o e da resposta da Linha SNS 24, dos cuidados de sa\u00fade prim\u00e1rios, com a ativa\u00e7\u00e3o de unidades com hor\u00e1rios alargados e consultas complementares, e dos servi\u00e7os de Urg\u00eancia Hospitalar, de acordo com a monitoriza\u00e7\u00e3o da procura.<\/p>\n<p>\u00abOs procedimentos e estrat\u00e9gias est\u00e3o continuamente a ser revistos e adaptados ao per\u00edodo sazonal do ano e \u00e0 evolu\u00e7\u00e3o epidemiol\u00f3gica, dado que ainda n\u00e3o foi anunciado o fim da pandemia. Os profissionais do CHL v\u00e3o continuar a prestar todos os n\u00edveis de cuidados \u00e0 comunidade que serve, tentando sempre gerir e articular da forma mais eficiente a sua rede, com os ajustes necess\u00e1rios nas suas estruturas\u00bb, destaca Lic\u00ednio de Carvalho. \u00abMas importa sublinhar que tamb\u00e9m cabe ao cidad\u00e3o saber usar do melhor modo os meios dispon\u00edveis e aceder de forma adequada aos cuidados de sa\u00fade existentes, para o funcionamento mais eficiente dos servi\u00e7os de sa\u00fade, sejam prim\u00e1rios, hospitalares ou continuados.\u00bb<\/p>\n<p><strong>\u00a0 \u00a0 \u00a0 \u00a0Fonte: Midlandcom<\/strong><\/p>\n","protected":false},"excerpt":{"rendered":"<p>\u00a0O Conselho de Administra\u00e7\u00e3o do Centro Hospitalar de Leiria (CHL) tem vindo a tomar v\u00e1rias medidas para preparar e responder \u00e0 esta\u00e7\u00e3o do ano que se aproxima, atualizando o seu plano de conting\u00eancia de sa\u00fade sazonal, relativa ao Outono\/Inverno 2022-23, em que define uma estrat\u00e9gia para a resposta adequada aos utentes e profissionais, no que [&hellip;]<\/p>\n","protected":false},"author":2,"featured_media":7674,"comment_status":"open","ping_status":"open","sticky":false,"template":"","format":"standard","meta":{"footnotes":""},"categories":[6],"tags":[],"class_list":["post-22698","post","type-post","status-publish","format-standard","has-post-thumbnail","hentry","category-saude"],"_links":{"self":[{"href":"https:\/\/tintafresca.net\/index.php\/wp-json\/wp\/v2\/posts\/22698","targetHints":{"allow":["GET"]}}],"collection":[{"href":"https:\/\/tintafresca.net\/index.php\/wp-json\/wp\/v2\/posts"}],"about":[{"href":"https:\/\/tintafresca.net\/index.php\/wp-json\/wp\/v2\/types\/post"}],"author":[{"embeddable":true,"href":"https:\/\/tintafresca.net\/index.php\/wp-json\/wp\/v2\/users\/2"}],"replies":[{"embeddable":true,"href":"https:\/\/tintafresca.net\/index.php\/wp-json\/wp\/v2\/comments?post=22698"}],"version-history":[{"count":3,"href":"https:\/\/tintafresca.net\/index.php\/wp-json\/wp\/v2\/posts\/22698\/revisions"}],"predecessor-version":[{"id":22701,"href":"https:\/\/tintafresca.net\/index.php\/wp-json\/wp\/v2\/posts\/22698\/revisions\/22701"}],"wp:featuredmedia":[{"embeddable":true,"href":"https:\/\/tintafresca.net\/index.php\/wp-json\/wp\/v2\/media\/7674"}],"wp:attachment":[{"href":"https:\/\/tintafresca.net\/index.php\/wp-json\/wp\/v2\/media?parent=22698"}],"wp:term":[{"taxonomy":"category","embeddable":true,"href":"https:\/\/tintafresca.net\/index.php\/wp-json\/wp\/v2\/categories?post=22698"},{"taxonomy":"post_tag","embeddable":true,"href":"https:\/\/tintafresca.net\/index.php\/wp-json\/wp\/v2\/tags?post=22698"}],"curies":[{"name":"wp","href":"https:\/\/api.w.org\/{rel}","templated":true}]}}