{"id":22764,"date":"2022-12-07T11:31:57","date_gmt":"2022-12-07T11:31:57","guid":{"rendered":"https:\/\/tintafresca.net\/?p=22764"},"modified":"2022-12-08T10:25:41","modified_gmt":"2022-12-08T10:25:41","slug":"ana-abrunhosa-projetos-de-alcobaca-candidatados-a-fundos-europeus-superam-100-milhoes-de-euros","status":"publish","type":"post","link":"https:\/\/tintafresca.net\/index.php\/2022\/12\/07\/ana-abrunhosa-projetos-de-alcobaca-candidatados-a-fundos-europeus-superam-100-milhoes-de-euros\/","title":{"rendered":"Ana Abrunhosa: projetos de Alcoba\u00e7a candidatos a fundos europeus superam 100 milh\u00f5es de euros"},"content":{"rendered":"<div id=\"attachment_22766\" style=\"width: 510px\" class=\"wp-caption alignleft\"><img loading=\"lazy\" decoding=\"async\" aria-describedby=\"caption-attachment-22766\" class=\"wp-image-22766 size-full\" src=\"https:\/\/tintafresca.net\/wp-content\/uploads\/2022\/12\/Alcobaca_Ceramica_Sao_Bernardo20.jpg\" alt=\"\" width=\"500\" height=\"333\" srcset=\"https:\/\/tintafresca.net\/wp-content\/uploads\/2022\/12\/Alcobaca_Ceramica_Sao_Bernardo20.jpg 500w, https:\/\/tintafresca.net\/wp-content\/uploads\/2022\/12\/Alcobaca_Ceramica_Sao_Bernardo20-300x200.jpg 300w\" sizes=\"auto, (max-width: 500px) 100vw, 500px\" \/><p id=\"caption-attachment-22766\" class=\"wp-caption-text\">Elsa Almeida, Herm\u00ednio Rodrigues, Isabel Damasceno e Ana Abrunhosa na visita \u00e0 Cer\u00e2mica S\u00e3o Bernardo<\/p><\/div>\n<p style=\"background: white; margin: 3.75pt 0cm 3.75pt 0cm;\"><span style=\"color: #333333;\">A ministra da Coes\u00e3o Territorial, Ana Abrunhosa, sublinhou, numa visita de cortesia realizada esta segunda-feira, dia 5 de dezembro, \u00e0 empresa de cer\u00e2mica Perp\u00e9tua, Pereira &amp; Almeida, sediada na freguesia de \u00c9vora de Alcoba\u00e7a, &#8220;o facto de Alcoba\u00e7a ser, no \u00e2mbito do Portugal 2020, dos concelhos com maior n\u00famero de projetos candidatados a fundos comunit\u00e1rios num montante superior a 100 milh\u00f5es de euros. S\u00e3o n\u00fameros que revelam o dinamismo desta regi\u00e3o.&#8221;<\/span><\/p>\n<p style=\"background: white; margin: 3.75pt 0cm 3.75pt 0cm;\"><span style=\"color: #333333;\">\u00a0<\/span><\/p>\n<p style=\"background: white; box-sizing: border-box; font-variant-ligatures: normal; font-variant-caps: normal; orphans: 2; widows: 2; -webkit-text-stroke-width: 0px; text-decoration-thickness: initial; text-decoration-style: initial; text-decoration-color: initial; word-spacing: 0px; margin: 3.75pt 0cm 3.75pt 0cm;\"><span style=\"color: #333333;\">Por sua vez, o presidente da C\u00e2mara Municipal de Alcoba\u00e7a agradeceu a presen\u00e7a regular e importante da ministra nos momentos mais marcantes da hist\u00f3ria recente do concelho de Alcoba\u00e7a. Herm\u00ednio Rodrigues destacou tamb\u00e9m o setor da cer\u00e2mica como sendo &#8220;um verdadeiro exemplo de resili\u00eancia perante os sucessivos constrangimentos dos \u00faltimos anos, nomeadamente as crises financeiras, pand\u00e9micas e mais recentemente energ\u00e9ticas.&#8221;<\/span><\/p>\n<p style=\"background: white; box-sizing: border-box; font-variant-ligatures: normal; font-variant-caps: normal; orphans: 2; widows: 2; -webkit-text-stroke-width: 0px; text-decoration-thickness: initial; text-decoration-style: initial; text-decoration-color: initial; word-spacing: 0px; margin: 3.75pt 0cm 3.75pt 0cm;\"><span style=\"color: #333333;\">\u00a0<\/span><\/p>\n<p style=\"background: white; box-sizing: border-box; font-variant-ligatures: normal; font-variant-caps: normal; orphans: 2; widows: 2; -webkit-text-stroke-width: 0px; text-decoration-thickness: initial; text-decoration-style: initial; text-decoration-color: initial; word-spacing: 0px; margin: 3.75pt 0cm 3.75pt 0cm;\"><span style=\"color: #333333;\">O autarca recordou o peso estrat\u00e9gico (17%) do setor da cer\u00e2mica do concelho nas exporta\u00e7\u00f5es nacionais de produtos cer\u00e2micos. N\u00fameros, de resto, refor\u00e7ados pelo presidente da APICER &#8211; Associa\u00e7\u00e3o Portuguesa das Ind\u00fastrias de Cer\u00e2mica e Cristalaria, Jos\u00e9 Manuel da Cruz Pratas, que destacou entre, outros dados, os mais de mil milh\u00f5es de euros que o setor gera anualmente a n\u00edvel de volume de neg\u00f3cios.<\/span><\/p>\n<p style=\"background: white; box-sizing: border-box; font-variant-ligatures: normal; font-variant-caps: normal; orphans: 2; widows: 2; -webkit-text-stroke-width: 0px; text-decoration-thickness: initial; text-decoration-style: initial; text-decoration-color: initial; word-spacing: 0px; margin: 3.75pt 0cm 3.75pt 0cm;\"><span style=\"color: #333333;\">\u00a0<\/span><\/p>\n<p style=\"background: white; box-sizing: border-box; font-variant-ligatures: normal; font-variant-caps: normal; orphans: 2; widows: 2; -webkit-text-stroke-width: 0px; text-decoration-thickness: initial; text-decoration-style: initial; text-decoration-color: initial; word-spacing: 0px; margin: 3.75pt 0cm 3.75pt 0cm;\"><span style=\"color: #333333;\">Herm\u00ednio Rodrigues lan\u00e7ou tamb\u00e9m o desafio \u00e0 ministra da Coes\u00e3o Territorial para apoiar a cria\u00e7\u00e3o do Centro de Investiga\u00e7\u00e3o e Experimenta\u00e7\u00e3o Agr\u00edcola, Gastron\u00f3mica e Tecnol\u00f3gica, &#8220;um projeto estrutural e estrat\u00e9gico que, pela sua dimens\u00e3o econ\u00f3mica, social e cultural, ir\u00e1 refor\u00e7ar os \u00edndices de coes\u00e3o territorial do concelho de Alcoba\u00e7a.&#8221;<\/span><\/p>\n<p><strong>\u00a0 \u00a0 Fonte: GAP|CMA<\/strong><\/p>\n","protected":false},"excerpt":{"rendered":"<p>A ministra da Coes\u00e3o Territorial, Ana Abrunhosa, sublinhou, numa visita de cortesia realizada esta segunda-feira, dia 5 de dezembro, \u00e0 empresa de cer\u00e2mica Perp\u00e9tua, Pereira &amp; Almeida, sediada na freguesia de \u00c9vora de Alcoba\u00e7a, &#8220;o facto de Alcoba\u00e7a ser, no \u00e2mbito do Portugal 2020, dos concelhos com maior n\u00famero de projetos candidatados a fundos comunit\u00e1rios [&hellip;]<\/p>\n","protected":false},"author":2,"featured_media":22767,"comment_status":"open","ping_status":"open","sticky":false,"template":"","format":"standard","meta":{"footnotes":""},"categories":[7],"tags":[],"class_list":["post-22764","post","type-post","status-publish","format-standard","has-post-thumbnail","hentry","category-economia"],"_links":{"self":[{"href":"https:\/\/tintafresca.net\/index.php\/wp-json\/wp\/v2\/posts\/22764","targetHints":{"allow":["GET"]}}],"collection":[{"href":"https:\/\/tintafresca.net\/index.php\/wp-json\/wp\/v2\/posts"}],"about":[{"href":"https:\/\/tintafresca.net\/index.php\/wp-json\/wp\/v2\/types\/post"}],"author":[{"embeddable":true,"href":"https:\/\/tintafresca.net\/index.php\/wp-json\/wp\/v2\/users\/2"}],"replies":[{"embeddable":true,"href":"https:\/\/tintafresca.net\/index.php\/wp-json\/wp\/v2\/comments?post=22764"}],"version-history":[{"count":9,"href":"https:\/\/tintafresca.net\/index.php\/wp-json\/wp\/v2\/posts\/22764\/revisions"}],"predecessor-version":[{"id":22809,"href":"https:\/\/tintafresca.net\/index.php\/wp-json\/wp\/v2\/posts\/22764\/revisions\/22809"}],"wp:featuredmedia":[{"embeddable":true,"href":"https:\/\/tintafresca.net\/index.php\/wp-json\/wp\/v2\/media\/22767"}],"wp:attachment":[{"href":"https:\/\/tintafresca.net\/index.php\/wp-json\/wp\/v2\/media?parent=22764"}],"wp:term":[{"taxonomy":"category","embeddable":true,"href":"https:\/\/tintafresca.net\/index.php\/wp-json\/wp\/v2\/categories?post=22764"},{"taxonomy":"post_tag","embeddable":true,"href":"https:\/\/tintafresca.net\/index.php\/wp-json\/wp\/v2\/tags?post=22764"}],"curies":[{"name":"wp","href":"https:\/\/api.w.org\/{rel}","templated":true}]}}