{"id":22803,"date":"2022-12-08T10:02:47","date_gmt":"2022-12-08T10:02:47","guid":{"rendered":"https:\/\/tintafresca.net\/?p=22803"},"modified":"2022-12-08T10:13:16","modified_gmt":"2022-12-08T10:13:16","slug":"camara-municipal-de-torres-novas-aprova-plano-de-de-combate-a-crise-energetica","status":"publish","type":"post","link":"https:\/\/tintafresca.net\/index.php\/2022\/12\/08\/camara-municipal-de-torres-novas-aprova-plano-de-de-combate-a-crise-energetica\/","title":{"rendered":"C\u00e2mara Municipal de Torres Novas aprova plano de combate \u00e0 crise energ\u00e9tica"},"content":{"rendered":"<div id=\"attachment_22805\" style=\"width: 510px\" class=\"wp-caption alignleft\"><img loading=\"lazy\" decoding=\"async\" aria-describedby=\"caption-attachment-22805\" class=\"wp-image-22805 size-full\" src=\"https:\/\/tintafresca.net\/wp-content\/uploads\/2022\/12\/TN_Convento-do-Carmo10.jpg\" alt=\"\" width=\"500\" height=\"281\" srcset=\"https:\/\/tintafresca.net\/wp-content\/uploads\/2022\/12\/TN_Convento-do-Carmo10.jpg 500w, https:\/\/tintafresca.net\/wp-content\/uploads\/2022\/12\/TN_Convento-do-Carmo10-300x169.jpg 300w\" sizes=\"auto, (max-width: 500px) 100vw, 500px\" \/><p id=\"caption-attachment-22805\" class=\"wp-caption-text\">Convento do Carmo<\/p><\/div>\n<p>A C\u00e2mara Municipal de Torres Novas aprovou esta quarta-feira, dia 7 de dezembro, por unanimidade (7 votos), em reuni\u00e3o ordin\u00e1ria privada, um conjunto de medidas de combate \u00e0 crise energ\u00e9tica, a implementar em equipamentos municipais bem como nos espa\u00e7os p\u00fablicos. Esta proposta desenvolve-se em torno de 5 eixos principais: ilumina\u00e7\u00e3o p\u00fablica; energia nos edif\u00edcios p\u00fablicos; efici\u00eancia h\u00eddrica nos espa\u00e7os p\u00fablicos; mobilidade; informa\u00e7\u00e3o e sensibiliza\u00e7\u00e3o.<\/p>\n<p>Este plano visa dar resposta \u00e0s preocupa\u00e7\u00f5es ambientais (contribuindo para a mitiga\u00e7\u00e3o das altera\u00e7\u00f5es clim\u00e1ticas), bem como \u00e0 crise energ\u00e9tica que tem originado dificuldades e perturba\u00e7\u00f5es no mercado mundial de energia.<\/p>\n<p>Em linha com a Resolu\u00e7\u00e3o do Conselho de Ministros n.\u00ba 82\/2022, de 27 de Setembro, \u00e9 apresentado um conjunto de a\u00e7\u00f5es, que procuram dar cumprimento ao Plano de Poupan\u00e7a de Energia 2022-2023, e para o qual se solicita a melhor colabora\u00e7\u00e3o de todos os mun\u00edcipes.<\/p>\n<p>Medidas:<\/p>\n<p>Ilumina\u00e7\u00e3o P\u00fablica<\/p>\n<ul>\n<li>Reduzir em 25 % a utiliza\u00e7\u00e3o de ilumina\u00e7\u00e3o p\u00fablica;<\/li>\n<li>Ajustar os hor\u00e1rios de funcionamento da ilumina\u00e7\u00e3o p\u00fablica, de acordo com o rel\u00f3gio astron\u00f3mico: 20 minutos ap\u00f3s o p\u00f4r do sol e at\u00e9 60 minutos antes do nascer do sol;<\/li>\n<li>Restringir a ilumina\u00e7\u00e3o p\u00fablica em monumentos, ajustando os per\u00edodos de utiliza\u00e7\u00e3o de acordo com o rel\u00f3gio astron\u00f3mico: 20 minutos ap\u00f3s o p\u00f4r do sol e at\u00e9 \u00e0s 23h;<\/li>\n<li>Ajustar os per\u00edodos de utiliza\u00e7\u00e3o da ilumina\u00e7\u00e3o natal\u00edcia para o hor\u00e1rio entre as 17h30 e as 23h00;<\/li>\n<li>Desligar uma unidade de ilumina\u00e7\u00e3o nas lumin\u00e1rias duplas;<\/li>\n<li>Desligar a ilumina\u00e7\u00e3o nas rotundas e o funcionamento el\u00e9trico das fontes;<\/li>\n<li>Continuar a substitui\u00e7\u00e3o da ilumina\u00e7\u00e3o p\u00fablica, por ilumina\u00e7\u00e3o de tecnologia LED de alto desempenho energ\u00e9tico.<\/li>\n<\/ul>\n<p><strong>Edif\u00edcios p\u00fablicos \u2013 energia<\/strong><\/p>\n<ul>\n<li>Desligar ilumina\u00e7\u00e3o e equipamentos nos edif\u00edcios do Munic\u00edpio, sempre que o espa\u00e7o n\u00e3o esteja em uso e ap\u00f3s o hor\u00e1rio de trabalho;<\/li>\n<li>Promover uma maior utiliza\u00e7\u00e3o de luz natural, reduzindo a ilumina\u00e7\u00e3o acesa, salvaguardando os valores legais necess\u00e1rios a locais de trabalho;<\/li>\n<li>Continuar a substitui\u00e7\u00e3o da ilumina\u00e7\u00e3o interior por ilumina\u00e7\u00e3o de tecnologia LED;<\/li>\n<li>Manter portas e janelas fechadas, em espa\u00e7os com sistema de climatiza\u00e7\u00e3o ligado;<\/li>\n<li>Desligar o aquecimento em espa\u00e7os vazios, corredores, \u00e1trios, vest\u00edbulos ou escadas de edif\u00edcios\/escrit\u00f3rios p\u00fablicos;<\/li>\n<li>Regular as temperaturas dos equipamentos de climatiza\u00e7\u00e3o interior, para o m\u00e1ximo de 1S\u00baC no inverno e o m\u00ednimo de 25\u00baC no ver\u00e3o;<\/li>\n<li>Desligar os aparelhos de climatiza\u00e7\u00e3o como escalfetas e termoventiladores;<\/li>\n<li>Promover localmente a eletricidade atrav\u00e9s de sistemas de aproveitamento de fontes de energia renov\u00e1vel;<\/li>\n<li>Continuar investimentos relacionados com a efici\u00eancia energ\u00e9tica dos edif\u00edcios p\u00fablicos.<\/li>\n<\/ul>\n<p><strong>Espa\u00e7os p\u00fablicos \u2013 efici\u00eancia h\u00eddrica<\/strong><\/p>\n<ul>\n<li>Continuar a redu\u00e7\u00e3o dos hor\u00e1rios de rega;<\/li>\n<li>Promover a instala\u00e7\u00e3o de sensores de humidade nos espa\u00e7os verdes;<\/li>\n<li>Promover a planta\u00e7\u00e3o de esp\u00e9cies com baixa necessidade de rega, apropriadas ao clima e terra;<\/li>\n<li>Realizar de 22 auditorias de efici\u00eancia h\u00eddrica em edif\u00edcios p\u00fablicos, adotando o princ\u00edpio geral dos 5R da efici\u00eancia h\u00eddrica:<\/li>\n<\/ul>\n<ol>\n<li>a)\u00a0\u00a0\u00a0\u00a0\u00a0\u00a0 Reduzir os consumos atrav\u00e9s do uso de produtos eficientes;<\/li>\n<li>b)\u00a0\u00a0\u00a0\u00a0\u00a0\u00a0 Reduzir as perdas e desperd\u00edcios;<\/li>\n<li>c)\u00a0\u00a0\u00a0\u00a0\u00a0\u00a0 Reciclar a \u00e1gua;<\/li>\n<li>d)\u00a0\u00a0\u00a0\u00a0\u00a0\u00a0 Reutilizar a \u00e1gua;<\/li>\n<li>e)\u00a0\u00a0\u00a0\u00a0\u00a0\u00a0 Recorrer a origens alternativas.<\/li>\n<\/ol>\n<p><strong>Mobilidade<\/strong><\/p>\n<ul>\n<li>Recomendar o uso de transportes p\u00fablicos;<\/li>\n<li>Instalar e promover a utiliza\u00e7\u00e3o das bicicletas el\u00e9tricas &#8220;BUTE&#8221;;<\/li>\n<li>Incentivar a utiliza\u00e7\u00e3o em pequenas desloca\u00e7\u00f5es dos funcion\u00e1rios municipais de trotinetes el\u00e9tricas;<\/li>\n<li>Adquirir mais 3 viaturas el\u00e9tricas para a Frota Municipal (Candidatura Fundo Ambiental);<\/li>\n<li>Privilegiar a realiza\u00e7\u00e3o de reuni\u00f5es por via digital e evitadas desloca\u00e7\u00f5es n\u00e3o necess\u00e1rias.<\/li>\n<\/ul>\n<p><strong>Informa\u00e7\u00e3o e sensibiliza\u00e7\u00e3o<\/strong><\/p>\n<ul>\n<li>Recomendar o uso eficiente dos aparelhos el\u00e9tricos e eletr\u00f3nicos (e.g. desligar equipamentos em standby fora dos momentos de uso, usar as escadas em vez do elevador.);<\/li>\n<li>Recomendar restri\u00e7\u00f5es de temperatura interior (incluindo gest\u00e3o dos sistemas, medidas de conforto adaptativo);<\/li>\n<li>Realizar campanha de comunica\u00e7\u00e3o e sensibiliza\u00e7\u00e3o para diferentes p\u00fablicos-alvo, visando a redu\u00e7\u00e3o do consumo de energia e \u00e1gua;<\/li>\n<li>Atualizar os Planos Nacionais\/Locais de Energia e A\u00e7\u00e3o Clim\u00e1tica;<\/li>\n<li>Concurso &#8220;Escola que Reduz&#8221; &#8211; Desafio lan\u00e7ado \u00e0s escolas p\u00fablicas, com o objetivo de reduzir os consumos de \u00e1gua, energia e res\u00edduos. 50% do valor associado \u00e0 redu\u00e7\u00e3o da escola, que maior quantidade reduzir, ser\u00e1 investido pelo munic\u00edpio em material para a respetiva escola. As restantes ter\u00e3o uma comparticipa\u00e7\u00e3o de 33%;<\/li>\n<li>Realiza\u00e7\u00e3o de estudo para instala\u00e7\u00e3o de uma comunidade de energia renov\u00e1vel (CER) nos edif\u00edcios p\u00fablicos;<\/li>\n<li>Desenvolvimento do Plano Municipal de A\u00e7\u00e3o Clim\u00e1tica;<\/li>\n<li>Sensibiliza\u00e7\u00e3o para a ado\u00e7\u00e3o de comportamentos mais eficientes, ao sector privado (incluindo ind\u00fastria, com\u00e9rcio, servi\u00e7os e cidad\u00e3os).<strong>Fonte: DTICMA|CMTN<\/strong><\/li>\n<\/ul>\n<p>&nbsp;<\/p>\n","protected":false},"excerpt":{"rendered":"<p>A C\u00e2mara Municipal de Torres Novas aprovou esta quarta-feira, dia 7 de dezembro, por unanimidade (7 votos), em reuni\u00e3o ordin\u00e1ria privada, um conjunto de medidas de combate \u00e0 crise energ\u00e9tica, a implementar em equipamentos municipais bem como nos espa\u00e7os p\u00fablicos. Esta proposta desenvolve-se em torno de 5 eixos principais: ilumina\u00e7\u00e3o p\u00fablica; energia nos edif\u00edcios p\u00fablicos; [&hellip;]<\/p>\n","protected":false},"author":2,"featured_media":22806,"comment_status":"open","ping_status":"open","sticky":false,"template":"","format":"standard","meta":{"footnotes":""},"categories":[9,7],"tags":[],"class_list":["post-22803","post","type-post","status-publish","format-standard","has-post-thumbnail","hentry","category-ambiente","category-economia"],"_links":{"self":[{"href":"https:\/\/tintafresca.net\/index.php\/wp-json\/wp\/v2\/posts\/22803","targetHints":{"allow":["GET"]}}],"collection":[{"href":"https:\/\/tintafresca.net\/index.php\/wp-json\/wp\/v2\/posts"}],"about":[{"href":"https:\/\/tintafresca.net\/index.php\/wp-json\/wp\/v2\/types\/post"}],"author":[{"embeddable":true,"href":"https:\/\/tintafresca.net\/index.php\/wp-json\/wp\/v2\/users\/2"}],"replies":[{"embeddable":true,"href":"https:\/\/tintafresca.net\/index.php\/wp-json\/wp\/v2\/comments?post=22803"}],"version-history":[{"count":3,"href":"https:\/\/tintafresca.net\/index.php\/wp-json\/wp\/v2\/posts\/22803\/revisions"}],"predecessor-version":[{"id":22808,"href":"https:\/\/tintafresca.net\/index.php\/wp-json\/wp\/v2\/posts\/22803\/revisions\/22808"}],"wp:featuredmedia":[{"embeddable":true,"href":"https:\/\/tintafresca.net\/index.php\/wp-json\/wp\/v2\/media\/22806"}],"wp:attachment":[{"href":"https:\/\/tintafresca.net\/index.php\/wp-json\/wp\/v2\/media?parent=22803"}],"wp:term":[{"taxonomy":"category","embeddable":true,"href":"https:\/\/tintafresca.net\/index.php\/wp-json\/wp\/v2\/categories?post=22803"},{"taxonomy":"post_tag","embeddable":true,"href":"https:\/\/tintafresca.net\/index.php\/wp-json\/wp\/v2\/tags?post=22803"}],"curies":[{"name":"wp","href":"https:\/\/api.w.org\/{rel}","templated":true}]}}