{"id":22859,"date":"2022-12-09T19:04:26","date_gmt":"2022-12-09T19:04:26","guid":{"rendered":"https:\/\/tintafresca.net\/?p=22859"},"modified":"2022-12-09T19:18:57","modified_gmt":"2022-12-09T19:18:57","slug":"quatro-centros-de-saude-do-distrito-de-santarem-vao-ter-horario-alargado","status":"publish","type":"post","link":"https:\/\/tintafresca.net\/index.php\/2022\/12\/09\/quatro-centros-de-saude-do-distrito-de-santarem-vao-ter-horario-alargado\/","title":{"rendered":"Quatro centros de sa\u00fade do Distrito de Santar\u00e9m v\u00e3o ter hor\u00e1rio alargado"},"content":{"rendered":"<div id=\"attachment_22863\" style=\"width: 510px\" class=\"wp-caption alignleft\"><img loading=\"lazy\" decoding=\"async\" aria-describedby=\"caption-attachment-22863\" class=\"wp-image-22863 size-full\" src=\"https:\/\/tintafresca.net\/wp-content\/uploads\/2022\/12\/Santarem_Horarios-alargados-centros-de-saude_9_12_22_10.png\" alt=\"\" width=\"500\" height=\"286\" srcset=\"https:\/\/tintafresca.net\/wp-content\/uploads\/2022\/12\/Santarem_Horarios-alargados-centros-de-saude_9_12_22_10.png 500w, https:\/\/tintafresca.net\/wp-content\/uploads\/2022\/12\/Santarem_Horarios-alargados-centros-de-saude_9_12_22_10-300x172.png 300w\" sizes=\"auto, (max-width: 500px) 100vw, 500px\" \/><p id=\"caption-attachment-22863\" class=\"wp-caption-text\">Hor\u00e1rio dos Centros de Sa\u00fade<\/p><\/div>\n<p>A partir de s\u00e1bado, 10 de dezembro, quatro centros de sa\u00fade da Regi\u00e3o de Santar\u00e9m v\u00e3o estar a funcionar em hor\u00e1rio alargado, como alternativa \u00e0 procura dos servi\u00e7os de urg\u00eancia dos hospitais para situa\u00e7\u00f5es n\u00e3o urgentes. Cartaxo, Coruche, Rio Maior e Santar\u00e9m s\u00e3o os locais que passam a ter um hor\u00e1rio de atendimento alargado.<\/p>\n<p>Face \u00e0 not\u00edcia, o Hospital Distrital de Santar\u00e9m lembra que \u201ca procura de cuidados m\u00e9dicos urgentes para situa\u00e7\u00f5es que n\u00e3o o justificam tem um efeito negativo, de sobrecarga de utiliza\u00e7\u00e3o dos servi\u00e7os do Servi\u00e7o Nacional de Sa\u00fade (SNS), tanto a n\u00edvel dos cuidados prestados aos doentes em situa\u00e7\u00e3o aguda, como para os doentes que os procuram indevidamente\u201d.<\/p>\n<p>O HDS sublinha a import\u00e2ncia dos utentes procurarem o seu m\u00e9dico de fam\u00edlia para situa\u00e7\u00f5es n\u00e3o urgentes nem emergentes, para que possam ter \u201cum acompanhamento de proximidade e n\u00e3o atendimentos pontuais\u201d.<\/p>\n<p>Para melhor atendimento e aconselhamento, o Minist\u00e9rio da Sa\u00fade refor\u00e7a a import\u00e2ncia de ligar em primeiro lugar o SNS 24 (808 24 24 24), para uma triagem e encaminhamento adequado a cada situa\u00e7\u00e3o.<\/p>\n<p>As informa\u00e7\u00f5es sobre os hor\u00e1rios de atendimento s\u00e3o atualizadas no Portal do SNS (<a href=\"https:\/\/www.sns.gov.pt\/resposta-sazonal-em-saude-inverno\/\">https:\/\/www.sns.gov.pt\/resposta-sazonal-em-saude-inverno\/<\/a>).<\/p>\n<p>Consulte os hor\u00e1rios dos Servi\u00e7os de Atendimento Complementar da Regi\u00e3o de Santar\u00e9m na tabela abaixo, informa\u00e7\u00e3o tamb\u00e9m dispon\u00edvel na p\u00e1gina oficial do HDS (<a href=\"https:\/\/eur03.safelinks.protection.outlook.com\/?url=https%3A%2F%2Fwww.hds.min-saude.pt%2Fcategory%2Fservicos%2Fdepartamento-de-urgencia%2F&amp;data=05%7C01%7Csusana.mendes%40hds.min-saude.pt%7C8868397237af4d6c903508dad9ed1593%7C22c84608f01d46c5802463cc962e5f51%7C0%7C0%7C638061909529311652%7CUnknown%7CTWFpbGZsb3d8eyJWIjoiMC4wLjAwMDAiLCJQIjoiV2luMzIiLCJBTiI6Ik1haWwiLCJXVCI6Mn0%3D%7C3000%7C%7C%7C&amp;sdata=xZMTf0r%2BhB%2B2NZueBZyq8CxgMqvfKOqSX6%2BBSqofTt4%3D&amp;reserved=0\">https:\/\/www.hds.min-saude.pt\/category\/servicos\/departamento-de-urgencia\/<\/a>\u00a0.<\/p>\n<p><strong>\u00a0 \u00a0 Fonte: GCI|HDS<\/strong><\/p>\n","protected":false},"excerpt":{"rendered":"<p>A partir de s\u00e1bado, 10 de dezembro, quatro centros de sa\u00fade da Regi\u00e3o de Santar\u00e9m v\u00e3o estar a funcionar em hor\u00e1rio alargado, como alternativa \u00e0 procura dos servi\u00e7os de urg\u00eancia dos hospitais para situa\u00e7\u00f5es n\u00e3o urgentes. Cartaxo, Coruche, Rio Maior e Santar\u00e9m s\u00e3o os locais que passam a ter um hor\u00e1rio de atendimento alargado. Face [&hellip;]<\/p>\n","protected":false},"author":2,"featured_media":22865,"comment_status":"open","ping_status":"open","sticky":false,"template":"","format":"standard","meta":{"footnotes":""},"categories":[6],"tags":[],"class_list":["post-22859","post","type-post","status-publish","format-standard","has-post-thumbnail","hentry","category-saude"],"_links":{"self":[{"href":"https:\/\/tintafresca.net\/index.php\/wp-json\/wp\/v2\/posts\/22859","targetHints":{"allow":["GET"]}}],"collection":[{"href":"https:\/\/tintafresca.net\/index.php\/wp-json\/wp\/v2\/posts"}],"about":[{"href":"https:\/\/tintafresca.net\/index.php\/wp-json\/wp\/v2\/types\/post"}],"author":[{"embeddable":true,"href":"https:\/\/tintafresca.net\/index.php\/wp-json\/wp\/v2\/users\/2"}],"replies":[{"embeddable":true,"href":"https:\/\/tintafresca.net\/index.php\/wp-json\/wp\/v2\/comments?post=22859"}],"version-history":[{"count":4,"href":"https:\/\/tintafresca.net\/index.php\/wp-json\/wp\/v2\/posts\/22859\/revisions"}],"predecessor-version":[{"id":22864,"href":"https:\/\/tintafresca.net\/index.php\/wp-json\/wp\/v2\/posts\/22859\/revisions\/22864"}],"wp:featuredmedia":[{"embeddable":true,"href":"https:\/\/tintafresca.net\/index.php\/wp-json\/wp\/v2\/media\/22865"}],"wp:attachment":[{"href":"https:\/\/tintafresca.net\/index.php\/wp-json\/wp\/v2\/media?parent=22859"}],"wp:term":[{"taxonomy":"category","embeddable":true,"href":"https:\/\/tintafresca.net\/index.php\/wp-json\/wp\/v2\/categories?post=22859"},{"taxonomy":"post_tag","embeddable":true,"href":"https:\/\/tintafresca.net\/index.php\/wp-json\/wp\/v2\/tags?post=22859"}],"curies":[{"name":"wp","href":"https:\/\/api.w.org\/{rel}","templated":true}]}}