{"id":22873,"date":"2022-12-10T17:11:30","date_gmt":"2022-12-10T17:11:30","guid":{"rendered":"https:\/\/tintafresca.net\/?p=22873"},"modified":"2022-12-10T17:19:05","modified_gmt":"2022-12-10T17:19:05","slug":"requalificacao-urbana-de-aljustrel-vai-avancar-com-investimento-de-477-mil-euros","status":"publish","type":"post","link":"https:\/\/tintafresca.net\/index.php\/2022\/12\/10\/requalificacao-urbana-de-aljustrel-vai-avancar-com-investimento-de-477-mil-euros\/","title":{"rendered":"Requalifica\u00e7\u00e3o Urbana de Aljustrel vai avan\u00e7ar com investimento de 477 mil euros"},"content":{"rendered":"<div id=\"attachment_22877\" style=\"width: 510px\" class=\"wp-caption alignleft\"><img loading=\"lazy\" decoding=\"async\" aria-describedby=\"caption-attachment-22877\" class=\"wp-image-22877 size-full\" src=\"https:\/\/tintafresca.net\/wp-content\/uploads\/2022\/12\/Ourem_requalificacao_aljustrel10.jpg\" alt=\"\" width=\"500\" height=\"333\" srcset=\"https:\/\/tintafresca.net\/wp-content\/uploads\/2022\/12\/Ourem_requalificacao_aljustrel10.jpg 500w, https:\/\/tintafresca.net\/wp-content\/uploads\/2022\/12\/Ourem_requalificacao_aljustrel10-300x200.jpg 300w\" sizes=\"auto, (max-width: 500px) 100vw, 500px\" \/><p id=\"caption-attachment-22877\" class=\"wp-caption-text\">Assinatura do Auto de Consigna\u00e7\u00e3o<\/p><\/div>\n<p>O presidente da C\u00e2mara Municipal de Our\u00e9m, Lu\u00eds Miguel Albuquerque, assinou, no dia 5 de dezembro, o Auto de Consigna\u00e7\u00e3o da empreitada de Requalifica\u00e7\u00e3o Urbana de Aljustrel, sita na Freguesia de F\u00e1tima. O documento foi formalizado na presen\u00e7a dos t\u00e9cnicos municipais respons\u00e1veis pelo acompanhamento da obra e pelo representante da empresa adjudicat\u00e1ria, a \u201cCMR \u2013 Constru\u00e7\u00f5es Martins &amp; Reis, LDA\u201d.<\/p>\n<p>O projeto prev\u00ea a requalifica\u00e7\u00e3o das principais vias do centro desta localidade, atualmente descaracterizadas, repondo assim o valor cultural e patrimonial que representam no contexto da hist\u00f3ria de F\u00e1tima.<\/p>\n<p>As infraestruturas ser\u00e3o devidamente redefinidas, nomeadamente ao n\u00edvel da ilumina\u00e7\u00e3o p\u00fablica, da instala\u00e7\u00e3o el\u00e9trica, das telecomunica\u00e7\u00f5es, redes pluviais e mobili\u00e1rio urbano, ao abrigo de uma requalifica\u00e7\u00e3o que vai resultar igualmente na substitui\u00e7\u00e3o do piso existente e consequente reposi\u00e7\u00e3o de cal\u00e7ada.<\/p>\n<p>Os trabalhos est\u00e3o or\u00e7ados em cerca de 477 mil euros, com um prazo de execu\u00e7\u00e3o de 150 dias.<\/p>\n","protected":false},"excerpt":{"rendered":"<p>O presidente da C\u00e2mara Municipal de Our\u00e9m, Lu\u00eds Miguel Albuquerque, assinou, no dia 5 de dezembro, o Auto de Consigna\u00e7\u00e3o da empreitada de Requalifica\u00e7\u00e3o Urbana de Aljustrel, sita na Freguesia de F\u00e1tima. O documento foi formalizado na presen\u00e7a dos t\u00e9cnicos municipais respons\u00e1veis pelo acompanhamento da obra e pelo representante da empresa adjudicat\u00e1ria, a \u201cCMR \u2013 [&hellip;]<\/p>\n","protected":false},"author":2,"featured_media":22878,"comment_status":"open","ping_status":"open","sticky":false,"template":"","format":"standard","meta":{"footnotes":""},"categories":[7],"tags":[],"class_list":["post-22873","post","type-post","status-publish","format-standard","has-post-thumbnail","hentry","category-economia"],"_links":{"self":[{"href":"https:\/\/tintafresca.net\/index.php\/wp-json\/wp\/v2\/posts\/22873","targetHints":{"allow":["GET"]}}],"collection":[{"href":"https:\/\/tintafresca.net\/index.php\/wp-json\/wp\/v2\/posts"}],"about":[{"href":"https:\/\/tintafresca.net\/index.php\/wp-json\/wp\/v2\/types\/post"}],"author":[{"embeddable":true,"href":"https:\/\/tintafresca.net\/index.php\/wp-json\/wp\/v2\/users\/2"}],"replies":[{"embeddable":true,"href":"https:\/\/tintafresca.net\/index.php\/wp-json\/wp\/v2\/comments?post=22873"}],"version-history":[{"count":3,"href":"https:\/\/tintafresca.net\/index.php\/wp-json\/wp\/v2\/posts\/22873\/revisions"}],"predecessor-version":[{"id":22879,"href":"https:\/\/tintafresca.net\/index.php\/wp-json\/wp\/v2\/posts\/22873\/revisions\/22879"}],"wp:featuredmedia":[{"embeddable":true,"href":"https:\/\/tintafresca.net\/index.php\/wp-json\/wp\/v2\/media\/22878"}],"wp:attachment":[{"href":"https:\/\/tintafresca.net\/index.php\/wp-json\/wp\/v2\/media?parent=22873"}],"wp:term":[{"taxonomy":"category","embeddable":true,"href":"https:\/\/tintafresca.net\/index.php\/wp-json\/wp\/v2\/categories?post=22873"},{"taxonomy":"post_tag","embeddable":true,"href":"https:\/\/tintafresca.net\/index.php\/wp-json\/wp\/v2\/tags?post=22873"}],"curies":[{"name":"wp","href":"https:\/\/api.w.org\/{rel}","templated":true}]}}