{"id":22943,"date":"2022-12-12T19:44:50","date_gmt":"2022-12-12T19:44:50","guid":{"rendered":"https:\/\/tintafresca.net\/?p=22943"},"modified":"2022-12-12T21:25:09","modified_gmt":"2022-12-12T21:25:09","slug":"caudais-do-rio-tejo-devem-manter-se-nas-proximas-horas-mas-preve-se-a-ocorrencia-de-cheias-pontuais","status":"publish","type":"post","link":"https:\/\/tintafresca.net\/index.php\/2022\/12\/12\/caudais-do-rio-tejo-devem-manter-se-nas-proximas-horas-mas-preve-se-a-ocorrencia-de-cheias-pontuais\/","title":{"rendered":"Caudais do rio Tejo devem manter-se at\u00e9 ter\u00e7a-feira mas prev\u00ea-se ocorr\u00eancia de cheias pontuais"},"content":{"rendered":"<div id=\"attachment_22945\" style=\"width: 510px\" class=\"wp-caption alignleft\"><img loading=\"lazy\" decoding=\"async\" aria-describedby=\"caption-attachment-22945\" class=\"wp-image-22945 size-full\" src=\"https:\/\/tintafresca.net\/wp-content\/uploads\/2022\/12\/Constancia_Cheias10.jpg\" alt=\"\" width=\"500\" height=\"666\" srcset=\"https:\/\/tintafresca.net\/wp-content\/uploads\/2022\/12\/Constancia_Cheias10.jpg 500w, https:\/\/tintafresca.net\/wp-content\/uploads\/2022\/12\/Constancia_Cheias10-225x300.jpg 225w\" sizes=\"auto, (max-width: 500px) 100vw, 500px\" \/><p id=\"caption-attachment-22945\" class=\"wp-caption-text\">Cheias de Const\u00e2ncia em 2013<\/p><\/div>\n<p>A precipita\u00e7\u00e3o que se tem sentido em Portugal gerou um aumento consider\u00e1vel dos n\u00edveis hidrom\u00e9tricos e caudais do rio Tejo e seus afluentes. Mantendo-se a situa\u00e7\u00e3o atual, e de acordo com a previs\u00e3o meteorol\u00f3gica para a bacia do Tejo, prev\u00ea-se que os caudais lan\u00e7ados no Rio Tejo pelos seus afluentes se mantenham altos. A pluviosidade que se tem feito sentir e a prevista origina a ocorr\u00eancia de inunda\u00e7\u00f5es em zonas urbanas, causadas por acumula\u00e7\u00e3o de \u00e1guas pluviais por obstru\u00e7\u00e3o dos sistemas de escoamento e a ocorr\u00eancia de cheias, potenciadas pelo transbordo do leito de alguns cursos de \u00e1gua e ribeiras.<\/p>\n<p>Al\u00e9m disso, prev\u00ea-se a instabiliza\u00e7\u00e3o de vertentes, conduzindo a movimentos de massa (deslizamentos, derrocadas e outros) motivados pela infiltra\u00e7\u00e3o da \u00e1gua, podendo ser potenciados pela remo\u00e7\u00e3o do coberto vegetal na sequ\u00eancia de inc\u00eandios rurais, ou por<\/p>\n<p>artificializa\u00e7\u00e3o do solo, o arrastamento para as vias rodovi\u00e1rias de objetos soltos, ou ao desprendimento de estruturas m\u00f3veis ou deficientemente fixadas, por efeito de epis\u00f3dios de vento forte, que podem causar acidentes com ve\u00edculos em circula\u00e7\u00e3o ou transeuntes na via p\u00fablica e piso rodovi\u00e1rio escorregadio e forma\u00e7\u00e3o de len\u00e7\u00f3is de \u00e1gua.<\/p>\n<p>Efeitos Verificados:<\/p>\n<p>Munic\u00edpio de Santar\u00e9m<br \/>\n\uf0b7 Submers\u00e3o da E.N. 365-4 na Ponte dos Alcaides<\/p>\n<p>Munic\u00edpio de Almeirim<br \/>\n\uf0b7 ER- A2 (liga\u00e7\u00e3o entre a EN 114 e EN 368) \u2013 Interdita por falta de escoamento.<\/p>\n<p>Munic\u00edpio de Const\u00e2ncia:<br \/>\n\uf0b7 Estrada do Campo Coutada \/ Tramagal \u2013 Interdita por falta de escoamento.<\/p>\n<p>Munic\u00edpio da Goleg\u00e3:<br \/>\n\uf0b7 CM n\u00ba 1, Estrada dos L\u00e1zaros \u2013 Submersa<\/p>\n<p>Munic\u00edpio de Ma\u00e7\u00e3o:<br \/>\n\uf0b7 EM 519 \u2013 Submersa<\/p>\n<p>\u00c9 espect\u00e1vel nas pr\u00f3ximas horas, uma manuten\u00e7\u00e3o dos caudais do rio Tejo.<\/p>\n<p>Neste sentido aconselha-se:<\/p>\n<p>\uf0b7 Retire, das zonas confinantes, normalmente inund\u00e1veis, equipamentos agr\u00edcolas,\u00a0industriais, viaturas e outros bens;<\/p>\n<p>\uf0b7 Leve os animais para locais seguros, retirando os rebanhos que se encontram nas zonas que ser\u00e3o provavelmente inund\u00e1veis;<\/p>\n<p>\uf0b7 N\u00e3o atravessar com viaturas ou a p\u00e9 estradas ou zonas alagadas;<\/p>\n<p>\uf0b7 Manter-se informado atrav\u00e9s dos \u00d3rg\u00e3os de Comunica\u00e7\u00e3o Social ou dos Agentes de Prote\u00e7\u00e3o Civil, desenvolvendo as a\u00e7\u00f5es necess\u00e1rias para a sua prote\u00e7\u00e3o, da fam\u00edlia\u00a0e bens.<\/p>\n<p>O CDOS de Santar\u00e9m, em articula\u00e7\u00e3o com a Ag\u00eancia Portuguesa do Ambiente, IP, EDP\u00a0produ\u00e7\u00e3o, Servi\u00e7os Municipais de Prote\u00e7\u00e3o Civil e Agentes de Prote\u00e7\u00e3o Civil, continuar\u00e1 a acompanhar a situa\u00e7\u00e3o e emitir\u00e1 outros comunicados que se entendam necess\u00e1rios.<\/p>\n<p>Para mais informa\u00e7\u00f5es, consulte os s\u00edtios na internet da ANPC (<a href=\"http:\/\/www.prociv.pt\">www.prociv.pt<\/a>),\u00a0Instituto Portugu\u00eas do Mar e Atmosfera (<a href=\"http:\/\/www.meteo.pt\">www.meteo.pt<\/a>), e APAmbiente\u00a0(<a href=\"http:\/\/snirh.inag.pt\/index.php?idMain=2&amp;idItem=2\">http:\/\/snirh.inag.pt\/index.php?idMain=2&amp;idItem=2<\/a>).<\/p>\n<p><strong>\u00a0 \u00a0 \u00a0Fonte: CDOS|Santar\u00e9m\u00a0<\/strong><\/p>\n","protected":false},"excerpt":{"rendered":"<p>A precipita\u00e7\u00e3o que se tem sentido em Portugal gerou um aumento consider\u00e1vel dos n\u00edveis hidrom\u00e9tricos e caudais do rio Tejo e seus afluentes. Mantendo-se a situa\u00e7\u00e3o atual, e de acordo com a previs\u00e3o meteorol\u00f3gica para a bacia do Tejo, prev\u00ea-se que os caudais lan\u00e7ados no Rio Tejo pelos seus afluentes se mantenham altos. A pluviosidade [&hellip;]<\/p>\n","protected":false},"author":2,"featured_media":22946,"comment_status":"open","ping_status":"open","sticky":false,"template":"","format":"standard","meta":{"footnotes":""},"categories":[9],"tags":[],"class_list":["post-22943","post","type-post","status-publish","format-standard","has-post-thumbnail","hentry","category-ambiente"],"_links":{"self":[{"href":"https:\/\/tintafresca.net\/index.php\/wp-json\/wp\/v2\/posts\/22943","targetHints":{"allow":["GET"]}}],"collection":[{"href":"https:\/\/tintafresca.net\/index.php\/wp-json\/wp\/v2\/posts"}],"about":[{"href":"https:\/\/tintafresca.net\/index.php\/wp-json\/wp\/v2\/types\/post"}],"author":[{"embeddable":true,"href":"https:\/\/tintafresca.net\/index.php\/wp-json\/wp\/v2\/users\/2"}],"replies":[{"embeddable":true,"href":"https:\/\/tintafresca.net\/index.php\/wp-json\/wp\/v2\/comments?post=22943"}],"version-history":[{"count":8,"href":"https:\/\/tintafresca.net\/index.php\/wp-json\/wp\/v2\/posts\/22943\/revisions"}],"predecessor-version":[{"id":22958,"href":"https:\/\/tintafresca.net\/index.php\/wp-json\/wp\/v2\/posts\/22943\/revisions\/22958"}],"wp:featuredmedia":[{"embeddable":true,"href":"https:\/\/tintafresca.net\/index.php\/wp-json\/wp\/v2\/media\/22946"}],"wp:attachment":[{"href":"https:\/\/tintafresca.net\/index.php\/wp-json\/wp\/v2\/media?parent=22943"}],"wp:term":[{"taxonomy":"category","embeddable":true,"href":"https:\/\/tintafresca.net\/index.php\/wp-json\/wp\/v2\/categories?post=22943"},{"taxonomy":"post_tag","embeddable":true,"href":"https:\/\/tintafresca.net\/index.php\/wp-json\/wp\/v2\/tags?post=22943"}],"curies":[{"name":"wp","href":"https:\/\/api.w.org\/{rel}","templated":true}]}}