{"id":22953,"date":"2022-12-12T21:20:19","date_gmt":"2022-12-12T21:20:19","guid":{"rendered":"https:\/\/tintafresca.net\/?p=22953"},"modified":"2022-12-12T21:22:20","modified_gmt":"2022-12-12T21:22:20","slug":"joana-correia-e-a-nova-diretora-do-servico-de-psicologia-clinica-do-centro-hospitalar-de-leiria","status":"publish","type":"post","link":"https:\/\/tintafresca.net\/index.php\/2022\/12\/12\/joana-correia-e-a-nova-diretora-do-servico-de-psicologia-clinica-do-centro-hospitalar-de-leiria\/","title":{"rendered":"Joana Correia \u00e9 a nova diretora do Servi\u00e7o de Psicologia Cl\u00ednica do Centro Hospitalar de Leiria"},"content":{"rendered":"<div id=\"attachment_22955\" style=\"width: 510px\" class=\"wp-caption alignleft\"><img loading=\"lazy\" decoding=\"async\" aria-describedby=\"caption-attachment-22955\" class=\"wp-image-22955 size-full\" src=\"https:\/\/tintafresca.net\/wp-content\/uploads\/2022\/12\/CHL_Francisco-Miranda_Licinio-de-Carvalho_Paulo-Cunha_Joana-Correia10.jpg\" alt=\"\" width=\"500\" height=\"333\" srcset=\"https:\/\/tintafresca.net\/wp-content\/uploads\/2022\/12\/CHL_Francisco-Miranda_Licinio-de-Carvalho_Paulo-Cunha_Joana-Correia10.jpg 500w, https:\/\/tintafresca.net\/wp-content\/uploads\/2022\/12\/CHL_Francisco-Miranda_Licinio-de-Carvalho_Paulo-Cunha_Joana-Correia10-300x200.jpg 300w\" sizes=\"auto, (max-width: 500px) 100vw, 500px\" \/><p id=\"caption-attachment-22955\" class=\"wp-caption-text\">Francisco Miranda, Lic\u00ednio de Carvalho, Paulo Cunha e Joana Correia<\/p><\/div>\n<p>O Baston\u00e1rio da Ordem dos Psic\u00f3logos, Francisco Miranda Rodrigues, participou na nomea\u00e7\u00e3o oficial da diretora do Servi\u00e7o de Psicologia Cl\u00ednica do Centro Hospitalar de Leiria (CHL), Joana Correia, que firmou no dia 9 de dezembro, o termo de posse por tr\u00eas anos na lideran\u00e7a no Servi\u00e7o, numa sess\u00e3o formal que decorreu no audit\u00f3rio do Hospital de Santo Andr\u00e9, em Leiria.<\/p>\n<p>Francisco Rodrigues abriu a cerim\u00f3nia com uma interven\u00e7\u00e3o sobre a import\u00e2ncia da Psicologia Cl\u00ednica no Servi\u00e7o Nacional de Sa\u00fade. \u00abTem sido feito um trajeto com uma preocupa\u00e7\u00e3o sempre em mente: que se procurem as solu\u00e7\u00f5es para que os servi\u00e7os prestados pelos Servi\u00e7os de Psicologia sejam o mais eficientes poss\u00edvel, mais dispon\u00edveis e com a melhor qualidade para as pessoas que necessitam desta \u00e1rea.\u201d<\/p>\n<p>Assim, \u201ccabe-nos continuar a trabalhar em conjunto com os outros pap\u00e9is que acabam por tentar no dia a dia fazer com que a sa\u00fade e a organiza\u00e7\u00e3o dos servi\u00e7os de Sa\u00fade, nomeadamente no Servi\u00e7o Nacional de Sa\u00fade, possam ter melhor qualidade e possam estar mais dispon\u00edveis. Cabe-nos dar o nosso contributo que, em algumas situa\u00e7\u00f5es, carece de ser melhor conhecido, carece de fazer chegar mais evid\u00eancias daquilo que s\u00e3o os benef\u00edcios das nossas interven\u00e7\u00f5es\u00bb, acrescentou.<\/p>\n<p>\u00abNo que respeita \u00e0 Ordem dos Psic\u00f3logos, o CHL pode contar como at\u00e9 aqui com o contributo que considere adequado. Da nossa parte, a preocupa\u00e7\u00e3o manter-se-\u00e1 com o acautelar que os nossos profissionais prestam o melhor servi\u00e7o e est\u00e3o dispon\u00edveis para as pessoas que dele necessitam. Que os pr\u00f3ximos anos sejam de crescimento no sentido dessa mesma qualidade e do alcance dos Servi\u00e7os de Psicologia aqui, e simbolizando a partir daqui para o Servi\u00e7o Nacional de Sa\u00fade, nestes tempos de mudan\u00e7a que tamb\u00e9m agora atravessamos\u00bb, rematou o Baston\u00e1rio da Ordem dos Psic\u00f3logos.<\/p>\n<p>Ap\u00f3s a assinatura de compromisso com o presidente do Conselho de Administra\u00e7\u00e3o (CA) do CHL, Lic\u00ednio de Carvalho, Joana Correia dirigiu algumas palavras aos presentes, come\u00e7ando pelos agradecimentos, em especial, aos seus colegas de equipa, e a todos os presentes.<\/p>\n<p>\u00abMaterializamos o nosso compromisso, com a maior dedica\u00e7\u00e3o e o esp\u00edrito de sacrif\u00edcio que nos tem sido habitual, procurando preservar sempre a identidade da Psicologia e o bem-estar dos profissionais que trabalham nesta casa, com selo de qualidade. \u00c0s equipas com quem a Psicologia trabalha, aqui representadas, em especial \u00e0s minhas, refor\u00e7amos que as caminhadas s\u00e3o longas mas que vamos chegar l\u00e1!\u00bb. A diretora do Servi\u00e7o de Psicologia Cl\u00ednica ainda ressalvou que \u00abos pr\u00f3ximos tr\u00eas anos ser\u00e3o desafiantes, mas \u00e9 aos desafios que se associam conquistas e \u00e0s conquistas que brindamos. Contem comigo, pois eu conto convosco para seguirmos, lado a lado, nesta miss\u00e3o!\u00bb, sublinhou.<\/p>\n<p>Lic\u00ednio de Carvalho encerrou a cerim\u00f3nia, iniciando o seu discurso com o tema do compromisso, em primeiro lugar com a comunidade interna do CHL, e depois, com a comunidade externa. \u00abO trabalho da Psicologia acompanha-nos desde o nascimento at\u00e9 depois da morte. Os psic\u00f3logos t\u00eam um papel absolutamente imprescind\u00edvel, que \u00e9 importante n\u00e3o s\u00f3 a n\u00edvel hospitalar, mas sobretudo a n\u00edvel comunit\u00e1rio. O terceiro compromisso foi o realizado com a nossa tutela, que consiste em que a nossa Regi\u00e3o tenha continuamente melhores cuidados de sa\u00fade, com boas respostas de cuidados.\u201d<\/p>\n<p>J\u00e1 \u201co quarto e \u00faltimo compromisso, e mais simb\u00f3lico, que assumi com o Baston\u00e1rio da Ordem dos Psic\u00f3logos e com o presidente da Delega\u00e7\u00e3o Regional Centro, que foi criar um Servi\u00e7o de Psicologia, para que represente mais do que a soma das v\u00e1rias colabora\u00e7\u00f5es dos psic\u00f3logos nos diferentes servi\u00e7os no nosso centro hospitalar. Neste momento s\u00e3o sete os psic\u00f3logos e temos em curso o recrutamento de mais dois profissionais da \u00e1rea\u00bb, revelou.<\/p>\n<p>O presidente do CA do CHL agradeceu a todos os psic\u00f3logos do CHL, \u00e0 sua diretora, e a todos os diretores de servi\u00e7o e enfermeiros gestores, \u00abque s\u00e3o os principais elos de liga\u00e7\u00e3o desta equipa importante\u00bb. Sobre desafios futuros, Lic\u00ednio de Carvalho destacou a import\u00e2ncia do trabalho em colabora\u00e7\u00e3o dos psic\u00f3logos, atrav\u00e9s de plataformas, pontos de encontro e discuss\u00e3o, \u00abpois s\u00f3 assim um Servi\u00e7o emerge e as suas vantagens podem ser capturadas pelos nossos servi\u00e7os e pelos doentes que tratamos\u00bb.<\/p>\n<p>O principal desafio sublinhado por Lic\u00ednio de Carvalho foi o da produtividade, j\u00e1 que \u00aba demanda dos servi\u00e7os est\u00e1 a crescer de uma forma alucinante. Vamos ser poucos para responder a todos os desafios e a todas as necessidades, e os psic\u00f3logos n\u00e3o v\u00e3o ser exce\u00e7\u00e3o. \u00c9 importante termos o foco naquilo que fazemos, naquilo que podemos fazer e nas respostas que temos de dar. Temos de ser muito criteriosos a tratar os nossos doentes, temos de ser seletivos a trat\u00e1-los de acordo com as suas prioridades.\u201d<\/p>\n<p>Lic\u00ednio de Carvalho alertou que, \u201csem produtividade, sem efic\u00e1cia, sem efici\u00eancia, sem trabalho, sem desempenho, sem crit\u00e9rio, n\u00f3s n\u00e3o vamos conseguir chegar ao acesso. E o acesso \u00e9 o valor mais caro, \u00e9 o principal eixo de atua\u00e7\u00e3o do funcionamento do Servi\u00e7o Nacional de Sa\u00fade e dos servi\u00e7os de sa\u00fade em particular. N\u00e3o garantindo o acesso, n\u00e3o estamos a garantir o compromisso que n\u00f3s temos com a nossa comunidade\u00bb.<\/p>\n<p>\u00abDesejo um futuro grande e grandioso aqui no centro hospitalar ao novo Servi\u00e7o de Psicologia, e o compromisso do Conselho de Administra\u00e7\u00e3o \u00e9 continuar a criar as melhores condi\u00e7\u00f5es para que fa\u00e7am o melhor trabalho, para que se sintam bem em termos profissionais, e se poss\u00edvel, em termos pessoais\u00bb, finalizou Lic\u00ednio de Carvalho.<\/p>\n<p>Na cerim\u00f3nia estiveram presentes os psic\u00f3logos que integram o Servi\u00e7o de Psicologia Cl\u00ednica, criado no CHL em novembro de 2021, bem como os diretores e enfermeiros gestores dos Servi\u00e7os com os quais a Psicologia Cl\u00ednica colabora diariamente: Psiquiatria e Sa\u00fade Mental, Pediatria, Neurologia, Psiquiatria da Inf\u00e2ncia e da Adolesc\u00eancia, Endocrinologia e Cuidados Paliativos e ainda a dire\u00e7\u00e3o do Servi\u00e7o de Gest\u00e3o de Recursos Humanos.<\/p>\n<p>Al\u00e9m do Baston\u00e1rio da Ordem dos Psic\u00f3logos, esteve tamb\u00e9m presente o presidente da Delega\u00e7\u00e3o Regional Centro da Ordem dos Psic\u00f3logos Portugueses, Paulo Cunha.<\/p>\n<p><strong>\u00a0 \u00a0 \u00a0Fonte: Midlandcom<\/strong><\/p>\n","protected":false},"excerpt":{"rendered":"<p>O Baston\u00e1rio da Ordem dos Psic\u00f3logos, Francisco Miranda Rodrigues, participou na nomea\u00e7\u00e3o oficial da diretora do Servi\u00e7o de Psicologia Cl\u00ednica do Centro Hospitalar de Leiria (CHL), Joana Correia, que firmou no dia 9 de dezembro, o termo de posse por tr\u00eas anos na lideran\u00e7a no Servi\u00e7o, numa sess\u00e3o formal que decorreu no audit\u00f3rio do Hospital [&hellip;]<\/p>\n","protected":false},"author":2,"featured_media":22957,"comment_status":"open","ping_status":"open","sticky":false,"template":"","format":"standard","meta":{"footnotes":""},"categories":[6],"tags":[],"class_list":["post-22953","post","type-post","status-publish","format-standard","has-post-thumbnail","hentry","category-saude"],"_links":{"self":[{"href":"https:\/\/tintafresca.net\/index.php\/wp-json\/wp\/v2\/posts\/22953","targetHints":{"allow":["GET"]}}],"collection":[{"href":"https:\/\/tintafresca.net\/index.php\/wp-json\/wp\/v2\/posts"}],"about":[{"href":"https:\/\/tintafresca.net\/index.php\/wp-json\/wp\/v2\/types\/post"}],"author":[{"embeddable":true,"href":"https:\/\/tintafresca.net\/index.php\/wp-json\/wp\/v2\/users\/2"}],"replies":[{"embeddable":true,"href":"https:\/\/tintafresca.net\/index.php\/wp-json\/wp\/v2\/comments?post=22953"}],"version-history":[{"count":2,"href":"https:\/\/tintafresca.net\/index.php\/wp-json\/wp\/v2\/posts\/22953\/revisions"}],"predecessor-version":[{"id":22956,"href":"https:\/\/tintafresca.net\/index.php\/wp-json\/wp\/v2\/posts\/22953\/revisions\/22956"}],"wp:featuredmedia":[{"embeddable":true,"href":"https:\/\/tintafresca.net\/index.php\/wp-json\/wp\/v2\/media\/22957"}],"wp:attachment":[{"href":"https:\/\/tintafresca.net\/index.php\/wp-json\/wp\/v2\/media?parent=22953"}],"wp:term":[{"taxonomy":"category","embeddable":true,"href":"https:\/\/tintafresca.net\/index.php\/wp-json\/wp\/v2\/categories?post=22953"},{"taxonomy":"post_tag","embeddable":true,"href":"https:\/\/tintafresca.net\/index.php\/wp-json\/wp\/v2\/tags?post=22953"}],"curies":[{"name":"wp","href":"https:\/\/api.w.org\/{rel}","templated":true}]}}