{"id":22971,"date":"2022-12-13T14:43:48","date_gmt":"2022-12-13T14:43:48","guid":{"rendered":"https:\/\/tintafresca.net\/?p=22971"},"modified":"2022-12-13T14:43:48","modified_gmt":"2022-12-13T14:43:48","slug":"associacao-da-comunidade-de-energia-renovavel-da-batalha-vai-produzir-consumir-armazenar-e-vender-energia-renovavel","status":"publish","type":"post","link":"https:\/\/tintafresca.net\/index.php\/2022\/12\/13\/associacao-da-comunidade-de-energia-renovavel-da-batalha-vai-produzir-consumir-armazenar-e-vender-energia-renovavel\/","title":{"rendered":"Associa\u00e7\u00e3o da Comunidade de Energia Renov\u00e1vel da Batalha vai produzir, consumir, armazenar e vender energia renov\u00e1vel"},"content":{"rendered":"<div id=\"attachment_22973\" style=\"width: 360px\" class=\"wp-caption alignleft\"><img loading=\"lazy\" decoding=\"async\" aria-describedby=\"caption-attachment-22973\" class=\"wp-image-22973\" src=\"https:\/\/tintafresca.net\/wp-content\/uploads\/2022\/12\/Torre_eolica10.jpg\" alt=\"\" width=\"350\" height=\"409\" srcset=\"https:\/\/tintafresca.net\/wp-content\/uploads\/2022\/12\/Torre_eolica10.jpg 500w, https:\/\/tintafresca.net\/wp-content\/uploads\/2022\/12\/Torre_eolica10-257x300.jpg 257w\" sizes=\"auto, (max-width: 350px) 100vw, 350px\" \/><p id=\"caption-attachment-22973\" class=\"wp-caption-text\">Torre e\u00f3lica<\/p><\/div>\n<p>Decorrer\u00e1 no dia 19 de dezembro, \u00e0s 10h, no Cart\u00f3rio Notarial na Vila da Batalha, a constitui\u00e7\u00e3o da ACERBatalha &#8211; Associa\u00e7\u00e3o da Comunidade de Energia Renov\u00e1vel.<\/p>\n<p>A ACERBatalha &#8211; Associa\u00e7\u00e3o da Comunidade de Energia Renov\u00e1vel \u00e9 uma associa\u00e7\u00e3o de direito privado e sem fins lucrativos, constitu\u00edda por entidades p\u00fablicas e privadas e que tem por finalidade contribuir para a melhoria da qualidade do ambiente e para o desenvolvimento sustent\u00e1vel no \u00e2mbito do territ\u00f3rio do Munic\u00edpio da Batalha, atrav\u00e9s da promo\u00e7\u00e3o de fontes de energia renov\u00e1veis (FER), da utiliza\u00e7\u00e3o racional de energia (URE) e dos recursos naturais.<\/p>\n<p>Reunindo como associados fundadores treze entidades, a ACERBatalha &#8211; Associa\u00e7\u00e3o\u00a0da\u00a0Comunidade de Energia Renov\u00e1vel passar\u00e1 a ter compet\u00eancias legais para produzir, consumir, armazenar, comprar e vender energia renov\u00e1vel aos e para os seus membros, bem como partilhar e comercializar entre os associados a energia renov\u00e1vel produzida por Unidade(s) de Produ\u00e7\u00e3o para Autoconsumo (UPAC). Poder\u00e1 ainda esta entidade sem fins lucrativos aceder aos mercados de energia, incluindo de servi\u00e7os de sistema, tanto diretamente como atrav\u00e9s de agrega\u00e7\u00e3o.<\/p>\n<p>Ap\u00f3s sete meses de trabalho e de articula\u00e7\u00e3o do Munic\u00edpio da Batalha com diversas entidades do setor da energia e com o setor empresarial local, o Munic\u00edpio da Batalha v\u00ea agora a concretiza\u00e7\u00e3o CER \u2013 Comunidade de Energia Renov\u00e1vel ser uma realidade.<\/p>\n<p>\u201cApesar de ter sido um longo e complexo processo, estamos agora em condi\u00e7\u00f5es plenas para arrancarmos com este relevante projeto que pretende oferecer melhores condi\u00e7\u00f5es &#8211; quer de produ\u00e7\u00e3o quer de distribui\u00e7\u00e3o &#8211; de energia \u00e0s entidades aderentes desta associa\u00e7\u00e3o\u201d, concretiza Raul Castro, Presidente da C\u00e2mara da Batalha.<\/p>\n<p>Nos termos dos estatutos aprovados, poder\u00e3o aderir posteriormente \u00e0 ACERBatalha &#8211; Associa\u00e7\u00e3o\u00a0da\u00a0Comunidade de Energia Renov\u00e1vel novos associados.<\/p>\n<p><strong>\u00a0 \u00a0 Fonte: MB<\/strong><\/p>\n","protected":false},"excerpt":{"rendered":"<p>Decorrer\u00e1 no dia 19 de dezembro, \u00e0s 10h, no Cart\u00f3rio Notarial na Vila da Batalha, a constitui\u00e7\u00e3o da ACERBatalha &#8211; Associa\u00e7\u00e3o da Comunidade de Energia Renov\u00e1vel. A ACERBatalha &#8211; Associa\u00e7\u00e3o da Comunidade de Energia Renov\u00e1vel \u00e9 uma associa\u00e7\u00e3o de direito privado e sem fins lucrativos, constitu\u00edda por entidades p\u00fablicas e privadas e que tem por [&hellip;]<\/p>\n","protected":false},"author":2,"featured_media":22974,"comment_status":"open","ping_status":"open","sticky":false,"template":"","format":"standard","meta":{"footnotes":""},"categories":[7],"tags":[],"class_list":["post-22971","post","type-post","status-publish","format-standard","has-post-thumbnail","hentry","category-economia"],"_links":{"self":[{"href":"https:\/\/tintafresca.net\/index.php\/wp-json\/wp\/v2\/posts\/22971","targetHints":{"allow":["GET"]}}],"collection":[{"href":"https:\/\/tintafresca.net\/index.php\/wp-json\/wp\/v2\/posts"}],"about":[{"href":"https:\/\/tintafresca.net\/index.php\/wp-json\/wp\/v2\/types\/post"}],"author":[{"embeddable":true,"href":"https:\/\/tintafresca.net\/index.php\/wp-json\/wp\/v2\/users\/2"}],"replies":[{"embeddable":true,"href":"https:\/\/tintafresca.net\/index.php\/wp-json\/wp\/v2\/comments?post=22971"}],"version-history":[{"count":2,"href":"https:\/\/tintafresca.net\/index.php\/wp-json\/wp\/v2\/posts\/22971\/revisions"}],"predecessor-version":[{"id":22975,"href":"https:\/\/tintafresca.net\/index.php\/wp-json\/wp\/v2\/posts\/22971\/revisions\/22975"}],"wp:featuredmedia":[{"embeddable":true,"href":"https:\/\/tintafresca.net\/index.php\/wp-json\/wp\/v2\/media\/22974"}],"wp:attachment":[{"href":"https:\/\/tintafresca.net\/index.php\/wp-json\/wp\/v2\/media?parent=22971"}],"wp:term":[{"taxonomy":"category","embeddable":true,"href":"https:\/\/tintafresca.net\/index.php\/wp-json\/wp\/v2\/categories?post=22971"},{"taxonomy":"post_tag","embeddable":true,"href":"https:\/\/tintafresca.net\/index.php\/wp-json\/wp\/v2\/tags?post=22971"}],"curies":[{"name":"wp","href":"https:\/\/api.w.org\/{rel}","templated":true}]}}