{"id":23014,"date":"2022-12-14T09:02:52","date_gmt":"2022-12-14T09:02:52","guid":{"rendered":"https:\/\/tintafresca.net\/?p=23014"},"modified":"2022-12-14T09:07:53","modified_gmt":"2022-12-14T09:07:53","slug":"plano-especial-de-emergencia-para-cheias-na-bacia-do-tejo-ativado-no-nivel-amarelo","status":"publish","type":"post","link":"https:\/\/tintafresca.net\/index.php\/2022\/12\/14\/plano-especial-de-emergencia-para-cheias-na-bacia-do-tejo-ativado-no-nivel-amarelo\/","title":{"rendered":"Plano Especial de Emerg\u00eancia para Cheias na Bacia do Tejo ativado no n\u00edvel Amarelo"},"content":{"rendered":"<div id=\"attachment_23016\" style=\"width: 510px\" class=\"wp-caption alignleft\"><img loading=\"lazy\" decoding=\"async\" aria-describedby=\"caption-attachment-23016\" class=\"wp-image-23016 size-full\" src=\"https:\/\/tintafresca.net\/wp-content\/uploads\/2022\/12\/Santarem_cheias10.jpg\" alt=\"\" width=\"500\" height=\"375\" srcset=\"https:\/\/tintafresca.net\/wp-content\/uploads\/2022\/12\/Santarem_cheias10.jpg 500w, https:\/\/tintafresca.net\/wp-content\/uploads\/2022\/12\/Santarem_cheias10-300x225.jpg 300w\" sizes=\"auto, (max-width: 500px) 100vw, 500px\" \/><p id=\"caption-attachment-23016\" class=\"wp-caption-text\">Estrada alagada no concelho de Santar\u00e9m<\/p><\/div>\n<p>A precipita\u00e7\u00e3o que se tem sentido em Portugal e tamb\u00e9m em Espanha, gerou um aumento consider\u00e1vel dos n\u00edveis hidrom\u00e9tricos e caudais do rio Tejo especialmente nos provenientes de Espanha.<\/p>\n<p>O Comando Distrital de Opera\u00e7\u00f5es de Socorro de Santar\u00e9m prev\u00ea que a partir das 01 hora de 14 de dezembro, os caudais lan\u00e7ados no Rio Tejo mantenham-se acima dos 3000 m3\/s em Almourol.<\/p>\n<p>Com estes dados os n\u00edveis hidrom\u00e9tricos do Tejo v\u00e3o continuar a subir, refletindo-se estes efeitos na zona ribeirinha do distrito a partir da manh\u00e3 desta quarta-feira.<\/p>\n<p>Com os dados dispon\u00edveis ao momento, os efeitos previstos s\u00e3o:<\/p>\n<p>Munic\u00edpio de Santar\u00e9m<br \/>\n\uf0b7 Poss\u00edvel submers\u00e3o da E.M. liga Ribeira de Santar\u00e9m a Vale de Figueira;<br \/>\n\uf0b7 Poss\u00edvel submers\u00e3o da E.N. 365 em Palhais\/Ribeira de Santar\u00e9m;<br \/>\n\uf0b7 Poss\u00edvel submers\u00e3o do parque de estacionamento da Ribeira de Santar\u00e9m;<br \/>\n\uf0b7 Poss\u00edvel submers\u00e3o da E.N.365 em Palhais;<br \/>\n\uf0b7 Poss\u00edvel submers\u00e3o da E.N. 365 nas Assacaias;<\/p>\n<p>Munic\u00edpio de Goleg\u00e3<br \/>\n\uf0b7 Poss\u00edvel Submers\u00e3o da E.N. 365 a jusante do Pombalinho;<br \/>\n\uf0b7 Poss\u00edvel Isolamento da povoa\u00e7\u00e3o de Reguengo do Alviela;<\/p>\n<p>Munic\u00edpio de Coruche \u2013 Rio Sorraia<br \/>\n\uf0b7 Submers\u00e3o da ponte da Escusa;<br \/>\n\uf0b7 Galgamento da margem esquerda do Rio Sorraia;<br \/>\n\uf0b7 Submers\u00e3o E.M. Amieira e Rebolo;<\/p>\n<p>Munic\u00edpio de Cartaxo<br \/>\n\uf0b7 Submers\u00e3o da E.N. 3-2 Ponte do Reguengo &#8211; Valada;<\/p>\n<p>Os efeitos que j\u00e1 s\u00e3o observados s\u00e3o os seguintes:<\/p>\n<p>Munic\u00edpio de Abrantes<br \/>\n\uf0b7 Zona Ribeirinha;<br \/>\n\uf0b7 Arrifana \u2013 S. Miguel Rio do Torto;<br \/>\n\uf0b7 Av. D. Jo\u00e3o I \u2013 Cruzamento Rua da Samarra \/ Rua de S. Jer\u00f3nimo;<br \/>\n\uf0b7 Estrada do Campo \u2013 F. do Tramagal<br \/>\n\uf0b7 Zona ribeirinha de Alvega \u2013 (Esta\u00e7\u00e3o de Canoagem) Rio Tejo \u2013 UF Alvega e Concavada<br \/>\n\uf0b7 Rua da Sr.\u00aa do Amparo \u2013 UF Abrantes e Alferrarede<br \/>\n\uf0b7 Alameda da Igreja de S. Miguel &#8211; UF Rossio ao Sul do Tejo e S. Miguel do Rio Torto<\/p>\n<p>Munic\u00edpio de Santar\u00e9m<br \/>\n\uf0b7 Submers\u00e3o da E.N. 365 entre Vale de Figueira e Pombalinho \u2013 Ponte do Alviela;<br \/>\n\uf0b7 E.N 365-4 Km 1 Ponte dos Alcaides \u2013 S. Vicente do Paul;<br \/>\n\uf0b7 Submers\u00e3o da E.M. 1348 liga Ribeira de Santar\u00e9m a Vale de Figueira;<br \/>\n\uf0b7 Rua do Regado \u2013 Pernes;<br \/>\n\uf0b7 Estrada Vaqueiros \u2013 Louriceira;<br \/>\n\uf0b7 Ponte de Calhariz \u2013 Mo\u00e7arria \/ Calhariz;<br \/>\n\uf0b7 E.N. 114-2 Vale de Moinhos \/ Almoster<br \/>\n\uf0b7 Rua de Marvila \u2013 Ominas \/ Caneiras \u2013 Condicionada por len\u00e7ol de \u00e1gua<\/p>\n<p>Munic\u00edpio de Const\u00e2ncia<br \/>\n\uf0b7 Submers\u00e3o de parte do parque de estacionamento de Const\u00e2ncia junto ao Rio Z\u00eazere;<br \/>\n\uf0b7 Caminho Agricola, Coutada \u2013 Tramagal;<br \/>\n\uf0b7 Rua do Tejo;<\/p>\n<p>Munic\u00edpio de Vila Nova da Barquinha<br \/>\n\uf0b7 Submers\u00e3o do cais de Tancos;<\/p>\n<p>Munic\u00edpio de Goleg\u00e3<br \/>\n\uf0b7 Caminho Municipal 1 (Estrada dos L\u00e1zaros);<\/p>\n<p>Munic\u00edpio de Torres Novas<br \/>\n\uf0b7 Estrada do Lavra \u2013 Riachos;<\/p>\n<p>Munic\u00edpio de Chamusca<br \/>\n\uf0b7 Zona dos cais de embarca\u00e7\u00f5es na Zona Ribeiro do Arripiado, Carregueira;<\/p>\n<p>Munic\u00edpio de Alpiar\u00e7a<br \/>\n\uf0b7 E.M. 1360 \u2013 Quinta da Torre \u2013 Quinta da Lagoalva;<\/p>\n<p>Munic\u00edpio de Coruche<br \/>\n\uf0b7 E.N 251 Coruche \u2013 Cou\u00e7o (corte na rotunda monte da barca);<br \/>\n\uf0b7 E.M 1061 \u2013 Cou\u00e7o \u2013 Montargil;<br \/>\n\uf0b7 E.N.119 \u2013 Courelas da Amoreirinha;<br \/>\n\uf0b7 EM 1427 Fajarda \/ Biscainho;<br \/>\n\uf0b7 Estrada de Meias Coruche \/ Azervadinha;<br \/>\n\uf0b7 EM 590 St\u00aa Justa \/ Montargil;<br \/>\n\uf0b7 Rua Paul Coruche;<br \/>\n\uf0b7 EN 119 Qt\u00aa Grande;<br \/>\n\uf0b7 EN 251 Montinhos Pego \/ Cou\u00e7o ( 4 pontos).<\/p>\n<p>Perante os dados verificados e as consequ\u00eancias previs\u00edveis decidiu a Comiss\u00e3o Distrital de Prote\u00e7\u00e3o Civil ativar o Plano Especial de Emerg\u00eancia para Cheias na Bacia do Tejo no seu n\u00edvel Amarelo pelas 10h00 de 13dez22<\/p>\n<p>\u00c9 espect\u00e1vel nas pr\u00f3ximas horas, uma subida dos caudais do rio Tejo, mantendo-se assim a elevada probabilidade de cheia.<\/p>\n<p>Neste sentido, o Comando Distrital de Opera\u00e7\u00f5es de Socorro (CDOS) de Santar\u00e9m\u00a0 aconselha-se:<\/p>\n<p>\uf0b7 Retire, das zonas confinantes, normalmente inund\u00e1veis, equipamentos agr\u00edcolas,\u00a0industriais, viaturas e outros bens;<\/p>\n<p>\uf0b7 Leve os animais para locais seguros, retirando os rebanhos que se encontram nas\u00a0zonas que ser\u00e3o provavelmente inund\u00e1veis;<\/p>\n<p>\uf0b7 N\u00e3o atravessar com viaturas ou a p\u00e9 estradas ou zonas alagadas;<\/p>\n<p>\uf0b7 Manter-se informado atrav\u00e9s dos \u00d3rg\u00e3os de Comunica\u00e7\u00e3o Social ou dos Agentes de Prote\u00e7\u00e3o Civil, desenvolvendo as a\u00e7\u00f5es necess\u00e1rias para a sua prote\u00e7\u00e3o, da fam\u00edlia e bens.<\/p>\n<p>O CDOS de Santar\u00e9m, em articula\u00e7\u00e3o com a Ag\u00eancia Portuguesa do Ambiente, IP, EDP produ\u00e7\u00e3o, Servi\u00e7os Municipais de Prote\u00e7\u00e3o Civil e Agentes de Prote\u00e7\u00e3o Civil, continuar\u00e1 a acompanhar a situa\u00e7\u00e3o e emitir\u00e1 outros comunicados que se entendam necess\u00e1rios.<\/p>\n<p>Para mais informa\u00e7\u00f5es, consulte os s\u00edtios na internet da ANPC (<a href=\"http:\/\/www.prociv.pt\">www.prociv.pt<\/a>),<\/p>\n<p>Instituto Portugu\u00eas do Mar e Atmosfera (<a href=\"http:\/\/www.meteo.pt\">www.meteo.pt<\/a>), e <a href=\"http:\/\/snirh.inag.pt\/index.php?idMain=2&amp;idItem=2\">APAmbiente<\/a><\/p>\n<p><strong>\u00a0 \u00a0 \u00a0Fonte: CDOS|Santar\u00e9m<\/strong><\/p>\n","protected":false},"excerpt":{"rendered":"<p>A precipita\u00e7\u00e3o que se tem sentido em Portugal e tamb\u00e9m em Espanha, gerou um aumento consider\u00e1vel dos n\u00edveis hidrom\u00e9tricos e caudais do rio Tejo especialmente nos provenientes de Espanha. O Comando Distrital de Opera\u00e7\u00f5es de Socorro de Santar\u00e9m prev\u00ea que a partir das 01 hora de 14 de dezembro, os caudais lan\u00e7ados no Rio Tejo [&hellip;]<\/p>\n","protected":false},"author":2,"featured_media":23018,"comment_status":"open","ping_status":"open","sticky":false,"template":"","format":"standard","meta":{"footnotes":""},"categories":[9],"tags":[],"class_list":["post-23014","post","type-post","status-publish","format-standard","has-post-thumbnail","hentry","category-ambiente"],"_links":{"self":[{"href":"https:\/\/tintafresca.net\/index.php\/wp-json\/wp\/v2\/posts\/23014","targetHints":{"allow":["GET"]}}],"collection":[{"href":"https:\/\/tintafresca.net\/index.php\/wp-json\/wp\/v2\/posts"}],"about":[{"href":"https:\/\/tintafresca.net\/index.php\/wp-json\/wp\/v2\/types\/post"}],"author":[{"embeddable":true,"href":"https:\/\/tintafresca.net\/index.php\/wp-json\/wp\/v2\/users\/2"}],"replies":[{"embeddable":true,"href":"https:\/\/tintafresca.net\/index.php\/wp-json\/wp\/v2\/comments?post=23014"}],"version-history":[{"count":4,"href":"https:\/\/tintafresca.net\/index.php\/wp-json\/wp\/v2\/posts\/23014\/revisions"}],"predecessor-version":[{"id":23020,"href":"https:\/\/tintafresca.net\/index.php\/wp-json\/wp\/v2\/posts\/23014\/revisions\/23020"}],"wp:featuredmedia":[{"embeddable":true,"href":"https:\/\/tintafresca.net\/index.php\/wp-json\/wp\/v2\/media\/23018"}],"wp:attachment":[{"href":"https:\/\/tintafresca.net\/index.php\/wp-json\/wp\/v2\/media?parent=23014"}],"wp:term":[{"taxonomy":"category","embeddable":true,"href":"https:\/\/tintafresca.net\/index.php\/wp-json\/wp\/v2\/categories?post=23014"},{"taxonomy":"post_tag","embeddable":true,"href":"https:\/\/tintafresca.net\/index.php\/wp-json\/wp\/v2\/tags?post=23014"}],"curies":[{"name":"wp","href":"https:\/\/api.w.org\/{rel}","templated":true}]}}