{"id":23055,"date":"2022-12-15T19:01:49","date_gmt":"2022-12-15T19:01:49","guid":{"rendered":"https:\/\/tintafresca.net\/?p=23055"},"modified":"2022-12-15T19:05:57","modified_gmt":"2022-12-15T19:05:57","slug":"politecnico-de-leiria-debate-a-valorizacao-e-transferencia-de-idi-e-os-desafios-na-captacao-e-retencao-de-profissionais","status":"publish","type":"post","link":"https:\/\/tintafresca.net\/index.php\/2022\/12\/15\/politecnico-de-leiria-debate-a-valorizacao-e-transferencia-de-idi-e-os-desafios-na-captacao-e-retencao-de-profissionais\/","title":{"rendered":"Polit\u00e9cnico de Leiria debate a valoriza\u00e7\u00e3o e transfer\u00eancia de I&#038;D+i e os desafios na capta\u00e7\u00e3o e reten\u00e7\u00e3o de profissionais"},"content":{"rendered":"<div id=\"attachment_18535\" style=\"width: 510px\" class=\"wp-caption alignleft\"><img loading=\"lazy\" decoding=\"async\" aria-describedby=\"caption-attachment-18535\" class=\"wp-image-18535 size-full\" src=\"https:\/\/tintafresca.net\/wp-content\/uploads\/2022\/07\/IPL_Servicos_Centrais10.jpg\" alt=\"\" width=\"500\" height=\"281\" srcset=\"https:\/\/tintafresca.net\/wp-content\/uploads\/2022\/07\/IPL_Servicos_Centrais10.jpg 500w, https:\/\/tintafresca.net\/wp-content\/uploads\/2022\/07\/IPL_Servicos_Centrais10-300x169.jpg 300w\" sizes=\"auto, (max-width: 500px) 100vw, 500px\" \/><p id=\"caption-attachment-18535\" class=\"wp-caption-text\">Servi\u00e7os Centrais do Polit\u00e9cnico de Leiria<\/p><\/div>\n<p>O Polit\u00e9cnico de Leiria vai promover um debate em torno da import\u00e2ncia da partilha e valoriza\u00e7\u00e3o de conhecimento cient\u00edfico e tecnol\u00f3gico, e dos desafios na capta\u00e7\u00e3o e reten\u00e7\u00e3o de profissionais de destaque nas empresas. Intitulado \u201cIn Market \u2013 Partilha e valoriza\u00e7\u00e3o de conhecimento\u201d, o evento tem como objetivo a valoriza\u00e7\u00e3o, partilha e transfer\u00eancia das tecnologias e\/ou produtos inovadores desenvolvidos no \u00e2mbito das atividades de I&amp;D+i, realizando-se j\u00e1 na pr\u00f3xima segunda-feira, dia 19, entre as 10h00 e as 16h00, nos Servi\u00e7os Centrais do Polit\u00e9cnico de Leiria.<\/p>\n<p>As boas-vindas \u00e0 sess\u00e3o ser\u00e3o dadas por Nuno Almeida, pr\u00f3-presidente do Polit\u00e9cnico de Leiria, pelas 10h15. Segue-se a primeira sess\u00e3o, subordinada ao tema \u201cSensibiliza\u00e7\u00e3o para a Valoriza\u00e7\u00e3o e Transfer\u00eancia de I&amp;D+I\u201d, onde Lu\u00eds Ferreira, administrador da Patentree, discutir\u00e1 as modalidades de prote\u00e7\u00e3o de PI (Propriedade Intelectual) aplic\u00e1veis \u00e0 prote\u00e7\u00e3o de software, e M\u00e1rcia Rosa, advogada e agente oficial da Propriedade Industrial, abordar\u00e1 o processo de registo e pedidos de patentes.<\/p>\n<p>Quando forem 14h00 inicia-se a segunda sess\u00e3o, sobre a tem\u00e1tica \u201cGest\u00e3o de Talento nas Empresas: da Capta\u00e7\u00e3o \u00e0 Reten\u00e7\u00e3o\u201d, que inclui a tert\u00falia \u201cAtra\u00e7\u00e3o e reten\u00e7\u00e3o de talento nas empresas da regi\u00e3o (Centro e Norte)\u201d, com as oradoras Raquel Rita, Head of People &amp; Culture da inCentea, e Andrea Sousa, CEO da Marca Empregado e professora da Escola Superior de Tecnologia e Gest\u00e3o do Polit\u00e9cnico de Leiria. A sess\u00e3o inclui ainda o laborat\u00f3rio de ideias \u201cCapta\u00e7\u00e3o de Talento para a Ind\u00fastria \u2013 Desafios e Estrat\u00e9gias\u201d, com V\u00edtor Ferreira, diretor-geral da Startup Leiria. O encerramento est\u00e1 agendado para as 16h00.<\/p>\n<p>O evento enquadra-se no \u201cINOVC+ &#8211; Ecossistema de Inova\u00e7\u00e3o Inteligente da Regi\u00e3o Centro\u201d, um projeto financiado pelo Centro 2020 e FEDER, no \u00e2mbito do AVISO CENTRO-46-2021-23 &#8211; Sistema de Apoio a A\u00e7\u00f5es Coletivas &#8211; \u201cTransfer\u00eancia de Conhecimento Cient\u00edfico e Tecnol\u00f3gico\u201d.<\/p>\n<p><strong>PROGRAMA<\/strong><\/p>\n<p><strong>10H00<\/strong>\u00a0\u2013 Rece\u00e7\u00e3o Dos participantes<br \/>\n<strong>10H15<\/strong>\u00a0\u2013 Sess\u00e3o de Abertura<\/p>\n<p><strong>Sess\u00f5es &#8220;Sensibiliza\u00e7\u00e3o para a valoriza\u00e7\u00e3o e transfer\u00eancia de I&amp;D+i&#8221;<br \/>\n<\/strong><strong>10H30<\/strong>\u00a0\u2013 Modalidades de prote\u00e7\u00e3o de PI aplic\u00e1veis \u00e0 prote\u00e7\u00e3o de\u00a0<em>software<br \/>\n<\/em><strong>11H30\u00a0<\/strong>\u2013 Processo de registo e pedidos de patentes<br \/>\n<strong>12H30<\/strong>\u00a0\u2013 Almo\u00e7o\u00a0<em>(volante)<\/em>\u00a0de\u00a0<em>Networking<\/em><\/p>\n<p><strong>Sess\u00f5es &#8220;Gest\u00e3o de talento nas empresas: da capta\u00e7\u00e3o \u00e0 reten\u00e7\u00e3o&#8221;<br \/>\n<\/strong><strong>14H00<\/strong>\u00a0\u2013 Tert\u00falia\u00a0<em>Knowledge Exchange<\/em>\u00a0&#8211; &#8220;Atra\u00e7\u00e3o e reten\u00e7\u00e3o de talento nas empresas da regi\u00e3o (Centro e Norte)&#8221;.<br \/>\n<strong>15H00<\/strong>\u00a0\u2013\u00a0<em>Think Tank<\/em>\u00a0&#8211; &#8220;Capta\u00e7\u00e3o de Talento para a Ind\u00fastria \u2013 Desafios e Estrat\u00e9gias&#8221;<br \/>\n<strong>16H00<\/strong>\u00a0\u2013 Encerramento e\u00a0<em>Coffee break<\/em>\u00a0\/\u00a0<em>Networking.<\/em><\/p>\n<p>A sess\u00e3o de encerramento decorrer\u00e1 pelas 16h00, seguindo-se de um momento de Networking entre docentes e investigadores e as empresas presentes.<\/p>\n<p><strong>SOBRE O INOVC+<\/strong><\/p>\n<p>O INOVC+: Ecossistema de Inova\u00e7\u00e3o Inteligente da Regi\u00e3o Centro \u00e9 um Programa Estrat\u00e9gico Especial de cria\u00e7\u00e3o de novos produtos e servi\u00e7os resultantes de atividades de I&amp;D e Inova\u00e7\u00e3o para a Regi\u00e3o Centro.<\/p>\n<p>O Ecossistema INOVC+ \u00e9 composto por 19 entidades que pretendem afirmar a Regi\u00e3o Centro como uma refer\u00eancia nacional de proje\u00e7\u00e3o internacional na cria\u00e7\u00e3o de novos produtos e servi\u00e7os resultantes de atividades de I&amp;D+I: Universidade de Coimbra (l\u00edder do cons\u00f3rcio); Universidade de Aveiro; Universidade da Beira Interior; Instituto Polit\u00e9cnico de Leiria; Instituto Polit\u00e9cnico de Coimbra; Instituto Polit\u00e9cnico de Tomar, Instituto Polit\u00e9cnico de Castelo Branco; Instituto Polit\u00e9cnico da Guarda; Instituto Polit\u00e9cnico de Viseu; Instituto Pedro Nunes; OBITEC &#8211; Associa\u00e7\u00e3o \u00d3bidos Ci\u00eancia e Tecnologia, BIOCANT \u2013 Associa\u00e7\u00e3o de Transfer\u00eancia de Tecnologia; ITECONS \u2013 Instituto de Investiga\u00e7\u00e3o e Desenvolvimento Tecnol\u00f3gico para a Constru\u00e7\u00e3o, Energia, Ambiente e Sustentabilidade; SERQ &#8211; Centro de Inova\u00e7\u00e3o e Compet\u00eancias da Floresta; TAGUSVALLEY &#8211; Associa\u00e7\u00e3o para a Promo\u00e7\u00e3o e Desenvolvimento do Tecnop\u00f3lo do Vale do Tejo, AEMITEQ &#8211; Associa\u00e7\u00e3o para a Inova\u00e7\u00e3o Tecnol\u00f3gica e Qualidade; AIBILI &#8211; Associa\u00e7\u00e3o para Investiga\u00e7\u00e3o Biom\u00e9dica e Inova\u00e7\u00e3o em Luz e Imagem; Associa\u00e7\u00e3o BLC3 &#8211; Campus de Tecnologia e Inova\u00e7\u00e3o; Raiz &#8211; Instituto de Investiga\u00e7\u00e3o da Floresta e Papel.<\/p>\n<p>O INOVC+: Ecossistema de Inova\u00e7\u00e3o Inteligente da Regi\u00e3o Centro \u00e9 um projeto com um investimento eleg\u00edvel total de 3,39 milh\u00f5es de euros, cofinanciado a 85% pelo CENTRO 2020 &#8211; Programa Operacional Regional do Centro, Portugal 2020 e Uni\u00e3o Europeia, atrav\u00e9s do Fundo Europeu de Desenvolvimento Regional.<\/p>\n<p><strong>\u00a0 \u00a0 Fonte: EC e Midlandcom<\/strong><\/p>\n","protected":false},"excerpt":{"rendered":"<p>O Polit\u00e9cnico de Leiria vai promover um debate em torno da import\u00e2ncia da partilha e valoriza\u00e7\u00e3o de conhecimento cient\u00edfico e tecnol\u00f3gico, e dos desafios na capta\u00e7\u00e3o e reten\u00e7\u00e3o de profissionais de destaque nas empresas. Intitulado \u201cIn Market \u2013 Partilha e valoriza\u00e7\u00e3o de conhecimento\u201d, o evento tem como objetivo a valoriza\u00e7\u00e3o, partilha e transfer\u00eancia das tecnologias [&hellip;]<\/p>\n","protected":false},"author":2,"featured_media":18537,"comment_status":"open","ping_status":"open","sticky":false,"template":"","format":"standard","meta":{"footnotes":""},"categories":[7,14],"tags":[],"class_list":["post-23055","post","type-post","status-publish","format-standard","has-post-thumbnail","hentry","category-economia","category-educacao"],"_links":{"self":[{"href":"https:\/\/tintafresca.net\/index.php\/wp-json\/wp\/v2\/posts\/23055","targetHints":{"allow":["GET"]}}],"collection":[{"href":"https:\/\/tintafresca.net\/index.php\/wp-json\/wp\/v2\/posts"}],"about":[{"href":"https:\/\/tintafresca.net\/index.php\/wp-json\/wp\/v2\/types\/post"}],"author":[{"embeddable":true,"href":"https:\/\/tintafresca.net\/index.php\/wp-json\/wp\/v2\/users\/2"}],"replies":[{"embeddable":true,"href":"https:\/\/tintafresca.net\/index.php\/wp-json\/wp\/v2\/comments?post=23055"}],"version-history":[{"count":2,"href":"https:\/\/tintafresca.net\/index.php\/wp-json\/wp\/v2\/posts\/23055\/revisions"}],"predecessor-version":[{"id":23057,"href":"https:\/\/tintafresca.net\/index.php\/wp-json\/wp\/v2\/posts\/23055\/revisions\/23057"}],"wp:featuredmedia":[{"embeddable":true,"href":"https:\/\/tintafresca.net\/index.php\/wp-json\/wp\/v2\/media\/18537"}],"wp:attachment":[{"href":"https:\/\/tintafresca.net\/index.php\/wp-json\/wp\/v2\/media?parent=23055"}],"wp:term":[{"taxonomy":"category","embeddable":true,"href":"https:\/\/tintafresca.net\/index.php\/wp-json\/wp\/v2\/categories?post=23055"},{"taxonomy":"post_tag","embeddable":true,"href":"https:\/\/tintafresca.net\/index.php\/wp-json\/wp\/v2\/tags?post=23055"}],"curies":[{"name":"wp","href":"https:\/\/api.w.org\/{rel}","templated":true}]}}