{"id":23064,"date":"2022-12-15T22:10:03","date_gmt":"2022-12-15T22:10:03","guid":{"rendered":"https:\/\/tintafresca.net\/?p=23064"},"modified":"2022-12-15T22:15:32","modified_gmt":"2022-12-15T22:15:32","slug":"plano-municipal-de-defesa-da-floresta-de-alcobaca-aprovado-por-unanimidade","status":"publish","type":"post","link":"https:\/\/tintafresca.net\/index.php\/2022\/12\/15\/plano-municipal-de-defesa-da-floresta-de-alcobaca-aprovado-por-unanimidade\/","title":{"rendered":"Plano Municipal de Defesa da Floresta de Alcoba\u00e7a aprovado por unanimidade"},"content":{"rendered":"<div id=\"attachment_23066\" style=\"width: 410px\" class=\"wp-caption alignleft\"><img loading=\"lazy\" decoding=\"async\" aria-describedby=\"caption-attachment-23066\" class=\"wp-image-23066\" src=\"https:\/\/tintafresca.net\/wp-content\/uploads\/2022\/12\/Alcobaca_Floresta.png\" alt=\"\" width=\"400\" height=\"400\" srcset=\"https:\/\/tintafresca.net\/wp-content\/uploads\/2022\/12\/Alcobaca_Floresta.png 680w, https:\/\/tintafresca.net\/wp-content\/uploads\/2022\/12\/Alcobaca_Floresta-300x300.png 300w, https:\/\/tintafresca.net\/wp-content\/uploads\/2022\/12\/Alcobaca_Floresta-150x150.png 150w\" sizes=\"auto, (max-width: 400px) 100vw, 400px\" \/><p id=\"caption-attachment-23066\" class=\"wp-caption-text\">Floresta no concelho de Alcoba\u00e7a<\/p><\/div>\n<p>A reuni\u00e3o da Comiss\u00e3o Municipal de Gest\u00e3o Integrada de Fogos Rurais de Alcoba\u00e7a, na qual foi apresentada e aprovado por unanimidade o Plano Municipal de Defesa da Floresta (PMDF), realizou-se no dia 7 de dezembro, no Sal\u00e3o Nobre dos Pa\u00e7os do Concelho.<\/p>\n<p>O documento faz um diagn\u00f3stico do territ\u00f3rio com base em par\u00e2metros como a caracteriza\u00e7\u00e3o demogr\u00e1fica, topogr\u00e1fica, clim\u00e1tica, entre outros e define um conjunto de a\u00e7\u00f5es que ser\u00e3o implementadas pelo Servi\u00e7o Municipal de Prote\u00e7\u00e3o Civil, respons\u00e1vel pela elabora\u00e7\u00e3o do PMDF, com o contributo das entidades que comp\u00f5e a Comiss\u00e3o.<\/p>\n<p>A reuni\u00e3o da Comiss\u00e3o Municipal de Gest\u00e3o Integrada de Fogos Rurais foi presidida pelo edil Herm\u00ednio Rodrigues e contou com a presen\u00e7a do vereador do Pelouro da Prote\u00e7\u00e3o Civil, Paulo Mateus, do coordenador municipal de Prote\u00e7\u00e3o Civil, N\u00e9lio Gomes e pelos respetivos representantes das entidades GNR, comandantes dos Corpos de Bombeiros de Alcoba\u00e7a, Benedita, Pataias e S\u00e3o Martinho do Porto, ICNF, E-Redes, REN, Brisa, Juntas de Freguesias e da Associa\u00e7\u00e3o de Produtores Florestais dos Concelhos de Alcoba\u00e7a e Nazar\u00e9<\/p>\n<p>&#8220;Este plano deve ser um documento vivo e em constante atualiza\u00e7\u00e3o, dado o contexto de mudan\u00e7a e de r\u00e1pida evolu\u00e7\u00e3o em que vivemos. Ser\u00e1 um plano ao servi\u00e7o da comunidade, din\u00e2mico e promotor da seguran\u00e7a das nossas popula\u00e7\u00f5es&#8221;, afirmou o presidente da C\u00e2mara Municipal de Alcoba\u00e7a, Herm\u00ednio Rodrigues.<\/p>\n<p>Ap\u00f3s a sua aprova\u00e7\u00e3o em sede da Comiss\u00e3o, o PMDF de Alcoba\u00e7a ser\u00e1 agora submetido ao ICNF.<\/p>\n<p><strong>\u00a0 \u00a0 Fonte: GAP|CMA<\/strong><\/p>\n","protected":false},"excerpt":{"rendered":"<p>A reuni\u00e3o da Comiss\u00e3o Municipal de Gest\u00e3o Integrada de Fogos Rurais de Alcoba\u00e7a, na qual foi apresentada e aprovado por unanimidade o Plano Municipal de Defesa da Floresta (PMDF), realizou-se no dia 7 de dezembro, no Sal\u00e3o Nobre dos Pa\u00e7os do Concelho. O documento faz um diagn\u00f3stico do territ\u00f3rio com base em par\u00e2metros como a [&hellip;]<\/p>\n","protected":false},"author":2,"featured_media":23068,"comment_status":"open","ping_status":"open","sticky":false,"template":"","format":"standard","meta":{"footnotes":""},"categories":[9],"tags":[],"class_list":["post-23064","post","type-post","status-publish","format-standard","has-post-thumbnail","hentry","category-ambiente"],"_links":{"self":[{"href":"https:\/\/tintafresca.net\/index.php\/wp-json\/wp\/v2\/posts\/23064","targetHints":{"allow":["GET"]}}],"collection":[{"href":"https:\/\/tintafresca.net\/index.php\/wp-json\/wp\/v2\/posts"}],"about":[{"href":"https:\/\/tintafresca.net\/index.php\/wp-json\/wp\/v2\/types\/post"}],"author":[{"embeddable":true,"href":"https:\/\/tintafresca.net\/index.php\/wp-json\/wp\/v2\/users\/2"}],"replies":[{"embeddable":true,"href":"https:\/\/tintafresca.net\/index.php\/wp-json\/wp\/v2\/comments?post=23064"}],"version-history":[{"count":4,"href":"https:\/\/tintafresca.net\/index.php\/wp-json\/wp\/v2\/posts\/23064\/revisions"}],"predecessor-version":[{"id":23070,"href":"https:\/\/tintafresca.net\/index.php\/wp-json\/wp\/v2\/posts\/23064\/revisions\/23070"}],"wp:featuredmedia":[{"embeddable":true,"href":"https:\/\/tintafresca.net\/index.php\/wp-json\/wp\/v2\/media\/23068"}],"wp:attachment":[{"href":"https:\/\/tintafresca.net\/index.php\/wp-json\/wp\/v2\/media?parent=23064"}],"wp:term":[{"taxonomy":"category","embeddable":true,"href":"https:\/\/tintafresca.net\/index.php\/wp-json\/wp\/v2\/categories?post=23064"},{"taxonomy":"post_tag","embeddable":true,"href":"https:\/\/tintafresca.net\/index.php\/wp-json\/wp\/v2\/tags?post=23064"}],"curies":[{"name":"wp","href":"https:\/\/api.w.org\/{rel}","templated":true}]}}