{"id":23081,"date":"2022-12-16T13:25:43","date_gmt":"2022-12-16T13:25:43","guid":{"rendered":"https:\/\/tintafresca.net\/?p=23081"},"modified":"2022-12-17T16:32:18","modified_gmt":"2022-12-17T16:32:18","slug":"comissao-europeia-aprova-programa-centro-2030-com-22-mil-milhoes-de-euros-de-fundos-europeus","status":"publish","type":"post","link":"https:\/\/tintafresca.net\/index.php\/2022\/12\/16\/comissao-europeia-aprova-programa-centro-2030-com-22-mil-milhoes-de-euros-de-fundos-europeus\/","title":{"rendered":"Comiss\u00e3o Europeia aprova Programa Centro 2030 com 2,2 mil milh\u00f5es de euros de fundos europeus"},"content":{"rendered":"<div id=\"attachment_18751\" style=\"width: 460px\" class=\"wp-caption alignleft\"><img loading=\"lazy\" decoding=\"async\" aria-describedby=\"caption-attachment-18751\" class=\"wp-image-18751 size-full\" src=\"https:\/\/tintafresca.net\/wp-content\/uploads\/2022\/07\/PM_Isabel_Damasceno.jpg\" alt=\"\" width=\"450\" height=\"600\" srcset=\"https:\/\/tintafresca.net\/wp-content\/uploads\/2022\/07\/PM_Isabel_Damasceno.jpg 450w, https:\/\/tintafresca.net\/wp-content\/uploads\/2022\/07\/PM_Isabel_Damasceno-225x300.jpg 225w\" sizes=\"auto, (max-width: 450px) 100vw, 450px\" \/><p id=\"caption-attachment-18751\" class=\"wp-caption-text\">Isabel Damasceno<\/p><\/div>\n<p>A Comiss\u00e3o Europeia aprovou o Programa Regional do Centro (Centro 2030) para o pr\u00f3ximo per\u00edodo de programa\u00e7\u00e3o 2021-2027. Atrav\u00e9s deste Programa, gerido pela Comiss\u00e3o de Coordena\u00e7\u00e3o e Desenvolvimento Regional do Centro (CCDRC), a regi\u00e3o Centro disp\u00f5e de 2,2 mil milh\u00f5es de euros de fundos europeus para financiar investimentos na regi\u00e3o.<\/p>\n<p>No quadro da Pol\u00edtica de Coes\u00e3o da Uni\u00e3o Europeia, o Programa Centro 2030 destina-se a promover a competitividade da economia, a sustentabilidade ambiental e a valoriza\u00e7\u00e3o do territ\u00f3rio e das pessoas na regi\u00e3o. Atrav\u00e9s deste programa pretende-se operacionalizar a estrat\u00e9gia de desenvolvimento da regi\u00e3o e as estrat\u00e9gias sub-regionais das Comunidades Intermunicipais.<\/p>\n<p>Para a presidente da CCDRC, Isabel Damasceno, \u201ca aprova\u00e7\u00e3o do Programa Centro 2030 marca o fim de um longo processo de reflex\u00e3o de toda a regi\u00e3o, iniciado com a aprova\u00e7\u00e3o da Vis\u00e3o Estrat\u00e9gica para a Regi\u00e3o Centro 2030 em 2020 e com a revis\u00e3o da Estrat\u00e9gia Regional de Especializa\u00e7\u00e3o Inteligente (RIS3) do Centro em 2021. O Programa Centro 2030 \u00e9, sem d\u00favida, uma oportunidade para a regi\u00e3o diminuir as disparidades econ\u00f3micas e sociais e responder ao problema demogr\u00e1fico e aos desafios da emerg\u00eancia clim\u00e1tica e da descarboniza\u00e7\u00e3o. \u00c9 um programa muito focado nas pol\u00edticas territoriais, refor\u00e7adas pelo processo de descentraliza\u00e7\u00e3o que est\u00e1 a decorrer\u201d.<\/p>\n<p>O Centro 2030, alinhado com as prioridades da Uni\u00e3o Europeia, estrutura-se em cinco objetivos estrat\u00e9gicos:<\/p>\n<ul>\n<li>Centro mais competitivo e inteligente, investindo na inova\u00e7\u00e3o, na digitaliza\u00e7\u00e3o, na competitividade das empresas, nas compet\u00eancias para a especializa\u00e7\u00e3o inteligente e no empreendedorismo;<\/li>\n<li>\u00a0Centro mais verde, investindo na sustentabilidade, na economia circular, na transi\u00e7\u00e3o energ\u00e9tica e na mobilidade urbana sustent\u00e1vel;<\/li>\n<li>\u00a0Centro mais conectado, atrav\u00e9s de interven\u00e7\u00f5es de moderniza\u00e7\u00e3o, requalifica\u00e7\u00e3o e refor\u00e7o de tro\u00e7os da rede ferrovi\u00e1ria regional;<\/li>\n<li>Centro mais social e inclusivo (Pilar Europeu dos Direitos Sociais), apoiando o emprego de qualidade, a educa\u00e7\u00e3o, as compet\u00eancias, a inclus\u00e3o social e a igualdade de acesso aos cuidados de sa\u00fade;<\/li>\n<li>Centro territorialmente mais coeso e pr\u00f3ximo dos cidad\u00e3os, atrav\u00e9s do apoio a estrat\u00e9gias de desenvolvimento sub-regional e local e ao desenvolvimento urbano sustent\u00e1vel.<\/li>\n<\/ul>\n<p>Al\u00e9m do Fundo Europeu de Desenvolvimento Regional (FEDER) e do Fundo Social Europeu (FSE), o Centro 2030 inclui o Fundo para a Transi\u00e7\u00e3o Justa (FTJ), destinado a mitigar, no M\u00e9dio Tejo, os impactos socioecon\u00f3micos da transi\u00e7\u00e3o para a neutralidade carb\u00f3nica resultantes do encerramento da Central Termoel\u00e9trica do Pego, em Abrantes, atrav\u00e9s do apoio \u00e0 diversifica\u00e7\u00e3o da atividade econ\u00f3mica do territ\u00f3rio e aos trabalhadores afetados.<\/p>\n<p><strong> \u00a0 Fonte: CCDR|Centro<\/strong><\/p>\n","protected":false},"excerpt":{"rendered":"<p>A Comiss\u00e3o Europeia aprovou o Programa Regional do Centro (Centro 2030) para o pr\u00f3ximo per\u00edodo de programa\u00e7\u00e3o 2021-2027. Atrav\u00e9s deste Programa, gerido pela Comiss\u00e3o de Coordena\u00e7\u00e3o e Desenvolvimento Regional do Centro (CCDRC), a regi\u00e3o Centro disp\u00f5e de 2,2 mil milh\u00f5es de euros de fundos europeus para financiar investimentos na regi\u00e3o. No quadro da Pol\u00edtica de [&hellip;]<\/p>\n","protected":false},"author":2,"featured_media":23084,"comment_status":"open","ping_status":"open","sticky":false,"template":"","format":"standard","meta":{"footnotes":""},"categories":[7],"tags":[],"class_list":["post-23081","post","type-post","status-publish","format-standard","has-post-thumbnail","hentry","category-economia"],"_links":{"self":[{"href":"https:\/\/tintafresca.net\/index.php\/wp-json\/wp\/v2\/posts\/23081","targetHints":{"allow":["GET"]}}],"collection":[{"href":"https:\/\/tintafresca.net\/index.php\/wp-json\/wp\/v2\/posts"}],"about":[{"href":"https:\/\/tintafresca.net\/index.php\/wp-json\/wp\/v2\/types\/post"}],"author":[{"embeddable":true,"href":"https:\/\/tintafresca.net\/index.php\/wp-json\/wp\/v2\/users\/2"}],"replies":[{"embeddable":true,"href":"https:\/\/tintafresca.net\/index.php\/wp-json\/wp\/v2\/comments?post=23081"}],"version-history":[{"count":6,"href":"https:\/\/tintafresca.net\/index.php\/wp-json\/wp\/v2\/posts\/23081\/revisions"}],"predecessor-version":[{"id":23108,"href":"https:\/\/tintafresca.net\/index.php\/wp-json\/wp\/v2\/posts\/23081\/revisions\/23108"}],"wp:featuredmedia":[{"embeddable":true,"href":"https:\/\/tintafresca.net\/index.php\/wp-json\/wp\/v2\/media\/23084"}],"wp:attachment":[{"href":"https:\/\/tintafresca.net\/index.php\/wp-json\/wp\/v2\/media?parent=23081"}],"wp:term":[{"taxonomy":"category","embeddable":true,"href":"https:\/\/tintafresca.net\/index.php\/wp-json\/wp\/v2\/categories?post=23081"},{"taxonomy":"post_tag","embeddable":true,"href":"https:\/\/tintafresca.net\/index.php\/wp-json\/wp\/v2\/tags?post=23081"}],"curies":[{"name":"wp","href":"https:\/\/api.w.org\/{rel}","templated":true}]}}