{"id":2317,"date":"2021-03-15T19:46:55","date_gmt":"2021-03-15T19:46:55","guid":{"rendered":"https:\/\/tintafresca.net\/?p=2317"},"modified":"2021-03-15T19:55:28","modified_gmt":"2021-03-15T19:55:28","slug":"numero-de-casos-ativos-de-covid-19-na-regiao-oeste-baixa-para-menos-de-500","status":"publish","type":"post","link":"https:\/\/tintafresca.net\/index.php\/2021\/03\/15\/numero-de-casos-ativos-de-covid-19-na-regiao-oeste-baixa-para-menos-de-500\/","title":{"rendered":"N\u00famero de casos ativos de COVID-19 na Regi\u00e3o Oeste baixa para menos de 500"},"content":{"rendered":"<div id=\"attachment_2320\" style=\"width: 510px\" class=\"wp-caption alignleft\"><img loading=\"lazy\" decoding=\"async\" aria-describedby=\"caption-attachment-2320\" class=\"wp-image-2320 size-full\" src=\"https:\/\/tintafresca.net\/wp-content\/uploads\/2021\/03\/Convento_Gaeiras100.jpg\" alt=\"\" width=\"500\" height=\"375\" \/><p id=\"caption-attachment-2320\" class=\"wp-caption-text\">Sede da Associa\u00e7\u00e3o de Munic\u00edpios do Oeste, no Convento das Gaeiras, em \u00d3bidos<\/p><\/div>\n<p>O n\u00famero de casos ativos de COVID-19 na Regi\u00e3o Oeste desceu, no dia 15 de mar\u00e7o, para menos de cinco centenas (486), depois de ter atingido um pico de mais de 6 mil casos no dia 31 de janeiro (6211), representando uma redu\u00e7\u00e3o de 92% do n\u00famero de pessoas infetadas face ao pico da pandemia.<\/p>\n<p>Alenquer e Torres Vedras s\u00e3o agora os \u00fanicos concelhos com mais de uma centena de casos ativos na Regi\u00e3o Oeste, com 159 e 111 infetados, respetivamente. Sete dos 12 concelhos t\u00eam j\u00e1 30 ou menos casos: Peniche (30), Sobral de Monte Agra\u00e7o (15), Lourinh\u00e3 (7), Nazar\u00e9 (5), Cadaval (4), Bombarral (3), Arruda dos Vinhos (2) e \u00d3bidos (0). Entre os 50 e 100 casos est\u00e3o dois concelhos: Caldas da Rainha (94) e Alcoba\u00e7a (56).<\/p>\n<p>O n\u00famero total de infetados \u00e9 agora 22.330 e o n\u00famero de recuperados 21.127, sendo o n\u00famero de \u00f3bitos de 717. Torres Vedras regista agora 170 \u00f3bitos, seguido de Caldas da Rainha (131), Alcoba\u00e7a (77), Alenquer (76), Arruda dos Vinhos (60), \u00d3bidos (49), Peniche (47), Lourinh\u00e3 (37), Bombarral (23), Sobral de Monte Agra\u00e7o (19), Nazar\u00e9 (16) e Cadaval (12).<\/p>\n","protected":false},"excerpt":{"rendered":"<p>O n\u00famero de casos ativos de COVID-19 na Regi\u00e3o Oeste desceu, no dia 15 de mar\u00e7o, para menos de cinco centenas (486), depois de ter atingido um pico de mais de 6 mil casos no dia 31 de janeiro (6211), representando uma redu\u00e7\u00e3o de 92% do n\u00famero de pessoas infetadas face ao pico da pandemia. [&hellip;]<\/p>\n","protected":false},"author":2,"featured_media":2321,"comment_status":"open","ping_status":"open","sticky":false,"template":"","format":"standard","meta":{"footnotes":""},"categories":[6],"tags":[],"class_list":["post-2317","post","type-post","status-publish","format-standard","has-post-thumbnail","hentry","category-saude"],"_links":{"self":[{"href":"https:\/\/tintafresca.net\/index.php\/wp-json\/wp\/v2\/posts\/2317","targetHints":{"allow":["GET"]}}],"collection":[{"href":"https:\/\/tintafresca.net\/index.php\/wp-json\/wp\/v2\/posts"}],"about":[{"href":"https:\/\/tintafresca.net\/index.php\/wp-json\/wp\/v2\/types\/post"}],"author":[{"embeddable":true,"href":"https:\/\/tintafresca.net\/index.php\/wp-json\/wp\/v2\/users\/2"}],"replies":[{"embeddable":true,"href":"https:\/\/tintafresca.net\/index.php\/wp-json\/wp\/v2\/comments?post=2317"}],"version-history":[{"count":4,"href":"https:\/\/tintafresca.net\/index.php\/wp-json\/wp\/v2\/posts\/2317\/revisions"}],"predecessor-version":[{"id":2324,"href":"https:\/\/tintafresca.net\/index.php\/wp-json\/wp\/v2\/posts\/2317\/revisions\/2324"}],"wp:featuredmedia":[{"embeddable":true,"href":"https:\/\/tintafresca.net\/index.php\/wp-json\/wp\/v2\/media\/2321"}],"wp:attachment":[{"href":"https:\/\/tintafresca.net\/index.php\/wp-json\/wp\/v2\/media?parent=2317"}],"wp:term":[{"taxonomy":"category","embeddable":true,"href":"https:\/\/tintafresca.net\/index.php\/wp-json\/wp\/v2\/categories?post=2317"},{"taxonomy":"post_tag","embeddable":true,"href":"https:\/\/tintafresca.net\/index.php\/wp-json\/wp\/v2\/tags?post=2317"}],"curies":[{"name":"wp","href":"https:\/\/api.w.org\/{rel}","templated":true}]}}