{"id":23269,"date":"2022-12-23T12:24:23","date_gmt":"2022-12-23T12:24:23","guid":{"rendered":"https:\/\/tintafresca.net\/?p=23269"},"modified":"2022-12-23T12:30:08","modified_gmt":"2022-12-23T12:30:08","slug":"camara-da-batalha-desmente-declaracoes-infundadas-do-coordenador-do-centro-de-saude-da-batalha","status":"publish","type":"post","link":"https:\/\/tintafresca.net\/index.php\/2022\/12\/23\/camara-da-batalha-desmente-declaracoes-infundadas-do-coordenador-do-centro-de-saude-da-batalha\/","title":{"rendered":"C\u00e2mara da Batalha desmente \u201cdeclara\u00e7\u00f5es infundadas do Coordenador do Centro de Sa\u00fade da Batalha\u201d"},"content":{"rendered":"<div id=\"attachment_23271\" style=\"width: 410px\" class=\"wp-caption alignleft\"><img loading=\"lazy\" decoding=\"async\" aria-describedby=\"caption-attachment-23271\" class=\"wp-image-23271\" src=\"https:\/\/tintafresca.net\/wp-content\/uploads\/2022\/12\/Batalha_centro_saude1.jpg\" alt=\"\" width=\"400\" height=\"250\" srcset=\"https:\/\/tintafresca.net\/wp-content\/uploads\/2022\/12\/Batalha_centro_saude1.jpg 500w, https:\/\/tintafresca.net\/wp-content\/uploads\/2022\/12\/Batalha_centro_saude1-300x188.jpg 300w\" sizes=\"auto, (max-width: 400px) 100vw, 400px\" \/><p id=\"caption-attachment-23271\" class=\"wp-caption-text\">Centro de Sa\u00fade da Batalha<\/p><\/div>\n<p>Na \u00faltima Assembleia Municipal foi aprovada, por unanimidade, uma recomenda\u00e7\u00e3o apresentada pelo Movimento Independente Batalha \u00e9 de Todos em que se defende a urg\u00eancia na cria\u00e7\u00e3o de condi\u00e7\u00f5es dignas para os utentes que aguardam ao frio e \u00e0 chuva no exterior do Centro de Sa\u00fade da Batalha antes do in\u00edcio de funcionamento e da abertura de portas deste equipamento. A mesma recomenda\u00e7\u00e3o apontava para a dificuldade em estabelecer contacto telef\u00f3nico para os centros de Sa\u00fade da Batalha e para os polos de Reguengo do Fetal e S\u00e3o Mamede o que implica desloca\u00e7\u00f5es constantes, desnecess\u00e1rias e dispendiosas por parte dos utentes.<\/p>\n<p>Dias depois de ser conhecida a discuss\u00e3o deste assunto na Assembleia Municipal, a C\u00e2mara da Batalha foi surpreendida por um coment\u00e1rio colocado nas redes sociais, da autoria do Coordenador da USF Condest\u00e1vel, em que o mesmo afirma que \u201cfoi solicitado \u00e0 C\u00e2mara uma telefonista, um seguran\u00e7a e um quiosque eletr\u00f3nico (como est\u00e1 no hospital) e foi negado pelo munic\u00edpio\u201d.<\/p>\n<p>Assim que foi poss\u00edvel, efetuou-se contato com o referido respons\u00e1vel que reconheceu nunca ter falado com o atual presidente da C\u00e2mara sobre aquelas pretens\u00f5es.<\/p>\n<p>A acompanhar aquela \u201cacusa\u00e7\u00e3o\u201d dirigida ao Munic\u00edpio, o PSD da Batalha, sem questionar a Autarquia sobre a alegada veracidade do coment\u00e1rio e do seu conte\u00fado, adota uma posi\u00e7\u00e3o populista e de total aproveitamento pol\u00edtico, acusando a C\u00e2mara e os seus eleitos de n\u00e3o investir na Sa\u00fade e de n\u00e3o satisfazer o que, pretensamente, havido sido solicitado.<\/p>\n<p>Perante o que considera graves acusa\u00e7\u00f5es e da constata\u00e7\u00e3o de que at\u00e9 no dom\u00ednio da Sa\u00fade &#8211; uma das \u00e1reas mais relevantes para a popula\u00e7\u00e3o \u2013 o Executivo da C\u00e2mara Municipal da Batalha constata que \u201co PSD utiliza este assunto para confundir os mun\u00edcipes na tentativa torpe e sem pudor de enganar os batalhenses.\u201d<\/p>\n<p>A C\u00e2mara da Batalha lamenta ter de tomar esta posi\u00e7\u00e3o, mas entende que \u201ca Sa\u00fade, em especial para quem tem responsabilidade nesta \u00e1rea, n\u00e3o pode ser utilizada para gincana pol\u00edtica.\u201d<\/p>\n<p>Raul Castro, presidente da C\u00e2mara da Batalha esclarece ainda que \u201co que verdadeiramente \u00e9 importante para os batalhenses \u00e9 a qualidade dos servi\u00e7os prestados \u00e0 popula\u00e7\u00e3o\u201d. Neste dom\u00ednio, o autarca refor\u00e7a que o Munic\u00edpio \u201cest\u00e1, como sempre esteve, dispon\u00edvel para em conjunto com a coordena\u00e7\u00e3o da Unidade de Sa\u00fade Familiar Condest\u00e1vel, encontrar as melhores solu\u00e7\u00f5es para mitigar a falta de profissionais e as lacunas que se registam\u201d.<\/p>\n<p>Ao contr\u00e1rio do que \u00e9 veiculado pelo coordenador da USF Condest\u00e1vel, a C\u00e2mara da Batalha esteve sempre dispon\u00edvel para reunir tendo existido v\u00e1rias reuni\u00f5es ao longo do ano sem que nenhuma destas situa\u00e7\u00f5es tivesse sido abordada.<\/p>\n<p>A C\u00e2mara da Batalha congratula-se pelo facto de se perspetivar que em 2023 o atendimento telef\u00f3nico deixe de ser um problema, mantendo total disponibilidade, como at\u00e9 agora tem acontecido, para em conjunto responder \u00e0s necessidades associadas aos cuidados de sa\u00fade prim\u00e1rios da popula\u00e7\u00e3o concelhia.<\/p>\n","protected":false},"excerpt":{"rendered":"<p>Na \u00faltima Assembleia Municipal foi aprovada, por unanimidade, uma recomenda\u00e7\u00e3o apresentada pelo Movimento Independente Batalha \u00e9 de Todos em que se defende a urg\u00eancia na cria\u00e7\u00e3o de condi\u00e7\u00f5es dignas para os utentes que aguardam ao frio e \u00e0 chuva no exterior do Centro de Sa\u00fade da Batalha antes do in\u00edcio de funcionamento e da abertura [&hellip;]<\/p>\n","protected":false},"author":2,"featured_media":23273,"comment_status":"open","ping_status":"open","sticky":false,"template":"","format":"standard","meta":{"footnotes":""},"categories":[6],"tags":[],"class_list":["post-23269","post","type-post","status-publish","format-standard","has-post-thumbnail","hentry","category-saude"],"_links":{"self":[{"href":"https:\/\/tintafresca.net\/index.php\/wp-json\/wp\/v2\/posts\/23269","targetHints":{"allow":["GET"]}}],"collection":[{"href":"https:\/\/tintafresca.net\/index.php\/wp-json\/wp\/v2\/posts"}],"about":[{"href":"https:\/\/tintafresca.net\/index.php\/wp-json\/wp\/v2\/types\/post"}],"author":[{"embeddable":true,"href":"https:\/\/tintafresca.net\/index.php\/wp-json\/wp\/v2\/users\/2"}],"replies":[{"embeddable":true,"href":"https:\/\/tintafresca.net\/index.php\/wp-json\/wp\/v2\/comments?post=23269"}],"version-history":[{"count":2,"href":"https:\/\/tintafresca.net\/index.php\/wp-json\/wp\/v2\/posts\/23269\/revisions"}],"predecessor-version":[{"id":23272,"href":"https:\/\/tintafresca.net\/index.php\/wp-json\/wp\/v2\/posts\/23269\/revisions\/23272"}],"wp:featuredmedia":[{"embeddable":true,"href":"https:\/\/tintafresca.net\/index.php\/wp-json\/wp\/v2\/media\/23273"}],"wp:attachment":[{"href":"https:\/\/tintafresca.net\/index.php\/wp-json\/wp\/v2\/media?parent=23269"}],"wp:term":[{"taxonomy":"category","embeddable":true,"href":"https:\/\/tintafresca.net\/index.php\/wp-json\/wp\/v2\/categories?post=23269"},{"taxonomy":"post_tag","embeddable":true,"href":"https:\/\/tintafresca.net\/index.php\/wp-json\/wp\/v2\/tags?post=23269"}],"curies":[{"name":"wp","href":"https:\/\/api.w.org\/{rel}","templated":true}]}}