{"id":23274,"date":"2022-12-23T15:51:32","date_gmt":"2022-12-23T15:51:32","guid":{"rendered":"https:\/\/tintafresca.net\/?p=23274"},"modified":"2022-12-23T16:05:26","modified_gmt":"2022-12-23T16:05:26","slug":"urgencia-pediatrica-da-unidade-de-torres-vedras-vai-encerrar-das-9h-do-dia-24-as-9h-do-dia-26-de-dezembro","status":"publish","type":"post","link":"https:\/\/tintafresca.net\/index.php\/2022\/12\/23\/urgencia-pediatrica-da-unidade-de-torres-vedras-vai-encerrar-das-9h-do-dia-24-as-9h-do-dia-26-de-dezembro\/","title":{"rendered":"Urg\u00eancia Pedi\u00e1trica da Unidade de Torres Vedras vai encerrar das 9h do dia 24 \u00e0s 9h do dia 26 de dezembro"},"content":{"rendered":"<div id=\"attachment_23276\" style=\"width: 510px\" class=\"wp-caption alignleft\"><img loading=\"lazy\" decoding=\"async\" aria-describedby=\"caption-attachment-23276\" class=\"wp-image-23276 size-full\" src=\"https:\/\/tintafresca.net\/wp-content\/uploads\/2022\/12\/CHO_Unidade-de-Torres-Vedras10.jpg\" alt=\"\" width=\"500\" height=\"331\" srcset=\"https:\/\/tintafresca.net\/wp-content\/uploads\/2022\/12\/CHO_Unidade-de-Torres-Vedras10.jpg 500w, https:\/\/tintafresca.net\/wp-content\/uploads\/2022\/12\/CHO_Unidade-de-Torres-Vedras10-300x199.jpg 300w\" sizes=\"auto, (max-width: 500px) 100vw, 500px\" \/><p id=\"caption-attachment-23276\" class=\"wp-caption-text\">Urg\u00eancia Pedi\u00e1trica da Unidade de Torres Vedras<\/p><\/div>\n<p>O Conselho de Administra\u00e7\u00e3o do Centro Hospitalar do Oeste informa que a Urg\u00eancia Pedi\u00e1trica da Unidade de Torres Vedras n\u00e3o disp\u00f5e de recursos humanos suficientes para preenchimento da escala respetiva entre as 09h de 24 de dezembro e as 09h de 26 de dezembro de 2022.<\/p>\n<p>Assim, solicita aos utentes que n\u00e3o se desloquem \u00e0 Urg\u00eancia Pedi\u00e1trica da Unidade de Torres Vedras neste per\u00edodo sem contacto pr\u00e9vio com a Linha SNS 24 \u2013 808 24 24 24, que disponibiliza aconselhamento e encaminhamento em situa\u00e7\u00e3o de doen\u00e7a. Em caso de confirma\u00e7\u00e3o pela Linha SNS 24 da necessidade de desloca\u00e7\u00e3o \u00e0 Urg\u00eancia Pedi\u00e1trica, devem dirigir-se \u00e0 Unidade de Caldas da Rainha, outra Unidade que faz parte deste Centro Hospitalar.<\/p>\n<p>Este procedimento, utilizado h\u00e1 anos na gest\u00e3o da procura pelo SNS, salvaguarda o atendimento, assegurando a resposta e o funcionamento em rede. Caso n\u00e3o se confirme a necessidade de recurso a um servi\u00e7o de urg\u00eancia pedi\u00e1trica hospitalar, pede-se aos utentes que recorram aos cuidados de sa\u00fade prim\u00e1rios.<\/p>\n<p>Encontram-se em funcionamento o Atendimento Complementar de Mafra durante 24h, e o Atendimento Complementar de Torres Vedras, entre as 8h a as 14h de s\u00e1bado, 24 de dezembro.<\/p>\n<p>O Conselho de Administra\u00e7\u00e3o continua a envidar todos os esfor\u00e7os para contratar recursos humanos para assegurar o normal funcionamento dos v\u00e1rios Servi\u00e7os deste Centro Hospitalar. O Centro Hospitalar do Oeste agradece aos Profissionais da institui\u00e7\u00e3o o profissionalismo, o empenho, a dedica\u00e7\u00e3o e o esfor\u00e7o adicional na presta\u00e7\u00e3o de cuidados de sa\u00fade \u00e0 popula\u00e7\u00e3o, e apela \u00e0 compreens\u00e3o dos utentes, lamentando, desde j\u00e1, os constrangimentos que, apesar de todos os meios disponibilizados, n\u00e3o foi poss\u00edvel ultrapassar.<\/p>\n<p>O Centro Hospitalar do Oeste integra os hospitais de Caldas da Rainha, Peniche e Torres Vedras, tendo uma \u00e1rea de influ\u00eancia constitu\u00edda pelas popula\u00e7\u00f5es dos concelhos de Caldas da Rainha, \u00d3bidos, Peniche, Bombarral, Torres Vedras, Cadaval e Lourinh\u00e3 e de parte dos concelhos de Alcoba\u00e7a (freguesias de Alfeizer\u00e3o, Benedita e S\u00e3o Martinho do Porto) e de Mafra (com exce\u00e7\u00e3o das freguesias de Malveira, Milharado, Santo Est\u00eav\u00e3o das Gal\u00e9s e Venda do Pinheiro), abrangendo 292.5346 habitantes.<\/p>\n<p><strong>\u00a0 \u00a0 \u00a0 Fonte: GC|CHO<\/strong><\/p>\n","protected":false},"excerpt":{"rendered":"<p>O Conselho de Administra\u00e7\u00e3o do Centro Hospitalar do Oeste informa que a Urg\u00eancia Pedi\u00e1trica da Unidade de Torres Vedras n\u00e3o disp\u00f5e de recursos humanos suficientes para preenchimento da escala respetiva entre as 09h de 24 de dezembro e as 09h de 26 de dezembro de 2022. Assim, solicita aos utentes que n\u00e3o se desloquem \u00e0 [&hellip;]<\/p>\n","protected":false},"author":2,"featured_media":23277,"comment_status":"open","ping_status":"open","sticky":false,"template":"","format":"standard","meta":{"footnotes":""},"categories":[6],"tags":[],"class_list":["post-23274","post","type-post","status-publish","format-standard","has-post-thumbnail","hentry","category-saude"],"_links":{"self":[{"href":"https:\/\/tintafresca.net\/index.php\/wp-json\/wp\/v2\/posts\/23274","targetHints":{"allow":["GET"]}}],"collection":[{"href":"https:\/\/tintafresca.net\/index.php\/wp-json\/wp\/v2\/posts"}],"about":[{"href":"https:\/\/tintafresca.net\/index.php\/wp-json\/wp\/v2\/types\/post"}],"author":[{"embeddable":true,"href":"https:\/\/tintafresca.net\/index.php\/wp-json\/wp\/v2\/users\/2"}],"replies":[{"embeddable":true,"href":"https:\/\/tintafresca.net\/index.php\/wp-json\/wp\/v2\/comments?post=23274"}],"version-history":[{"count":2,"href":"https:\/\/tintafresca.net\/index.php\/wp-json\/wp\/v2\/posts\/23274\/revisions"}],"predecessor-version":[{"id":23278,"href":"https:\/\/tintafresca.net\/index.php\/wp-json\/wp\/v2\/posts\/23274\/revisions\/23278"}],"wp:featuredmedia":[{"embeddable":true,"href":"https:\/\/tintafresca.net\/index.php\/wp-json\/wp\/v2\/media\/23277"}],"wp:attachment":[{"href":"https:\/\/tintafresca.net\/index.php\/wp-json\/wp\/v2\/media?parent=23274"}],"wp:term":[{"taxonomy":"category","embeddable":true,"href":"https:\/\/tintafresca.net\/index.php\/wp-json\/wp\/v2\/categories?post=23274"},{"taxonomy":"post_tag","embeddable":true,"href":"https:\/\/tintafresca.net\/index.php\/wp-json\/wp\/v2\/tags?post=23274"}],"curies":[{"name":"wp","href":"https:\/\/api.w.org\/{rel}","templated":true}]}}