{"id":23456,"date":"2022-12-30T10:33:23","date_gmt":"2022-12-30T10:33:23","guid":{"rendered":"https:\/\/tintafresca.net\/?p=23456"},"modified":"2022-12-30T11:32:24","modified_gmt":"2022-12-30T11:32:24","slug":"camara-municipal-de-torres-vedras-adquire-imovel-em-a-dos-cunhados-para-futura-unidade-de-saude","status":"publish","type":"post","link":"https:\/\/tintafresca.net\/index.php\/2022\/12\/30\/camara-municipal-de-torres-vedras-adquire-imovel-em-a-dos-cunhados-para-futura-unidade-de-saude\/","title":{"rendered":"C\u00e2mara de Torres Vedras adquire im\u00f3vel em A dos Cunhados para futura unidade de sa\u00fade"},"content":{"rendered":"<div id=\"attachment_23458\" style=\"width: 510px\" class=\"wp-caption alignleft\"><img loading=\"lazy\" decoding=\"async\" aria-describedby=\"caption-attachment-23458\" class=\"wp-image-23458 size-full\" src=\"https:\/\/tintafresca.net\/wp-content\/uploads\/2022\/12\/TV_Centro_saude_a_dos_cunhados10.jpg\" alt=\"\" width=\"500\" height=\"255\" srcset=\"https:\/\/tintafresca.net\/wp-content\/uploads\/2022\/12\/TV_Centro_saude_a_dos_cunhados10.jpg 500w, https:\/\/tintafresca.net\/wp-content\/uploads\/2022\/12\/TV_Centro_saude_a_dos_cunhados10-300x153.jpg 300w\" sizes=\"auto, (max-width: 500px) 100vw, 500px\" \/><p id=\"caption-attachment-23458\" class=\"wp-caption-text\">Im\u00f3vel adquirido acolhia um antigo Health Club \/ SPA<\/p><\/div>\n<p>A C\u00e2mara Municipal de Torres Vedras adquiriu um im\u00f3vel com vista \u00e0 sua reconvers\u00e3o na futura Unidade de Sa\u00fade que ir\u00e1 servir a popula\u00e7\u00e3o da Uni\u00e3o das Freguesias de A dos Cunhados e Maceira. O im\u00f3vel acolhia um antigo Health Club \/ SPA, encontrando-se devoluto e sem qualquer tipo de manuten\u00e7\u00e3o h\u00e1 quase uma d\u00e9cada. A escritura foi celebrada esta ter\u00e7a-feira, 27 de dezembro, pelo valor de 700.000 euros.<\/p>\n<p>O edif\u00edcio tem dois pisos e o im\u00f3vel tem uma \u00e1rea bruta privativa de 2.686,60 m2, prevendo-se a necessidade da sua remodela\u00e7\u00e3o e adapta\u00e7\u00e3o. Tendo em conta que se trata da segunda freguesia mais populosa do concelho de Torres Vedras e de forma a acompanhar o crescimento demogr\u00e1fico registado nas \u00faltimas d\u00e9cadas, o projeto prev\u00ea abranger 14.000 utentes.<\/p>\n<p>A futura unidade de sa\u00fade dever\u00e1 apresentar novas \u00e1reas de interven\u00e7\u00e3o (como a medicina f\u00edsica e de reabilita\u00e7\u00e3o), novas val\u00eancias que respondam \u00e0s necessidades da popula\u00e7\u00e3o (como a sa\u00fade oral e mental) e permitir uma maior capacidade resolutiva dos cuidados prim\u00e1rios, disponibilizando meios complementares de diagn\u00f3stico e terap\u00eautica de baixa complexidade.<\/p>\n<p>A decis\u00e3o em torno da aquisi\u00e7\u00e3o deste im\u00f3vel teve em conta a limita\u00e7\u00e3o f\u00edsica das atuais unidades de sa\u00fade de A dos Cunhados e de Maceira, as diversas dificuldades de acessibilidade aos edif\u00edcios e a necessidade de uma nova unidade de sa\u00fade que proporcione uma resposta de qualidade na presta\u00e7\u00e3o de cuidados de sa\u00fade prim\u00e1rios, m\u00e9dicos e de enfermagem, mas tamb\u00e9m no atendimento e no acolhimento aos utentes.<\/p>\n<p>A futura Unidade de Sa\u00fade, que servir\u00e1 a Uni\u00e3o das Freguesias de A dos Cunhados e Maceira, foi inscrita no Plano de Recupera\u00e7\u00e3o e Resili\u00eancia, podendo vir a ser financiada por este instrumento.<\/p>\n<p>A C\u00e2mara Municipal continua a reiterar junto do Minist\u00e9rio da Sa\u00fade a necessidade de refor\u00e7ar a cobertura de m\u00e9dicos de fam\u00edlia, uma vez que cerca de 38 mil utentes n\u00e3o t\u00eam m\u00e9dico de fam\u00edlia em Torres Vedras. Al\u00e9m de desabonar o investimento realizado pelo Munic\u00edpio na melhoria das infraestruturas f\u00edsicas, a falta de m\u00e9dicos de fam\u00edlia impossibilita a obten\u00e7\u00e3o de um n\u00edvel adequado de qualidade assistencial da rede p\u00fablica, aumentando as disparidades territoriais em mat\u00e9ria de acesso \u00e0 sa\u00fade.<\/p>\n","protected":false},"excerpt":{"rendered":"<p>A C\u00e2mara Municipal de Torres Vedras adquiriu um im\u00f3vel com vista \u00e0 sua reconvers\u00e3o na futura Unidade de Sa\u00fade que ir\u00e1 servir a popula\u00e7\u00e3o da Uni\u00e3o das Freguesias de A dos Cunhados e Maceira. O im\u00f3vel acolhia um antigo Health Club \/ SPA, encontrando-se devoluto e sem qualquer tipo de manuten\u00e7\u00e3o h\u00e1 quase uma d\u00e9cada. [&hellip;]<\/p>\n","protected":false},"author":2,"featured_media":23459,"comment_status":"open","ping_status":"open","sticky":false,"template":"","format":"standard","meta":{"footnotes":""},"categories":[6],"tags":[],"class_list":["post-23456","post","type-post","status-publish","format-standard","has-post-thumbnail","hentry","category-saude"],"_links":{"self":[{"href":"https:\/\/tintafresca.net\/index.php\/wp-json\/wp\/v2\/posts\/23456","targetHints":{"allow":["GET"]}}],"collection":[{"href":"https:\/\/tintafresca.net\/index.php\/wp-json\/wp\/v2\/posts"}],"about":[{"href":"https:\/\/tintafresca.net\/index.php\/wp-json\/wp\/v2\/types\/post"}],"author":[{"embeddable":true,"href":"https:\/\/tintafresca.net\/index.php\/wp-json\/wp\/v2\/users\/2"}],"replies":[{"embeddable":true,"href":"https:\/\/tintafresca.net\/index.php\/wp-json\/wp\/v2\/comments?post=23456"}],"version-history":[{"count":3,"href":"https:\/\/tintafresca.net\/index.php\/wp-json\/wp\/v2\/posts\/23456\/revisions"}],"predecessor-version":[{"id":23461,"href":"https:\/\/tintafresca.net\/index.php\/wp-json\/wp\/v2\/posts\/23456\/revisions\/23461"}],"wp:featuredmedia":[{"embeddable":true,"href":"https:\/\/tintafresca.net\/index.php\/wp-json\/wp\/v2\/media\/23459"}],"wp:attachment":[{"href":"https:\/\/tintafresca.net\/index.php\/wp-json\/wp\/v2\/media?parent=23456"}],"wp:term":[{"taxonomy":"category","embeddable":true,"href":"https:\/\/tintafresca.net\/index.php\/wp-json\/wp\/v2\/categories?post=23456"},{"taxonomy":"post_tag","embeddable":true,"href":"https:\/\/tintafresca.net\/index.php\/wp-json\/wp\/v2\/tags?post=23456"}],"curies":[{"name":"wp","href":"https:\/\/api.w.org\/{rel}","templated":true}]}}