{"id":23462,"date":"2022-12-30T13:55:50","date_gmt":"2022-12-30T13:55:50","guid":{"rendered":"https:\/\/tintafresca.net\/?p=23462"},"modified":"2022-12-30T14:07:55","modified_gmt":"2022-12-30T14:07:55","slug":"centro-de-vacinacao-covid-19-de-abrantes-encerra-depois-de-administrar-mais-de-90-mil-vacinas","status":"publish","type":"post","link":"https:\/\/tintafresca.net\/index.php\/2022\/12\/30\/centro-de-vacinacao-covid-19-de-abrantes-encerra-depois-de-administrar-mais-de-90-mil-vacinas\/","title":{"rendered":"Centro de Vacina\u00e7\u00e3o Covid-19 de Abrantes encerra depois de administrar mais de 90 mil vacinas"},"content":{"rendered":"<div id=\"attachment_23464\" style=\"width: 510px\" class=\"wp-caption alignleft\"><img loading=\"lazy\" decoding=\"async\" aria-describedby=\"caption-attachment-23464\" class=\"wp-image-23464 size-full\" src=\"https:\/\/tintafresca.net\/wp-content\/uploads\/2022\/12\/Abrantes_Centro_de_Vacinacao10.jpg\" alt=\"\" width=\"500\" height=\"333\" srcset=\"https:\/\/tintafresca.net\/wp-content\/uploads\/2022\/12\/Abrantes_Centro_de_Vacinacao10.jpg 500w, https:\/\/tintafresca.net\/wp-content\/uploads\/2022\/12\/Abrantes_Centro_de_Vacinacao10-300x200.jpg 300w\" sizes=\"auto, (max-width: 500px) 100vw, 500px\" \/><p id=\"caption-attachment-23464\" class=\"wp-caption-text\">Manuel Jorge Valamatos agradeceu a todos os profissionais que estiveram envolvidos no processo de vacina\u00e7\u00e3o contra a Covid-19<\/p><\/div>\n<p>O Centro de Vacina\u00e7\u00e3o Covid-19 de Abrantes, instalado no Quartel dos Bombeiros, encerrou esta quinta-feira, dia 29 de dezembro de 2022, ap\u00f3s quase dois anos de atividade onde foram administradas mais de 90 mil vacinas. A vacina\u00e7\u00e3o passa agora para o Centro de Sa\u00fade de Abrantes \u2013 Unidade de Cuidados de Sa\u00fade Personalizados (Extens\u00e3o de Sa\u00fade de Alferrarede) e Unidades de Sa\u00fade Familiar.<\/p>\n<div id=\"attachment_23465\" style=\"width: 510px\" class=\"wp-caption alignleft\"><img loading=\"lazy\" decoding=\"async\" aria-describedby=\"caption-attachment-23465\" class=\"wp-image-23465 size-full\" src=\"https:\/\/tintafresca.net\/wp-content\/uploads\/2022\/12\/Abrantes_Centro_de_Vacinacao30.jpg\" alt=\"\" width=\"500\" height=\"333\" srcset=\"https:\/\/tintafresca.net\/wp-content\/uploads\/2022\/12\/Abrantes_Centro_de_Vacinacao30.jpg 500w, https:\/\/tintafresca.net\/wp-content\/uploads\/2022\/12\/Abrantes_Centro_de_Vacinacao30-300x200.jpg 300w\" sizes=\"auto, (max-width: 500px) 100vw, 500px\" \/><p id=\"caption-attachment-23465\" class=\"wp-caption-text\">Equipa presente no processo de vacina\u00e7\u00e3o em Abrantes<\/p><\/div>\n<p>O presidente da C\u00e2mara Municipal de Abrantes, Manuel Jorge Valamatos, a diretora do Agrupamento de Centros de Sa\u00fade (ACES) do M\u00e9dio Tejo, Diana Leira, e a vereadora Raquel Olhicas estiveram esta ter\u00e7a-feira, 27 de dezembro, no Centro de Vacina\u00e7\u00e3o Covid-19 de Abrantes onde agradeceram a todos os profissionais que estiveram envolvidos no processo de vacina\u00e7\u00e3o contra a Covid-19.<\/p>\n<p><strong> \u00a0 Fonte: DC|CMA<\/strong><\/p>\n","protected":false},"excerpt":{"rendered":"<p>O Centro de Vacina\u00e7\u00e3o Covid-19 de Abrantes, instalado no Quartel dos Bombeiros, encerrou esta quinta-feira, dia 29 de dezembro de 2022, ap\u00f3s quase dois anos de atividade onde foram administradas mais de 90 mil vacinas. A vacina\u00e7\u00e3o passa agora para o Centro de Sa\u00fade de Abrantes \u2013 Unidade de Cuidados de Sa\u00fade Personalizados (Extens\u00e3o de [&hellip;]<\/p>\n","protected":false},"author":2,"featured_media":23466,"comment_status":"open","ping_status":"open","sticky":false,"template":"","format":"standard","meta":{"footnotes":""},"categories":[6],"tags":[],"class_list":["post-23462","post","type-post","status-publish","format-standard","has-post-thumbnail","hentry","category-saude"],"_links":{"self":[{"href":"https:\/\/tintafresca.net\/index.php\/wp-json\/wp\/v2\/posts\/23462","targetHints":{"allow":["GET"]}}],"collection":[{"href":"https:\/\/tintafresca.net\/index.php\/wp-json\/wp\/v2\/posts"}],"about":[{"href":"https:\/\/tintafresca.net\/index.php\/wp-json\/wp\/v2\/types\/post"}],"author":[{"embeddable":true,"href":"https:\/\/tintafresca.net\/index.php\/wp-json\/wp\/v2\/users\/2"}],"replies":[{"embeddable":true,"href":"https:\/\/tintafresca.net\/index.php\/wp-json\/wp\/v2\/comments?post=23462"}],"version-history":[{"count":2,"href":"https:\/\/tintafresca.net\/index.php\/wp-json\/wp\/v2\/posts\/23462\/revisions"}],"predecessor-version":[{"id":23467,"href":"https:\/\/tintafresca.net\/index.php\/wp-json\/wp\/v2\/posts\/23462\/revisions\/23467"}],"wp:featuredmedia":[{"embeddable":true,"href":"https:\/\/tintafresca.net\/index.php\/wp-json\/wp\/v2\/media\/23466"}],"wp:attachment":[{"href":"https:\/\/tintafresca.net\/index.php\/wp-json\/wp\/v2\/media?parent=23462"}],"wp:term":[{"taxonomy":"category","embeddable":true,"href":"https:\/\/tintafresca.net\/index.php\/wp-json\/wp\/v2\/categories?post=23462"},{"taxonomy":"post_tag","embeddable":true,"href":"https:\/\/tintafresca.net\/index.php\/wp-json\/wp\/v2\/tags?post=23462"}],"curies":[{"name":"wp","href":"https:\/\/api.w.org\/{rel}","templated":true}]}}