{"id":23574,"date":"2023-01-03T19:44:18","date_gmt":"2023-01-03T19:44:18","guid":{"rendered":"https:\/\/tintafresca.net\/?p=23574"},"modified":"2023-01-04T00:00:22","modified_gmt":"2023-01-04T00:00:22","slug":"hospital-distrital-de-santarem-recebeu-29-novos-medicos-internos","status":"publish","type":"post","link":"https:\/\/tintafresca.net\/index.php\/2023\/01\/03\/hospital-distrital-de-santarem-recebeu-29-novos-medicos-internos\/","title":{"rendered":"Hospital Distrital de Santar\u00e9m recebeu 29 novos m\u00e9dicos internos"},"content":{"rendered":"<div id=\"attachment_23576\" style=\"width: 510px\" class=\"wp-caption alignleft\"><img loading=\"lazy\" decoding=\"async\" aria-describedby=\"caption-attachment-23576\" class=\"wp-image-23576 size-full\" src=\"https:\/\/tintafresca.net\/wp-content\/uploads\/2023\/01\/Santarem_HDS_Ana_Infante10.jpg\" alt=\"\" width=\"500\" height=\"333\" srcset=\"https:\/\/tintafresca.net\/wp-content\/uploads\/2023\/01\/Santarem_HDS_Ana_Infante10.jpg 500w, https:\/\/tintafresca.net\/wp-content\/uploads\/2023\/01\/Santarem_HDS_Ana_Infante10-300x200.jpg 300w\" sizes=\"auto, (max-width: 500px) 100vw, 500px\" \/><p id=\"caption-attachment-23576\" class=\"wp-caption-text\">Ana Infante<\/p><\/div>\n<p>O Hospital Distrital de Santar\u00e9m (HDS) recebeu segunda-feira, dia 2 de janeiro, 29 m\u00e9dicos internos, dos quais 22 de Forma\u00e7\u00e3o Geral e sete de Forma\u00e7\u00e3o Espec\u00edfica nas \u00e1reas de Cirurgia Geral (dois), Pediatria (dois), Patologia Cl\u00ednica (um), Cardiologia (um) e Ginecologia e Obstetr\u00edcia (um).<\/p>\n<p>Ao intervir na abertura da cerim\u00f3nia de acolhimento, Ana Infante, presidente do Conselho de Administra\u00e7\u00e3o do HDS, deu as boas-vindas aos m\u00e9dicos internos que v\u00e3o integrar a equipa do HDS. \u201cEspero que gostem de aprender e trabalhar em equipa\u201d, mencionou.<\/p>\n<p>Ap\u00f3s uma breve apresenta\u00e7\u00e3o do HDS e fazendo refer\u00eancia \u00e0 crise que se vive atualmente no setor da sa\u00fade, \u201ctransversal aos hospitais do SNS e aos da Europa\u201d, Ana Infante elencou alguns dos pontos fortes e fracos do setor p\u00fablico, real\u00e7ando que os \u201cpontos fortes do setor privado s\u00e3o os fracos do setor p\u00fablico\u201d. De acordo com a respons\u00e1vel, \u201capesar das diferen\u00e7as existentes, 43% dos m\u00e9dicos querem trabalhar exclusivamente no p\u00fablico, 34% nos dois setores e apenas 9% no setor privado\u201d.<\/p>\n<p>A cerim\u00f3nia de acolhimento dos novos internos contou tamb\u00e9m com as interven\u00e7\u00f5es de Mar\u00edlia Boavida, presidente do Conselho Cl\u00ednico e de Sa\u00fade do ACES Lez\u00edria; Diogo Gomes, vereador da C\u00e2mara Municipal de Santar\u00e9m; Pedro Ribeiro, presidente da \u00a0Comunidade Intermunicipal da Lez\u00edria do Tejo (CIMLT) e da C\u00e2mara Municipal de Almeirim; Paulo Sintra, diretor cl\u00ednico do HDS; Rita Paulos, diretora do Internato M\u00e9dico do HDS, e Jo\u00e3o Ferreira, coordenador da USF C\u00f4rtes d\u2019Almeirim.<\/p>\n<div id=\"attachment_23577\" style=\"width: 510px\" class=\"wp-caption alignleft\"><img loading=\"lazy\" decoding=\"async\" aria-describedby=\"caption-attachment-23577\" class=\"wp-image-23577 size-full\" src=\"https:\/\/tintafresca.net\/wp-content\/uploads\/2023\/01\/Santarem_HDS_medicos_internato10.jpg\" alt=\"\" width=\"500\" height=\"353\" srcset=\"https:\/\/tintafresca.net\/wp-content\/uploads\/2023\/01\/Santarem_HDS_medicos_internato10.jpg 500w, https:\/\/tintafresca.net\/wp-content\/uploads\/2023\/01\/Santarem_HDS_medicos_internato10-300x212.jpg 300w\" sizes=\"auto, (max-width: 500px) 100vw, 500px\" \/><p id=\"caption-attachment-23577\" class=\"wp-caption-text\">Novos m\u00e9dicos de internos<\/p><\/div>\n<p>Seguiu-se a transmiss\u00e3o em direto de um excerto da cerim\u00f3nia oficial de rece\u00e7\u00e3o aos m\u00e9dicos internos, que teve lugar no Centro Hospitalar Universit\u00e1rio Cova da Beira, em particular das interven\u00e7\u00f5es de Jo\u00e3o Carlos Ribeiro, presidente da Comiss\u00e3o Nacional do Internato M\u00e9dico, de Fernando Ara\u00fajo, presidente da Dire\u00e7\u00e3o Executiva do SNS, de Miguel Guimar\u00e3es, baston\u00e1rio da Ordem dos M\u00e9dicos, e de Ricardo Mestre, secret\u00e1rio de Estado da Sa\u00fade.<\/p>\n<p>De destacar a realiza\u00e7\u00e3o de uma\u00a0sess\u00e3o que contou com as interven\u00e7\u00f5es de Rita Paulos e Paulo Sintra, na qual os internos de forma\u00e7\u00e3o espec\u00edfica foram apresentados aos respetivos diretores dos servi\u00e7os que ir\u00e3o integrar.<\/p>\n<p>O evento anual de rece\u00e7\u00e3o aos internos ir\u00e1 prolongar-se at\u00e9 esta sexta-feira com a realiza\u00e7\u00e3o de diversas sess\u00f5es dirigidas aos novos m\u00e9dicos.<\/p>\n<p>O Internato M\u00e9dico \u00e9 composto pela Forma\u00e7\u00e3o Geral (per\u00edodo de forma\u00e7\u00e3o com a dura\u00e7\u00e3o de um ano onde o m\u00e9dico tem oportunidade de contactar com v\u00e1rios servi\u00e7os) e, consecutivamente, pela Forma\u00e7\u00e3o Espec\u00edfica (per\u00edodo de especializa\u00e7\u00e3o que poder\u00e1 durar entre tr\u00eas a cinco anos).<\/p>\n<p><strong>\u00a0 \u00a0 Fonte: GCI|HDS<\/strong><\/p>\n","protected":false},"excerpt":{"rendered":"<p>O Hospital Distrital de Santar\u00e9m (HDS) recebeu segunda-feira, dia 2 de janeiro, 29 m\u00e9dicos internos, dos quais 22 de Forma\u00e7\u00e3o Geral e sete de Forma\u00e7\u00e3o Espec\u00edfica nas \u00e1reas de Cirurgia Geral (dois), Pediatria (dois), Patologia Cl\u00ednica (um), Cardiologia (um) e Ginecologia e Obstetr\u00edcia (um). Ao intervir na abertura da cerim\u00f3nia de acolhimento, Ana Infante, presidente [&hellip;]<\/p>\n","protected":false},"author":2,"featured_media":23578,"comment_status":"open","ping_status":"open","sticky":false,"template":"","format":"standard","meta":{"footnotes":""},"categories":[6],"tags":[],"class_list":["post-23574","post","type-post","status-publish","format-standard","has-post-thumbnail","hentry","category-saude"],"_links":{"self":[{"href":"https:\/\/tintafresca.net\/index.php\/wp-json\/wp\/v2\/posts\/23574","targetHints":{"allow":["GET"]}}],"collection":[{"href":"https:\/\/tintafresca.net\/index.php\/wp-json\/wp\/v2\/posts"}],"about":[{"href":"https:\/\/tintafresca.net\/index.php\/wp-json\/wp\/v2\/types\/post"}],"author":[{"embeddable":true,"href":"https:\/\/tintafresca.net\/index.php\/wp-json\/wp\/v2\/users\/2"}],"replies":[{"embeddable":true,"href":"https:\/\/tintafresca.net\/index.php\/wp-json\/wp\/v2\/comments?post=23574"}],"version-history":[{"count":3,"href":"https:\/\/tintafresca.net\/index.php\/wp-json\/wp\/v2\/posts\/23574\/revisions"}],"predecessor-version":[{"id":23580,"href":"https:\/\/tintafresca.net\/index.php\/wp-json\/wp\/v2\/posts\/23574\/revisions\/23580"}],"wp:featuredmedia":[{"embeddable":true,"href":"https:\/\/tintafresca.net\/index.php\/wp-json\/wp\/v2\/media\/23578"}],"wp:attachment":[{"href":"https:\/\/tintafresca.net\/index.php\/wp-json\/wp\/v2\/media?parent=23574"}],"wp:term":[{"taxonomy":"category","embeddable":true,"href":"https:\/\/tintafresca.net\/index.php\/wp-json\/wp\/v2\/categories?post=23574"},{"taxonomy":"post_tag","embeddable":true,"href":"https:\/\/tintafresca.net\/index.php\/wp-json\/wp\/v2\/tags?post=23574"}],"curies":[{"name":"wp","href":"https:\/\/api.w.org\/{rel}","templated":true}]}}