{"id":23581,"date":"2023-01-04T09:57:39","date_gmt":"2023-01-04T09:57:39","guid":{"rendered":"https:\/\/tintafresca.net\/?p=23581"},"modified":"2023-01-05T14:35:50","modified_gmt":"2023-01-05T14:35:50","slug":"centro-hospitalar-de-leiria-recebe-59-novos-medicos-internos","status":"publish","type":"post","link":"https:\/\/tintafresca.net\/index.php\/2023\/01\/04\/centro-hospitalar-de-leiria-recebe-59-novos-medicos-internos\/","title":{"rendered":"Centro Hospitalar de Leiria recebe 59 novos m\u00e9dicos internos"},"content":{"rendered":"<div id=\"attachment_23583\" style=\"width: 510px\" class=\"wp-caption alignleft\"><img loading=\"lazy\" decoding=\"async\" aria-describedby=\"caption-attachment-23583\" class=\"wp-image-23583 size-full\" src=\"https:\/\/tintafresca.net\/wp-content\/uploads\/2023\/01\/CL_Rececao-aos-novos-internos10.jpg\" alt=\"\" width=\"500\" height=\"333\" srcset=\"https:\/\/tintafresca.net\/wp-content\/uploads\/2023\/01\/CL_Rececao-aos-novos-internos10.jpg 500w, https:\/\/tintafresca.net\/wp-content\/uploads\/2023\/01\/CL_Rececao-aos-novos-internos10-300x200.jpg 300w\" sizes=\"auto, (max-width: 500px) 100vw, 500px\" \/><p id=\"caption-attachment-23583\" class=\"wp-caption-text\">Rece\u00e7\u00e3o aos novos m\u00e9dicos internos<\/p><\/div>\n<p>O Centro Hospitalar de Leiria (CHL) recebeu, no dia 2 de janeiro, 59 novos m\u00e9dicos internos, sendo 38 internos de forma\u00e7\u00e3o geral e 21 internos de forma\u00e7\u00e3o espec\u00edfica, que agora iniciam o seu plano formativo na institui\u00e7\u00e3o. Os jovens m\u00e9dicos v\u00e3o ser acolhidos na forma\u00e7\u00e3o especializada pelas especialidades de Anestesiologia, Cardiologia, Cirurgia Geral, Gastrenterologia, Ginecologia\/Obstetr\u00edcia, Medicina F\u00edsica e Reabilita\u00e7\u00e3o, Medicina Intensiva, Medicina Interna, Ortopedia, Pediatria, Pneumologia e Psiquiatria; e na forma\u00e7\u00e3o geral em blocos formativos comuns a todos nas \u00e1reas de Cirurgia Geral, Medicina Interna, Pediatria e Cuidados de Sa\u00fade Prim\u00e1rios.<\/p>\n<p>A sess\u00e3o de boas-vindas decorreu no audit\u00f3rio do Hospital de Santo Andr\u00e9 (HSA), em Leiria, com uma mesa redonda sobre o tema \u201cO Internato M\u00e9dico em Portugal: onde estamos, para onde vamos\u201d, moderada pelo m\u00e9dico Rui Gameiro, com as interven\u00e7\u00f5es de Miguel Coelho, diretor de Servi\u00e7o de Cirurgia Geral, de Ana Ara\u00fajo, coordenadora e orientadora de forma\u00e7\u00e3o do Servi\u00e7o de Medicina Intensiva, \u00a0de Diana Fernandes, orientadora de forma\u00e7\u00e3o do Servi\u00e7o de Medicina Interna, de C\u00e1tia Domingues, interna da forma\u00e7\u00e3o especializada de Anestesiologia no CHL, e Carolina Almeida, interna da forma\u00e7\u00e3o especializada de Psiquiatria, tamb\u00e9m no CHL. Al\u00e9m do acolhimento aos novos internos, foram transmitidas algumas mensagens pertinentes, como o doente deve ser o foco, o cuidar dos doentes com dedica\u00e7\u00e3o, humanismo e compet\u00eancia, e a capacidade de ser humilde, porque a humildade \u00e9 a \u00fanica base s\u00f3lida de todas as virtudes.<\/p>\n<p>Ap\u00f3s uma palestra sobre as \u201cMetas internacionais de Seguran\u00e7a do Doente\u201d, apresentada pela enfermeira Teresa Peralta, foi o momento oficial de dar as boas-vindas aos novos m\u00e9dicos internos. Diogo Simas, m\u00e9dico interno e representante da Comiss\u00e3o de Internos, foi o primeiro a intervir, destacando a import\u00e2ncia da Comiss\u00e3o durante o internato. Salvato Feij\u00f3, diretor cl\u00ednico do CHL, tamb\u00e9m acolheu os novos m\u00e9dicos. \u00abPenso que ter\u00e3o todas as condi\u00e7\u00f5es para fazer o vosso internato. Bem-vindos a esta casa! T\u00eam o nosso apoio e contributo para a vossa forma\u00e7\u00e3o.\u00bb<\/p>\n<p>Rui Passadouro, presidente da Sub-Regi\u00e3o de Leiria da Ordem dos M\u00e9dicos, real\u00e7ou que \u00abestamos aqui sempre convosco, pois a forma\u00e7\u00e3o \u00e9 uma das grandes \u00e1reas da Ordem. Esperamos que tenham uma forma\u00e7\u00e3o de muita qualidade, e desafio-vos a ser muito exigentes convosco. Parab\u00e9ns pela vossa escolha!\u00bb<\/p>\n<p>Lic\u00ednio de Carvalho, presidente do Conselho de Administra\u00e7\u00e3o do CHL, ap\u00f3s os agradecimentos aos presentes, falou para os novos internos. \u00abEspero que validem a escolha do local da vossa forma\u00e7\u00e3o. Espero que o CHL e os Servi\u00e7os, dire\u00e7\u00e3o m\u00e9dica, dire\u00e7\u00e3o cl\u00ednica e dire\u00e7\u00e3o do internato m\u00e9dico, e todos n\u00f3s consigamos corresponder a todas as vossas expectativas. A experi\u00eancia tem-nos mostrado que os nossos internos s\u00e3o muito bons m\u00e9dicos, pois concluem o internato m\u00e9dico com as melhores notas a n\u00edvel nacional. Temos muito orgulho na capacidade formativa do CHL, \u00e9 um ponto de refer\u00eancia formativo, n\u00e3o em tanta dimens\u00e3o como gostar\u00edamos, mas \u00e9 com orgulho que vos posso dizer que este campo de forma\u00e7\u00e3o tem sido reconhecido.\u00bb E o presidente terminou desejando que \u00abse sintam felizes na cidade e no centro hospitalar, e que no final optem por ficar a trabalhar na regi\u00e3o e no CHL. Desejo o maior sucesso na vossa forma\u00e7\u00e3o, porque se for bem-sucedida, \u00e9 porque tamb\u00e9m n\u00f3s tivemos sucesso nessa forma\u00e7\u00e3o\u00bb.<\/p>\n<p>Os jovens internos do CHL assistiram virtualmente em direto \u00e0 sess\u00e3o nacional de boas-vindas a todos os novos internos, feita a partir do Centro Hospitalar e Universit\u00e1rio de Cova da Beira, onde interveio Fernando Ara\u00fajo, presidente da Dire\u00e7\u00e3o Executiva do SNS, destacando que \u00abO SNS tr\u00eas gera\u00e7\u00f5es diferentes de m\u00e9dicos: gera\u00e7\u00e3o x, gera\u00e7\u00e3o y e gera\u00e7\u00e3o z\u00bb, explicando as caracter\u00edsticas de cada uma e indicando que todas fazem parte das organiza\u00e7\u00f5es atuais. Advogou uma mudan\u00e7a nas pol\u00edticas de recursos humanos, nomeadamente altera\u00e7\u00f5es nos concursos e na forma\u00e7\u00e3o. \u00abOs m\u00e9dicos devem ter voz e ideias. N\u00e3o se resignem. Obrigado e bom ano!\u00bb<\/p>\n<p>Miguel Guimar\u00e3es, baston\u00e1rio da Ordem dos M\u00e9dicos, sublinhou que os internos \u00abs\u00e3o o principal fator do SNS. Sem m\u00e9dicos internos, est\u00e1 condenado a ficar desatualizado. Esta vossa entrada no internato tem duas dimens\u00f5es importantes: estar a fazer a vossa forma\u00e7\u00e3o continuada no SNS, geral e especializada, onde est\u00e3o a aprender, mas tamb\u00e9m a ensinar. Os internos n\u00e3o t\u00eam sido devidamente valorizados, e fazem parte das equipas do bloco operat\u00f3rio, da urg\u00eancia, fazem parte integrante da equipa e s\u00e3o absolutamente essenciais.\u00bb<\/p>\n<p>Ricardo Mestre, secret\u00e1rio de Estado da Sa\u00fade, falou nesta sess\u00e3o, indicando que \u00abo n\u00famero de jovens que hoje inicia a sua forma\u00e7\u00e3o geral e espec\u00edfica \u00e9 o maior dos \u00faltimos largos anos: 3.877 jovens. Temos v\u00e1rios desafios naquilo que \u00e9 a resposta em cuidados de sa\u00fade. O primeiro deles, a evolu\u00e7\u00e3o das necessidades em sa\u00fade da nossa popula\u00e7\u00e3o. Mais necessidades e popula\u00e7\u00e3o mais exigente, todos n\u00f3s cada vez temos expectativas mais elevadas e isso tamb\u00e9m \u00e9 um desafio que nos deve guiar naquilo que \u00e9 o nosso trajeto comum de sa\u00fade. Um terceiro desafio tem a ver com a organiza\u00e7\u00e3o na presta\u00e7\u00e3o de cuidados, temos mais necessidade de investir na promo\u00e7\u00e3o da sa\u00fade e preven\u00e7\u00e3o da doen\u00e7a; e um quarto desafio, com a utiliza\u00e7\u00e3o de recursos escassos, muito pressionados pela inova\u00e7\u00e3o tecnol\u00f3gica e pela transi\u00e7\u00e3o digital\u00bb.<\/p>\n<p>O secret\u00e1rio de Estado da Sa\u00fade ainda destacou que \u00abtemos tr\u00eas prioridades muito claras: responder \u00e0s necessidades de acesso da popula\u00e7\u00e3o ao SNS, o que ajuda fazer uma melhor gest\u00e3o, refor\u00e7ar respostas em v\u00e1rias \u00e1reas para um acesso mais qualificado; valorizar mais os profissionais de sa\u00fade, nomeadamente a valoriza\u00e7\u00e3o salarial, mais acesso \u00e0 forma\u00e7\u00e3o geral e especializada, a hierarquiza\u00e7\u00e3o das carreiras e medidas de concilia\u00e7\u00e3o entre a vida profissional e pessoal; outra prioridade \u00e9 o investimento no SNS: nos recursos humanos e continuar a investir na requalifica\u00e7\u00e3o das infraestruturas do SNS.\u00bb<\/p>\n<p>Dirigindo-se aos jovens m\u00e9dicos, Ricardo Mestre afirmou que \u00abvoc\u00eas v\u00e3o assumir um papel decisivo naquilo que \u00e9 o cumprimento deste caminho, quer enquanto cl\u00ednicos, quer enquanto l\u00edderes e de pessoas que participar\u00e3o de forma ativa na constru\u00e7\u00e3o da decis\u00e3o em sa\u00fade, na reconstru\u00e7\u00e3o e na reformula\u00e7\u00e3o do Servi\u00e7o Nacional de Sa\u00fade, e por isso voc\u00eas s\u00e3o um ativo fundamental do SNS. Desejo que tenham uma prof\u00edcua e longa carreira profissional, rumo ao sucesso e que hoje seja apenas o primeiro dia de um rumo aprofundado de sucesso pessoal, profissional e do SNS como um todo\u00bb.<\/p>\n<p><strong>Fonte: Midlandcom<\/strong><\/p>\n","protected":false},"excerpt":{"rendered":"<p>O Centro Hospitalar de Leiria (CHL) recebeu, no dia 2 de janeiro, 59 novos m\u00e9dicos internos, sendo 38 internos de forma\u00e7\u00e3o geral e 21 internos de forma\u00e7\u00e3o espec\u00edfica, que agora iniciam o seu plano formativo na institui\u00e7\u00e3o. Os jovens m\u00e9dicos v\u00e3o ser acolhidos na forma\u00e7\u00e3o especializada pelas especialidades de Anestesiologia, Cardiologia, Cirurgia Geral, Gastrenterologia, Ginecologia\/Obstetr\u00edcia, [&hellip;]<\/p>\n","protected":false},"author":2,"featured_media":23584,"comment_status":"open","ping_status":"open","sticky":false,"template":"","format":"standard","meta":{"footnotes":""},"categories":[6],"tags":[],"class_list":["post-23581","post","type-post","status-publish","format-standard","has-post-thumbnail","hentry","category-saude"],"_links":{"self":[{"href":"https:\/\/tintafresca.net\/index.php\/wp-json\/wp\/v2\/posts\/23581","targetHints":{"allow":["GET"]}}],"collection":[{"href":"https:\/\/tintafresca.net\/index.php\/wp-json\/wp\/v2\/posts"}],"about":[{"href":"https:\/\/tintafresca.net\/index.php\/wp-json\/wp\/v2\/types\/post"}],"author":[{"embeddable":true,"href":"https:\/\/tintafresca.net\/index.php\/wp-json\/wp\/v2\/users\/2"}],"replies":[{"embeddable":true,"href":"https:\/\/tintafresca.net\/index.php\/wp-json\/wp\/v2\/comments?post=23581"}],"version-history":[{"count":2,"href":"https:\/\/tintafresca.net\/index.php\/wp-json\/wp\/v2\/posts\/23581\/revisions"}],"predecessor-version":[{"id":23585,"href":"https:\/\/tintafresca.net\/index.php\/wp-json\/wp\/v2\/posts\/23581\/revisions\/23585"}],"wp:featuredmedia":[{"embeddable":true,"href":"https:\/\/tintafresca.net\/index.php\/wp-json\/wp\/v2\/media\/23584"}],"wp:attachment":[{"href":"https:\/\/tintafresca.net\/index.php\/wp-json\/wp\/v2\/media?parent=23581"}],"wp:term":[{"taxonomy":"category","embeddable":true,"href":"https:\/\/tintafresca.net\/index.php\/wp-json\/wp\/v2\/categories?post=23581"},{"taxonomy":"post_tag","embeddable":true,"href":"https:\/\/tintafresca.net\/index.php\/wp-json\/wp\/v2\/tags?post=23581"}],"curies":[{"name":"wp","href":"https:\/\/api.w.org\/{rel}","templated":true}]}}