{"id":23618,"date":"2023-01-05T19:02:11","date_gmt":"2023-01-05T19:02:11","guid":{"rendered":"https:\/\/tintafresca.net\/?p=23618"},"modified":"2023-01-05T19:18:30","modified_gmt":"2023-01-05T19:18:30","slug":"centro-hospitalar-do-oeste-acolheu-46-novos-medicos-para-realizacao-do-internato","status":"publish","type":"post","link":"https:\/\/tintafresca.net\/index.php\/2023\/01\/05\/centro-hospitalar-do-oeste-acolheu-46-novos-medicos-para-realizacao-do-internato\/","title":{"rendered":"Centro Hospitalar do Oeste acolheu 46 novos m\u00e9dicos para realiza\u00e7\u00e3o do Internato"},"content":{"rendered":"<div id=\"attachment_23620\" style=\"width: 510px\" class=\"wp-caption alignleft\"><img loading=\"lazy\" decoding=\"async\" aria-describedby=\"caption-attachment-23620\" class=\"wp-image-23620 size-full\" src=\"https:\/\/tintafresca.net\/wp-content\/uploads\/2023\/01\/CHO_Internos-Formacao-Geral_2023_10.jpg\" alt=\"\" width=\"500\" height=\"250\" srcset=\"https:\/\/tintafresca.net\/wp-content\/uploads\/2023\/01\/CHO_Internos-Formacao-Geral_2023_10.jpg 500w, https:\/\/tintafresca.net\/wp-content\/uploads\/2023\/01\/CHO_Internos-Formacao-Geral_2023_10-300x150.jpg 300w\" sizes=\"auto, (max-width: 500px) 100vw, 500px\" \/><p id=\"caption-attachment-23620\" class=\"wp-caption-text\">Novos m\u00e9dicos internos do Centro Hospitalar do Oeste<\/p><\/div>\n<p>Esta segunda-feira, 2 de janeiro, o Centro Hospitalar do Oeste recebeu 46 m\u00e9dicos internos, 34 da Forma\u00e7\u00e3o Geral e 12 da Forma\u00e7\u00e3o Especializada, que escolheram as Unidades de Caldas da Rainha e de Torres Vedras para completarem o seu processo de forma\u00e7\u00e3o m\u00e9dica.<\/p>\n<p>A sess\u00e3o de boas-vindas aos 34 internos da Forma\u00e7\u00e3o Geral decorreu presencialmente durante a manh\u00e3 na Unidade de Caldas da Rainha, e foi conduzida pela diretora do Internato M\u00e9dico, Sara Santos, e contou com a presen\u00e7a da presidente do Conselho de Administra\u00e7\u00e3o do CHOeste, Elsa Bai\u00e3o. Os internos assistiram \u00e0 cerim\u00f3nia nacional de boas-vindas organizada pela Administra\u00e7\u00e3o Central do Sistema de Sa\u00fade (ACSS), transmitida em direto via streaming para todo o pa\u00eds, a partir das instala\u00e7\u00f5es do<br \/>\nCentro Hospitalar Universit\u00e1rio Cova da Beira.<\/p>\n<p>Durante a tarde, realizou-se a rece\u00e7\u00e3o aos 12 m\u00e9dicos de Forma\u00e7\u00e3o Especializada, distribu\u00eddos pelas especialidades Medicina Interna (5), Pediatria (2), Ginecologia \/ Obstetr\u00edcia (1), Cirurgia Geral (2), Ortopedia (1) e Pneumologia (1).<\/p>\n<p>Nas suas interven\u00e7\u00f5es de boas-vindas, a presidente do Conselho de Administra\u00e7\u00e3o do CHOeste, Elsa Bai\u00e3o, desejou as maiores felicidades pessoais e profissionais aos novos m\u00e9dicos nesta nova etapa formativa, e expressou que conta com o contributo de todos no crescimento e moderniza\u00e7\u00e3o da Institui\u00e7\u00e3o, assim como na valoriza\u00e7\u00e3o da vertente humana nos cuidados prestados aos doentes.<\/p>\n<p>Recorda-se que o Internato M\u00e9dico realiza-se ap\u00f3s a licenciatura\/mestrado integrado em Medicina e corresponde a um processo de forma\u00e7\u00e3o m\u00e9dica especializada, te\u00f3rica e pr\u00e1tica, que tem como objetivo habilitar o m\u00e9dico ao exerc\u00edcio tecnicamente diferenciado na respetiva \u00e1rea de especializa\u00e7\u00e3o.<\/p>\n<p>No primeiro ano, designado por Forma\u00e7\u00e3o Geral, os m\u00e9dicos passam durante nove meses pelos Servi\u00e7os hospitalares de Medicina Interna, Pediatria e Cirurgia Geral. Os restantes tr\u00eas meses s\u00e3o dedicados \u00e0 especialidade de Medicina Geral e Familiar e \u00e0 Sa\u00fade P\u00fablica, nos Centros de Sa\u00fade do ACES Oeste Norte e ACES Oeste Sul.<\/p>\n<p>No que respeita \u00e0 Forma\u00e7\u00e3o Especializada, pode ter a dura\u00e7\u00e3o de 4 a 6 anos, dependo<br \/>\nda \u00e1rea de especialidade.<\/p>\n<p>O Centro Hospitalar do Oeste integra os hospitais de Caldas da Rainha, Peniche e Torres Vedras, tendo uma \u00e1rea de influ\u00eancia constitu\u00edda pelas popula\u00e7\u00f5es dos concelhos de Caldas da Rainha, \u00d3bidos, Peniche, Bombarral, Torres Vedras, Cadaval e Lourinh\u00e3 e de parte dos concelhos de Alcoba\u00e7a (freguesias de Alfeizer\u00e3o, Benedita e S\u00e3o Martinho do Porto) e de Mafra (com exce\u00e7\u00e3o das freguesias de Malveira, Milharado, Santo Est\u00eav\u00e3o das Gal\u00e9s e Venda do Pinheiro), abrangendo 292.5346 habitantes.<\/p>\n<p><strong>\u00a0 \u00a0 \u00a0Fonte: GC|CHO<\/strong><\/p>\n","protected":false},"excerpt":{"rendered":"<p>Esta segunda-feira, 2 de janeiro, o Centro Hospitalar do Oeste recebeu 46 m\u00e9dicos internos, 34 da Forma\u00e7\u00e3o Geral e 12 da Forma\u00e7\u00e3o Especializada, que escolheram as Unidades de Caldas da Rainha e de Torres Vedras para completarem o seu processo de forma\u00e7\u00e3o m\u00e9dica. A sess\u00e3o de boas-vindas aos 34 internos da Forma\u00e7\u00e3o Geral decorreu presencialmente [&hellip;]<\/p>\n","protected":false},"author":2,"featured_media":23621,"comment_status":"open","ping_status":"open","sticky":false,"template":"","format":"standard","meta":{"footnotes":""},"categories":[6],"tags":[],"class_list":["post-23618","post","type-post","status-publish","format-standard","has-post-thumbnail","hentry","category-saude"],"_links":{"self":[{"href":"https:\/\/tintafresca.net\/index.php\/wp-json\/wp\/v2\/posts\/23618","targetHints":{"allow":["GET"]}}],"collection":[{"href":"https:\/\/tintafresca.net\/index.php\/wp-json\/wp\/v2\/posts"}],"about":[{"href":"https:\/\/tintafresca.net\/index.php\/wp-json\/wp\/v2\/types\/post"}],"author":[{"embeddable":true,"href":"https:\/\/tintafresca.net\/index.php\/wp-json\/wp\/v2\/users\/2"}],"replies":[{"embeddable":true,"href":"https:\/\/tintafresca.net\/index.php\/wp-json\/wp\/v2\/comments?post=23618"}],"version-history":[{"count":2,"href":"https:\/\/tintafresca.net\/index.php\/wp-json\/wp\/v2\/posts\/23618\/revisions"}],"predecessor-version":[{"id":23622,"href":"https:\/\/tintafresca.net\/index.php\/wp-json\/wp\/v2\/posts\/23618\/revisions\/23622"}],"wp:featuredmedia":[{"embeddable":true,"href":"https:\/\/tintafresca.net\/index.php\/wp-json\/wp\/v2\/media\/23621"}],"wp:attachment":[{"href":"https:\/\/tintafresca.net\/index.php\/wp-json\/wp\/v2\/media?parent=23618"}],"wp:term":[{"taxonomy":"category","embeddable":true,"href":"https:\/\/tintafresca.net\/index.php\/wp-json\/wp\/v2\/categories?post=23618"},{"taxonomy":"post_tag","embeddable":true,"href":"https:\/\/tintafresca.net\/index.php\/wp-json\/wp\/v2\/tags?post=23618"}],"curies":[{"name":"wp","href":"https:\/\/api.w.org\/{rel}","templated":true}]}}