{"id":23636,"date":"2023-01-05T23:53:54","date_gmt":"2023-01-05T23:53:54","guid":{"rendered":"https:\/\/tintafresca.net\/?p=23636"},"modified":"2023-01-05T23:59:32","modified_gmt":"2023-01-05T23:59:32","slug":"primeira-bebe-a-nascer-em-2023-no-centro-hospitalar-do-oeste-e-de-alcobaca","status":"publish","type":"post","link":"https:\/\/tintafresca.net\/index.php\/2023\/01\/05\/primeira-bebe-a-nascer-em-2023-no-centro-hospitalar-do-oeste-e-de-alcobaca\/","title":{"rendered":"Primeira beb\u00e9 a nascer em 2023 no Centro Hospitalar do Oeste \u00e9 de Alcoba\u00e7a"},"content":{"rendered":"<div id=\"attachment_23639\" style=\"width: 269px\" class=\"wp-caption alignleft\"><img loading=\"lazy\" decoding=\"async\" aria-describedby=\"caption-attachment-23639\" class=\"wp-image-23639 size-medium\" src=\"https:\/\/tintafresca.net\/wp-content\/uploads\/2023\/01\/CHO_Bebe-2023_alcobaca10-259x300.jpg\" alt=\"\" width=\"259\" height=\"300\" srcset=\"https:\/\/tintafresca.net\/wp-content\/uploads\/2023\/01\/CHO_Bebe-2023_alcobaca10-259x300.jpg 259w, https:\/\/tintafresca.net\/wp-content\/uploads\/2023\/01\/CHO_Bebe-2023_alcobaca10.jpg 500w\" sizes=\"auto, (max-width: 259px) 100vw, 259px\" \/><p id=\"caption-attachment-23639\" class=\"wp-caption-text\">Casal de Alcoba\u00e7a com a beb\u00e9 Margarida<\/p><\/div>\n<p>Chama-se Margarida e foi a primeira beb\u00e9 a nascer na Maternidade do Centro Hospitalar do Oeste, localizada na Unidade de Caldas da Rainha. Nasceu \u00e0s 17h01m de 2 de janeiro, de parto normal, com 2,830 Kg. \u00c9 a segunda filha do jovem casal residente no concelho de Alcoba\u00e7a, e encontra-se de perfeita sa\u00fade. Em 2022 nasceram 1243 crian\u00e7as no Centro Hospitalar do Oeste.<\/p>\n<p>O Conselho de Administra\u00e7\u00e3o do Centro Hospitalar do Oeste deseja as maiores felicidades \u00e0 fam\u00edlia da beb\u00e9, Margarida, bem como a todas as fam\u00edlias de rec\u00e9m-nascidos neste Novo Ano de 2023.<\/p>\n<p>O Centro Hospitalar do Oeste integra os hospitais de Caldas da Rainha, Peniche e Torres Vedras, tendo uma \u00e1rea de influ\u00eancia constitu\u00edda pelas popula\u00e7\u00f5es dos concelhos de Caldas da Rainha, \u00d3bidos, Peniche, Bombarral, Torres Vedras, Cadaval e Lourinh\u00e3 e de parte dos concelhos de Alcoba\u00e7a (freguesias de Alfeizer\u00e3o, Benedita e S\u00e3o Martinho do Porto) e de Mafra (com exce\u00e7\u00e3o das freguesias de Malveira, Milharado, Santo Est\u00eav\u00e3o das Gal\u00e9s e Venda do Pinheiro), abrangendo 292.5346 habitantes.<\/p>\n","protected":false},"excerpt":{"rendered":"<p>Chama-se Margarida e foi a primeira beb\u00e9 a nascer na Maternidade do Centro Hospitalar do Oeste, localizada na Unidade de Caldas da Rainha. Nasceu \u00e0s 17h01m de 2 de janeiro, de parto normal, com 2,830 Kg. \u00c9 a segunda filha do jovem casal residente no concelho de Alcoba\u00e7a, e encontra-se de perfeita sa\u00fade. Em 2022 [&hellip;]<\/p>\n","protected":false},"author":2,"featured_media":23640,"comment_status":"open","ping_status":"open","sticky":false,"template":"","format":"standard","meta":{"footnotes":""},"categories":[6],"tags":[],"class_list":["post-23636","post","type-post","status-publish","format-standard","has-post-thumbnail","hentry","category-saude"],"_links":{"self":[{"href":"https:\/\/tintafresca.net\/index.php\/wp-json\/wp\/v2\/posts\/23636","targetHints":{"allow":["GET"]}}],"collection":[{"href":"https:\/\/tintafresca.net\/index.php\/wp-json\/wp\/v2\/posts"}],"about":[{"href":"https:\/\/tintafresca.net\/index.php\/wp-json\/wp\/v2\/types\/post"}],"author":[{"embeddable":true,"href":"https:\/\/tintafresca.net\/index.php\/wp-json\/wp\/v2\/users\/2"}],"replies":[{"embeddable":true,"href":"https:\/\/tintafresca.net\/index.php\/wp-json\/wp\/v2\/comments?post=23636"}],"version-history":[{"count":5,"href":"https:\/\/tintafresca.net\/index.php\/wp-json\/wp\/v2\/posts\/23636\/revisions"}],"predecessor-version":[{"id":23643,"href":"https:\/\/tintafresca.net\/index.php\/wp-json\/wp\/v2\/posts\/23636\/revisions\/23643"}],"wp:featuredmedia":[{"embeddable":true,"href":"https:\/\/tintafresca.net\/index.php\/wp-json\/wp\/v2\/media\/23640"}],"wp:attachment":[{"href":"https:\/\/tintafresca.net\/index.php\/wp-json\/wp\/v2\/media?parent=23636"}],"wp:term":[{"taxonomy":"category","embeddable":true,"href":"https:\/\/tintafresca.net\/index.php\/wp-json\/wp\/v2\/categories?post=23636"},{"taxonomy":"post_tag","embeddable":true,"href":"https:\/\/tintafresca.net\/index.php\/wp-json\/wp\/v2\/tags?post=23636"}],"curies":[{"name":"wp","href":"https:\/\/api.w.org\/{rel}","templated":true}]}}