{"id":23732,"date":"2023-01-09T18:31:50","date_gmt":"2023-01-09T18:31:50","guid":{"rendered":"https:\/\/tintafresca.net\/?p=23732"},"modified":"2023-01-09T19:17:14","modified_gmt":"2023-01-09T19:17:14","slug":"hospital-distrital-de-santarem-investe-cerca-de-108-mil-euros-em-70-novas-camas-eletricas","status":"publish","type":"post","link":"https:\/\/tintafresca.net\/index.php\/2023\/01\/09\/hospital-distrital-de-santarem-investe-cerca-de-108-mil-euros-em-70-novas-camas-eletricas\/","title":{"rendered":"Hospital Distrital de Santar\u00e9m investe cerca de 108 mil euros em 70 novas camas el\u00e9tricas"},"content":{"rendered":"<div id=\"attachment_23735\" style=\"width: 510px\" class=\"wp-caption alignleft\"><img loading=\"lazy\" decoding=\"async\" aria-describedby=\"caption-attachment-23735\" class=\"wp-image-23735 size-full\" src=\"https:\/\/tintafresca.net\/wp-content\/uploads\/2023\/01\/HDS_camas_eletricas10.jpg\" alt=\"\" width=\"500\" height=\"333\" srcset=\"https:\/\/tintafresca.net\/wp-content\/uploads\/2023\/01\/HDS_camas_eletricas10.jpg 500w, https:\/\/tintafresca.net\/wp-content\/uploads\/2023\/01\/HDS_camas_eletricas10-300x200.jpg 300w\" sizes=\"auto, (max-width: 500px) 100vw, 500px\" \/><p id=\"caption-attachment-23735\" class=\"wp-caption-text\">Novas camas el\u00e9tricas do Hospital de Santar\u00e9m<\/p><\/div>\n<p>O Hospital Distrital de Santar\u00e9m (HDS) recebeu 70 novas camas articuladas el\u00e9tricas, um investimento no valor de cerca de 108 mil euros. A aquisi\u00e7\u00e3o faz parte do processo de moderniza\u00e7\u00e3o da unidade, que inclui a renova\u00e7\u00e3o do seu material hospitalar.<\/p>\n<p>Estas camas, entregues nos dias 29 de dezembro e 3 de janeiro, foram instaladas no Servi\u00e7o de Medicina Interna.<\/p>\n<p>De acordo com o Conselho de Administra\u00e7\u00e3o do HDS, esta a\u00e7\u00e3o tem como objetivo \u201cgarantir melhores condi\u00e7\u00f5es de trabalho aos profissionais de sa\u00fade,\u00a0assim como um\u00a0maior conforto e autonomia\u00a0aos utentes internados\u201d.<\/p>\n<p><strong>\u00a0 \u00a0 \u00a0Fonte: GCIDS<\/strong><\/p>\n<p>&nbsp;<\/p>\n","protected":false},"excerpt":{"rendered":"<p>O Hospital Distrital de Santar\u00e9m (HDS) recebeu 70 novas camas articuladas el\u00e9tricas, um investimento no valor de cerca de 108 mil euros. A aquisi\u00e7\u00e3o faz parte do processo de moderniza\u00e7\u00e3o da unidade, que inclui a renova\u00e7\u00e3o do seu material hospitalar. Estas camas, entregues nos dias 29 de dezembro e 3 de janeiro, foram instaladas no [&hellip;]<\/p>\n","protected":false},"author":2,"featured_media":23736,"comment_status":"open","ping_status":"open","sticky":false,"template":"","format":"standard","meta":{"footnotes":""},"categories":[6],"tags":[],"class_list":["post-23732","post","type-post","status-publish","format-standard","has-post-thumbnail","hentry","category-saude"],"_links":{"self":[{"href":"https:\/\/tintafresca.net\/index.php\/wp-json\/wp\/v2\/posts\/23732","targetHints":{"allow":["GET"]}}],"collection":[{"href":"https:\/\/tintafresca.net\/index.php\/wp-json\/wp\/v2\/posts"}],"about":[{"href":"https:\/\/tintafresca.net\/index.php\/wp-json\/wp\/v2\/types\/post"}],"author":[{"embeddable":true,"href":"https:\/\/tintafresca.net\/index.php\/wp-json\/wp\/v2\/users\/2"}],"replies":[{"embeddable":true,"href":"https:\/\/tintafresca.net\/index.php\/wp-json\/wp\/v2\/comments?post=23732"}],"version-history":[{"count":3,"href":"https:\/\/tintafresca.net\/index.php\/wp-json\/wp\/v2\/posts\/23732\/revisions"}],"predecessor-version":[{"id":23737,"href":"https:\/\/tintafresca.net\/index.php\/wp-json\/wp\/v2\/posts\/23732\/revisions\/23737"}],"wp:featuredmedia":[{"embeddable":true,"href":"https:\/\/tintafresca.net\/index.php\/wp-json\/wp\/v2\/media\/23736"}],"wp:attachment":[{"href":"https:\/\/tintafresca.net\/index.php\/wp-json\/wp\/v2\/media?parent=23732"}],"wp:term":[{"taxonomy":"category","embeddable":true,"href":"https:\/\/tintafresca.net\/index.php\/wp-json\/wp\/v2\/categories?post=23732"},{"taxonomy":"post_tag","embeddable":true,"href":"https:\/\/tintafresca.net\/index.php\/wp-json\/wp\/v2\/tags?post=23732"}],"curies":[{"name":"wp","href":"https:\/\/api.w.org\/{rel}","templated":true}]}}