{"id":23754,"date":"2023-01-10T14:08:36","date_gmt":"2023-01-10T14:08:36","guid":{"rendered":"https:\/\/tintafresca.net\/?p=23754"},"modified":"2023-01-10T14:14:41","modified_gmt":"2023-01-10T14:14:41","slug":"medicos-alertam-para-risco-psicossocial-no-servico-de-urgencia-do-centro-hospitalar-de-leiria","status":"publish","type":"post","link":"https:\/\/tintafresca.net\/index.php\/2023\/01\/10\/medicos-alertam-para-risco-psicossocial-no-servico-de-urgencia-do-centro-hospitalar-de-leiria\/","title":{"rendered":"M\u00e9dicos alertam para risco psicossocial na Urg\u00eancia do Centro Hospitalar de Leiria"},"content":{"rendered":"<div id=\"attachment_9705\" style=\"width: 510px\" class=\"wp-caption alignleft\"><img loading=\"lazy\" decoding=\"async\" aria-describedby=\"caption-attachment-9705\" class=\"wp-image-9705 size-full\" src=\"https:\/\/tintafresca.net\/wp-content\/uploads\/2021\/10\/Hospital_Santo_Andre100.jpg\" alt=\"\" width=\"500\" height=\"375\" srcset=\"https:\/\/tintafresca.net\/wp-content\/uploads\/2021\/10\/Hospital_Santo_Andre100.jpg 500w, https:\/\/tintafresca.net\/wp-content\/uploads\/2021\/10\/Hospital_Santo_Andre100-300x225.jpg 300w\" sizes=\"auto, (max-width: 500px) 100vw, 500px\" \/><p id=\"caption-attachment-9705\" class=\"wp-caption-text\">Servi\u00e7o de Urg\u00eancia do Centro Hospitalar de Leiria<\/p><\/div>\n<p>Um grupo de oito m\u00e9dicos do servi\u00e7o de psiquiatria do Centro Hospitalar de Leiria esta ter\u00e7a-feira, dia 10 de janeiro, alertou para o que consideram ser \u201cmomentos degradantes que se vivem no Centro Hospitalar de Leiria\u201d, pelo que decidiu tornar p\u00fablico, nomeadamente, \u201co \u00a0descalabro e o risco humano em que se encontra a institui\u00e7\u00e3o, para bem de todos os que a frequentam, tanto doentes como trabalhadores\u201d, devido \u00e0 recorrente falta de recursos humanos.<\/p>\n<p>A situa\u00e7\u00e3o j\u00e1 n\u00e3o \u00e9 nova e foi dada a conhecer em carta dirigida, no dia 30 de novembro, ao presidente do Conselho de Administra\u00e7\u00e3o do Centro Hospitalar de Leiria, Lic\u00ednio de Carvalho, ao diretor do Servi\u00e7o de Seguran\u00e7a e Sa\u00fade no Trabalho do Centro Hospitalar de Leiria, Pedro Faria, e \u00e0 diretora do Servi\u00e7o de Urg\u00eancia do Centro Hospitalar de Leiria, Maria Jo\u00e3o Canotilho.<\/p>\n<p>Os cl\u00ednicos alertam que \u201cface aos crescentes pedidos de ajuda, e como Servi\u00e7o respons\u00e1vel pela Psiquiatria e Sa\u00fade Mental deste Hospital, n\u00e3o podemos ficar indiferentes e deixar de alertar vossas excel\u00eancias para a situa\u00e7\u00e3o de enorme risco psicossocial em que se encontram os trabalhadores de todas as classes profissionais (inclusive n\u00f3s) que, no presente, desenvolvem a sua atividade di\u00e1ria no Servi\u00e7o de Urg\u00eancia do Cento Hospitalar de Leiria (CHL).\u201d<\/p>\n<p>Os m\u00e9dicos reconhecem que \u201co drama que, hoje em dia, se vive nas urg\u00eancias n\u00e3o \u00e9 exclusivo do CHL\u201d, e que \u201cquem c\u00e1 trabalha h\u00e1 muitos anos tem no\u00e7\u00e3o que sempre foi complicado trabalhar neste servi\u00e7o. Sempre se lidou com uma falta cr\u00f3nica de recursos para a popula\u00e7\u00e3o da nossa \u00e1rea de referencia\u00e7\u00e3o, mas a situa\u00e7\u00e3o foi sendo sempre controlada, gra\u00e7as \u00e0 resili\u00eancia e ao esp\u00edrito de equipa que vigorava no Servi\u00e7o de Urg\u00eancia.\u201d<\/p>\n<p>Contudo, \u201cnos \u00faltimos meses, com a reorganiza\u00e7\u00e3o interna do Servi\u00e7o de Urg\u00eancia, a situa\u00e7\u00e3o agudizou-se, trabalhando-se com a sensa\u00e7\u00e3o de amargura constante de n\u00e3o se conseguir identificar e tratar atempadamente quem vem ao autoproclamado \u201cHospital das Pessoas\u201d e se encontra, literalmente &#8220;perdida&#8221;, entre outras, na antiga \u00c1rea Amarela. Mal se entra na Urg\u00eancia, percebe-se logo uma sensa\u00e7\u00e3o de tens\u00e3o emocional em crescendo com as pessoas a trabalharem em modo de sobreviv\u00eancia, continuamente em alerta, com o receio de que algu\u00e9m morra por falta de assist\u00eancia\u201d, alertam.<\/p>\n<p>Segundo os m\u00e9dicos, \u201ceste stress laboral \u00e9 constante, desgastante e patol\u00f3gico. As pessoas come\u00e7am a perder a sua funcionalidade, a capacidade e o controlo para lidar\/gerir esta problem\u00e1tica, fruto de um cansa\u00e7o extremo e da falta de perspetivas\/solu\u00e7\u00f5es em rela\u00e7\u00e3o ao futuro, o que poder\u00e1 culminar em situa\u00e7\u00f5es de potencial tisco para a integridade f\u00edsica dos pr\u00f3prios ou de terceiros.\u201d<\/p>\n<p>Mais uma vez, reiteram o alerta ao poder executivo. \u201c\u00c9 importante minimizar os fatores internos dependentes da institui\u00e7\u00e3o, que est\u00e3o a contribuir para este estado de entropia do Servi\u00e7o de Urg\u00eancia e a potenciar o enorme risco psicossocial a que se encontram sujeitos todos aqueles que l\u00e1 desempenham fun\u00e7\u00f5es, diariamente\u201d, concluem.<\/p>\n","protected":false},"excerpt":{"rendered":"<p>Um grupo de oito m\u00e9dicos do servi\u00e7o de psiquiatria do Centro Hospitalar de Leiria esta ter\u00e7a-feira, dia 10 de janeiro, alertou para o que consideram ser \u201cmomentos degradantes que se vivem no Centro Hospitalar de Leiria\u201d, pelo que decidiu tornar p\u00fablico, nomeadamente, \u201co \u00a0descalabro e o risco humano em que se encontra a institui\u00e7\u00e3o, para [&hellip;]<\/p>\n","protected":false},"author":2,"featured_media":9706,"comment_status":"open","ping_status":"open","sticky":false,"template":"","format":"standard","meta":{"footnotes":""},"categories":[6],"tags":[],"class_list":["post-23754","post","type-post","status-publish","format-standard","has-post-thumbnail","hentry","category-saude"],"_links":{"self":[{"href":"https:\/\/tintafresca.net\/index.php\/wp-json\/wp\/v2\/posts\/23754","targetHints":{"allow":["GET"]}}],"collection":[{"href":"https:\/\/tintafresca.net\/index.php\/wp-json\/wp\/v2\/posts"}],"about":[{"href":"https:\/\/tintafresca.net\/index.php\/wp-json\/wp\/v2\/types\/post"}],"author":[{"embeddable":true,"href":"https:\/\/tintafresca.net\/index.php\/wp-json\/wp\/v2\/users\/2"}],"replies":[{"embeddable":true,"href":"https:\/\/tintafresca.net\/index.php\/wp-json\/wp\/v2\/comments?post=23754"}],"version-history":[{"count":5,"href":"https:\/\/tintafresca.net\/index.php\/wp-json\/wp\/v2\/posts\/23754\/revisions"}],"predecessor-version":[{"id":23759,"href":"https:\/\/tintafresca.net\/index.php\/wp-json\/wp\/v2\/posts\/23754\/revisions\/23759"}],"wp:featuredmedia":[{"embeddable":true,"href":"https:\/\/tintafresca.net\/index.php\/wp-json\/wp\/v2\/media\/9706"}],"wp:attachment":[{"href":"https:\/\/tintafresca.net\/index.php\/wp-json\/wp\/v2\/media?parent=23754"}],"wp:term":[{"taxonomy":"category","embeddable":true,"href":"https:\/\/tintafresca.net\/index.php\/wp-json\/wp\/v2\/categories?post=23754"},{"taxonomy":"post_tag","embeddable":true,"href":"https:\/\/tintafresca.net\/index.php\/wp-json\/wp\/v2\/tags?post=23754"}],"curies":[{"name":"wp","href":"https:\/\/api.w.org\/{rel}","templated":true}]}}