{"id":23835,"date":"2023-01-12T19:52:06","date_gmt":"2023-01-12T19:52:06","guid":{"rendered":"https:\/\/tintafresca.net\/?p=23835"},"modified":"2023-01-12T19:57:11","modified_gmt":"2023-01-12T19:57:11","slug":"assembleia-municipal-da-nazare-aprova-mocao-exigindo-a-colocacao-urgente-de-medicos-e-restantes-profissionais","status":"publish","type":"post","link":"https:\/\/tintafresca.net\/index.php\/2023\/01\/12\/assembleia-municipal-da-nazare-aprova-mocao-exigindo-a-colocacao-urgente-de-medicos-e-restantes-profissionais\/","title":{"rendered":"Assembleia Municipal da Nazar\u00e9 aprova Mo\u00e7\u00e3o exigindo a coloca\u00e7\u00e3o urgente de m\u00e9dicos e restantes profissionais"},"content":{"rendered":"<div id=\"attachment_23837\" style=\"width: 509px\" class=\"wp-caption alignleft\"><img loading=\"lazy\" decoding=\"async\" aria-describedby=\"caption-attachment-23837\" class=\"wp-image-23837 size-full\" src=\"https:\/\/tintafresca.net\/wp-content\/uploads\/2023\/01\/Nazare_centro_Saude.jpg\" alt=\"\" width=\"499\" height=\"720\" srcset=\"https:\/\/tintafresca.net\/wp-content\/uploads\/2023\/01\/Nazare_centro_Saude.jpg 499w, https:\/\/tintafresca.net\/wp-content\/uploads\/2023\/01\/Nazare_centro_Saude-208x300.jpg 208w\" sizes=\"auto, (max-width: 499px) 100vw, 499px\" \/><p id=\"caption-attachment-23837\" class=\"wp-caption-text\">USF Global, na Nazar\u00e9<\/p><\/div>\n<p>Na sess\u00e3o da Assembleia Municipal da Nazar\u00e9 realizada em 13 de dezembro 2022, a CDU- Coliga\u00e7\u00e3o Democr\u00e1tica Unit\u00e1ria apresentou uma Mo\u00e7\u00e3o exigindo a coloca\u00e7\u00e3o urgente de m\u00e9dicos e restantes profissionais diariamente no atendimento complementar no Centro de Sa\u00fade, que foi aprovada pelo plen\u00e1rio de deputados municipais.<\/p>\n<p>A CDU recorda os problemas atuais existentes nos Hospitais, que s\u00e3o quase diariamente assinalados na comunica\u00e7\u00e3o social e assumidos pelos respons\u00e1veis pol\u00edticos do Governo, que avisam da necessidade da n\u00e3o corrida \u00e0s urg\u00eancias hospitalares como primeiro recurso, para se evitar a satura\u00e7\u00e3o dos servi\u00e7os de urg\u00eancia, recomendando-se como mais adequada e correta a ida dos doentes aos Centros de Sa\u00fade e que, sendo essa a recomenda\u00e7\u00e3o do Governo e dos t\u00e9cnicos de sa\u00fade, \u00e9 de reconhecida necessidade que se cumpram essas diretrizes por parte da popula\u00e7\u00e3o.<\/p>\n<p>Por outro lado, tamb\u00e9m existe na Nazar\u00e9 atualmente na Unidade de Sa\u00fade Familiar (USE), a extens\u00e3o do hor\u00e1rio de atendimento at\u00e9 \u00e0s 20 horas, mas s\u00f3 durante os dias \u00fateis, para atender utentes que necessitem e assim evitar-se o recurso \u00e0s urg\u00eancias hospitalares.<\/p>\n<p>Al\u00e9m disso, existe tamb\u00e9m institu\u00eddo no Centro de Sa\u00fade da Nazar\u00e9 um servi\u00e7o de Atendimento Complementar, com hor\u00e1rio das 20 \u00e0s 24 horas nos dias \u00fateis e das 14 \u00e0s 24 horas nos fins de semana e feriados, com o prop\u00f3sito da prote\u00e7\u00e3o sanit\u00e1ria da popula\u00e7\u00e3o local e dos visitantes da nossa terra, mas s\u00f3 nos hor\u00e1rios e dias em que a USE n\u00e3o est\u00e1 aberta.<\/p>\n<p>A CDU recorda, por fim, que, \u201cse \u00e9 verdade que a USF tem trabalhado de forma normal e dentro do exigido, tamb\u00e9m \u00e9 verdade que o contr\u00e1rio se passa no Atendimento Complementar, &#8211; como \u00e9 j\u00e1 do conhecimento da administra\u00e7\u00e3o -, pois desde h\u00e1 muito tempo s\u00e3o mais os dias em que falta m\u00e9dico, ou outros profissionais, do que aqueles em que vem, levando ao encerramento do servi\u00e7o, em certos casos dias seguidos, levando os utentes necessitados q ter que percorrer dezenas de quil\u00f3metros, at\u00e9 hospitais de Alcoba\u00e7a ou de Leiria e at\u00e9 Caldas da Rainha, para resolverem os seus problemas, criando enormes despesas e dificuldades \u00e0s fam\u00edlias e mais constrangimentos nas urg\u00eancias hospitalares que n\u00e3o pretendemos.\u201d<\/p>\n<p>Pelos factos apontados, a CDU alerta que os mun\u00edcipes do concelho da Nazar\u00e9 \u00a0est\u00e3o a sofrer dificuldades efetivas quando atualmente buscam cuidados de sa\u00fade no servi\u00e7o de Atendimento Complementar da Nazar\u00e9, sendo por isso necess\u00e1rio tomar posi\u00e7\u00e3o de converg\u00eancia para resolver os seus problemas, tendo sempre por primeira e \u00faltima inten\u00e7\u00e3o a defesa da popula\u00e7\u00e3o local e os visitantes do nosso concelho.<\/p>\n<p>Assim sendo, a Assembleia Municipal da Nazar\u00e9, reunida em plen\u00e1rio no dia 13 de Dezembro de 2022, deliberou exigir ao Governo, atrav\u00e9s da tutela e da administra\u00e7\u00e3o do ACeS-ON, que de uma vez por todas criem condi\u00e7\u00f5es efetivas para que exista sempre um m\u00e9dico diariamente destacado, bem como um substituto, na escala de servi\u00e7o para o Atendimento Complementar da Nazar\u00e9, de modo a atender quem necessite sem se ter que recorrer aos hospitais da regi\u00e3o.<\/p>\n<p>Solicita ainda que a Assembleia Municipal seja informada das resolu\u00e7\u00f5es e decis\u00f5es tomadas pelos respons\u00e1veis para resolver os problemas aqui indicados, bem como os dias em que existiu atendimento complementar e os dias em que n\u00e3o existiu esse atendimento durante este ano de 2022.<\/p>\n<p>A Mo\u00e7\u00e3o foi enviada, ao primeiro-ministro, ao ministro da Sa\u00fade, ao Conselho Diretivo da Administra\u00e7\u00e3o Regional de Sa\u00fade de Lisboa e Vale do Tejo, ao diretor executivo do ACeS-Oeste Norte, aos Grupos Parlamentares dos Partidos na Assembleia da Rep\u00fablica, \u00e0 C\u00e2mara Municipal da Nazar\u00e9 e aos \u00f3rg\u00e3os de comunica\u00e7\u00e3o social nacionais, regionais e locais.<\/p>\n","protected":false},"excerpt":{"rendered":"<p>Na sess\u00e3o da Assembleia Municipal da Nazar\u00e9 realizada em 13 de dezembro 2022, a CDU- Coliga\u00e7\u00e3o Democr\u00e1tica Unit\u00e1ria apresentou uma Mo\u00e7\u00e3o exigindo a coloca\u00e7\u00e3o urgente de m\u00e9dicos e restantes profissionais diariamente no atendimento complementar no Centro de Sa\u00fade, que foi aprovada pelo plen\u00e1rio de deputados municipais. A CDU recorda os problemas atuais existentes nos Hospitais, [&hellip;]<\/p>\n","protected":false},"author":2,"featured_media":23838,"comment_status":"open","ping_status":"open","sticky":false,"template":"","format":"standard","meta":{"footnotes":""},"categories":[6],"tags":[],"class_list":["post-23835","post","type-post","status-publish","format-standard","has-post-thumbnail","hentry","category-saude"],"_links":{"self":[{"href":"https:\/\/tintafresca.net\/index.php\/wp-json\/wp\/v2\/posts\/23835","targetHints":{"allow":["GET"]}}],"collection":[{"href":"https:\/\/tintafresca.net\/index.php\/wp-json\/wp\/v2\/posts"}],"about":[{"href":"https:\/\/tintafresca.net\/index.php\/wp-json\/wp\/v2\/types\/post"}],"author":[{"embeddable":true,"href":"https:\/\/tintafresca.net\/index.php\/wp-json\/wp\/v2\/users\/2"}],"replies":[{"embeddable":true,"href":"https:\/\/tintafresca.net\/index.php\/wp-json\/wp\/v2\/comments?post=23835"}],"version-history":[{"count":4,"href":"https:\/\/tintafresca.net\/index.php\/wp-json\/wp\/v2\/posts\/23835\/revisions"}],"predecessor-version":[{"id":23841,"href":"https:\/\/tintafresca.net\/index.php\/wp-json\/wp\/v2\/posts\/23835\/revisions\/23841"}],"wp:featuredmedia":[{"embeddable":true,"href":"https:\/\/tintafresca.net\/index.php\/wp-json\/wp\/v2\/media\/23838"}],"wp:attachment":[{"href":"https:\/\/tintafresca.net\/index.php\/wp-json\/wp\/v2\/media?parent=23835"}],"wp:term":[{"taxonomy":"category","embeddable":true,"href":"https:\/\/tintafresca.net\/index.php\/wp-json\/wp\/v2\/categories?post=23835"},{"taxonomy":"post_tag","embeddable":true,"href":"https:\/\/tintafresca.net\/index.php\/wp-json\/wp\/v2\/tags?post=23835"}],"curies":[{"name":"wp","href":"https:\/\/api.w.org\/{rel}","templated":true}]}}