{"id":2386,"date":"2021-03-17T19:32:11","date_gmt":"2021-03-17T19:32:11","guid":{"rendered":"https:\/\/tintafresca.net\/?p=2386"},"modified":"2021-03-17T19:38:31","modified_gmt":"2021-03-17T19:38:31","slug":"aniversario-da-fundacao-da-banda-de-alcobaca-e-assinalado-com-publicacao-de-concerto-online","status":"publish","type":"post","link":"https:\/\/tintafresca.net\/index.php\/2021\/03\/17\/aniversario-da-fundacao-da-banda-de-alcobaca-e-assinalado-com-publicacao-de-concerto-online\/","title":{"rendered":"Anivers\u00e1rio da funda\u00e7\u00e3o da Banda de Alcoba\u00e7a \u00e9 assinalado com publica\u00e7\u00e3o de concerto online"},"content":{"rendered":"<div id=\"attachment_2388\" style=\"width: 510px\" class=\"wp-caption alignleft\"><img loading=\"lazy\" decoding=\"async\" aria-describedby=\"caption-attachment-2388\" class=\"wp-image-2388 size-full\" src=\"https:\/\/tintafresca.net\/wp-content\/uploads\/2021\/03\/Alcobaca_BA_Concerto-Adolphe-Sax-2019-Maestro-e-Solistas10.jpg\" alt=\"\" width=\"500\" height=\"333\" \/><p id=\"caption-attachment-2388\" class=\"wp-caption-text\">Rui Carreira, Alberto Roque, M\u00e1rio Marques e Nuno Mendes<\/p><\/div>\n<p>Fundada em 1920, a Banda de Alcoba\u00e7a (BA) celebra no dia 19 de mar\u00e7o o seu 101.\u00ba anivers\u00e1rio, data que ser\u00e1 assinalada atrav\u00e9s da estreia online na sua p\u00e1gina de Facebook (<a href=\"http:\/\/www.facebook.com\/bandadealcobaca\">www.facebook.com\/bandadealcobaca<\/a>), \u00e0s 21h00, da grava\u00e7\u00e3o v\u00eddeo do Concerto Comemorativo dos 125 Anos da Morte de Adolphe Sax, realizado a 23 de fevereiro de 2019 no Cine-Teatro de Alcoba\u00e7a \u2013 Jo\u00e3o d&#8217;Oliva Monteiro.<\/p>\n<p>Com a habitual dire\u00e7\u00e3o de Rui Carreira, este espet\u00e1culo de homenagem ao m\u00fasico e inventor do saxofone contou com as participa\u00e7\u00f5es especiais de Alberto Roque (saxofone bar\u00edtono), M\u00e1rio Marques (saxofone soprano) e Nuno Mendes (saxofone alto) que subiram ao palco para interpretar obras de Joly Braga Santos, Lino Guerreiro, Lu\u00eds Tinoco e Jorge Costa Pinto.<\/p>\n<p>Apesar do contexto de pandemia ter obrigado ao adiamento da maioria das iniciativas previstas para as comemora\u00e7\u00f5es dos 100 anos da institui\u00e7\u00e3o, a concretizar assim que estejam reunidas as condi\u00e7\u00f5es necess\u00e1rias para tal, a BA prova, mais uma vez, a sua capacidade de prosseguir a sua miss\u00e3o pedag\u00f3gica e art\u00edstica de forma segura. Neste sentido, realizar-se-\u00e3o ainda as a\u00e7\u00f5es de forma\u00e7\u00e3o \u201cP\u00e1scoa com M\u00fasica\u201d e \u201cP\u00e1scoa com Dan\u00e7a\u201d, promovidas pelas Academias de M\u00fasica e de Dan\u00e7a de Alcoba\u00e7a.<\/p>\n<p><strong>\u00a0 \u00a0 Fonte: DM|DC|AMA<\/strong><\/p>\n","protected":false},"excerpt":{"rendered":"<p>Fundada em 1920, a Banda de Alcoba\u00e7a (BA) celebra no dia 19 de mar\u00e7o o seu 101.\u00ba anivers\u00e1rio, data que ser\u00e1 assinalada atrav\u00e9s da estreia online na sua p\u00e1gina de Facebook (www.facebook.com\/bandadealcobaca), \u00e0s 21h00, da grava\u00e7\u00e3o v\u00eddeo do Concerto Comemorativo dos 125 Anos da Morte de Adolphe Sax, realizado a 23 de fevereiro de 2019 [&hellip;]<\/p>\n","protected":false},"author":2,"featured_media":2389,"comment_status":"open","ping_status":"open","sticky":false,"template":"","format":"standard","meta":{"footnotes":""},"categories":[8],"tags":[],"class_list":["post-2386","post","type-post","status-publish","format-standard","has-post-thumbnail","hentry","category-musica"],"_links":{"self":[{"href":"https:\/\/tintafresca.net\/index.php\/wp-json\/wp\/v2\/posts\/2386","targetHints":{"allow":["GET"]}}],"collection":[{"href":"https:\/\/tintafresca.net\/index.php\/wp-json\/wp\/v2\/posts"}],"about":[{"href":"https:\/\/tintafresca.net\/index.php\/wp-json\/wp\/v2\/types\/post"}],"author":[{"embeddable":true,"href":"https:\/\/tintafresca.net\/index.php\/wp-json\/wp\/v2\/users\/2"}],"replies":[{"embeddable":true,"href":"https:\/\/tintafresca.net\/index.php\/wp-json\/wp\/v2\/comments?post=2386"}],"version-history":[{"count":2,"href":"https:\/\/tintafresca.net\/index.php\/wp-json\/wp\/v2\/posts\/2386\/revisions"}],"predecessor-version":[{"id":2390,"href":"https:\/\/tintafresca.net\/index.php\/wp-json\/wp\/v2\/posts\/2386\/revisions\/2390"}],"wp:featuredmedia":[{"embeddable":true,"href":"https:\/\/tintafresca.net\/index.php\/wp-json\/wp\/v2\/media\/2389"}],"wp:attachment":[{"href":"https:\/\/tintafresca.net\/index.php\/wp-json\/wp\/v2\/media?parent=2386"}],"wp:term":[{"taxonomy":"category","embeddable":true,"href":"https:\/\/tintafresca.net\/index.php\/wp-json\/wp\/v2\/categories?post=2386"},{"taxonomy":"post_tag","embeddable":true,"href":"https:\/\/tintafresca.net\/index.php\/wp-json\/wp\/v2\/tags?post=2386"}],"curies":[{"name":"wp","href":"https:\/\/api.w.org\/{rel}","templated":true}]}}