{"id":24172,"date":"2023-01-24T13:15:59","date_gmt":"2023-01-24T13:15:59","guid":{"rendered":"https:\/\/tintafresca.net\/?p=24172"},"modified":"2023-01-24T13:17:30","modified_gmt":"2023-01-24T13:17:30","slug":"centro-hospitalar-de-leiria-investe-948-mil-euros-em-obras-no-servico-de-medicina-fisica-e-reabilitacao","status":"publish","type":"post","link":"https:\/\/tintafresca.net\/index.php\/2023\/01\/24\/centro-hospitalar-de-leiria-investe-948-mil-euros-em-obras-no-servico-de-medicina-fisica-e-reabilitacao\/","title":{"rendered":"Centro Hospitalar de Leiria investe 948 mil euros no Servi\u00e7o de Medicina F\u00edsica e Reabilita\u00e7\u00e3o"},"content":{"rendered":"<div id=\"attachment_24174\" style=\"width: 510px\" class=\"wp-caption alignleft\"><img loading=\"lazy\" decoding=\"async\" aria-describedby=\"caption-attachment-24174\" class=\"wp-image-24174 size-full\" src=\"https:\/\/tintafresca.net\/wp-content\/uploads\/2023\/01\/CHL_Assinatura-do-Protocolo-CHL-e-Politecnico-de-Leiria_10.jpg\" alt=\"\" width=\"500\" height=\"333\" srcset=\"https:\/\/tintafresca.net\/wp-content\/uploads\/2023\/01\/CHL_Assinatura-do-Protocolo-CHL-e-Politecnico-de-Leiria_10.jpg 500w, https:\/\/tintafresca.net\/wp-content\/uploads\/2023\/01\/CHL_Assinatura-do-Protocolo-CHL-e-Politecnico-de-Leiria_10-300x200.jpg 300w\" sizes=\"auto, (max-width: 500px) 100vw, 500px\" \/><p id=\"caption-attachment-24174\" class=\"wp-caption-text\">Sess\u00e3o de assinatura do protocolo entre o Centro Hospitalar de Leiria e o Polit\u00e9cnico de Leiria<\/p><\/div>\n<p>O Centro Hospitalar de Leiria (CHL) e o Polit\u00e9cnico de Leiria formalizaram no dia 20 de janeiro um protocolo para a ced\u00eancia de espa\u00e7o numa das \u00e1reas do edif\u00edcio cient\u00edfico-pedag\u00f3gico do <em>Campus<\/em> 5 \u2013 HUB Sa\u00fade, na Rua de Santo Andr\u00e9, junto ao Hospital de Santo Andr\u00e9 (HSA), para a utiliza\u00e7\u00e3o do Servi\u00e7o de Medicina F\u00edsica e Reabilita\u00e7\u00e3o (SMFR) do CHL, j\u00e1 a partir do dia 25 de janeiro. Esta ced\u00eancia ter\u00e1 a dura\u00e7\u00e3o de onze meses, per\u00edodo previsto para a execu\u00e7\u00e3o de uma empreitada de remodela\u00e7\u00e3o do SMFR no piso 02 do HSA, que representa um investimento de cerca de 948 mil euros.<\/p>\n<p>Na sess\u00e3o protocolar o CHL esteve representado pelos membros do Conselho de Administra\u00e7\u00e3o, a diretora do SMFR, Mafalda B\u00e1rtolo, e a fisioterapeuta coordenadora, Helena Frade, o diretor do Servi\u00e7o de Instala\u00e7\u00f5es e Equipamentos, Pedro Faria, e a diretora do Servi\u00e7o de Aprovisionamento, S\u00edlvia Pereira; e do Polit\u00e9cnico de Leiria esteve presente o seu presidente, Carlos Rabad\u00e3o, e a coordenadora do ciTechCare, Maria Guarino.<\/p>\n<p>Lic\u00ednio de Carvalho, presidente do Conselho de Administra\u00e7\u00e3o do CHL, agradeceu a pronta resposta do Polit\u00e9cnico de Leiria, bem como aos respons\u00e1veis dos Servi\u00e7os envolvidos pela rapidez e colabora\u00e7\u00e3o que deram na boa articula\u00e7\u00e3o com os servi\u00e7os do Polit\u00e9cnico para mais este protocolo de colabora\u00e7\u00e3o. \u00abQue a execu\u00e7\u00e3o deste protocolo corra bem nos termos e no ambiente de conviv\u00eancia f\u00edsica, e principalmente em ambiente de boa rela\u00e7\u00e3o entre as duas institui\u00e7\u00f5es e entre os nossos profissionais do SMFR e os profissionais residentes do Polit\u00e9cnico. Esta \u00e9 uma situa\u00e7\u00e3o transit\u00f3ria, que esperemos que dure cerca de 11 meses. Vamos trabalhar todos nesse sentido para que corra tudo bem.\u00bb<\/p>\n<p>Carlos Rabad\u00e3o, presidente do Polit\u00e9cnico de Leiria, real\u00e7ou que \u00ab\u00e9 com muito gosto que o Polit\u00e9cnico est\u00e1 aqui a colaborar convosco. Esta rela\u00e7\u00e3o entre o Polit\u00e9cnico de Leiria e o hospital de Leiria \u00e9 uma rela\u00e7\u00e3o j\u00e1 de longa data, que \u00e9 para continuar a aprofundar. Estando o espa\u00e7o dispon\u00edvel e sendo necess\u00e1rio para o SMFR, n\u00e3o pod\u00edamos de deixar de o fazer. Qualquer quest\u00e3o que possa vir a surgir, c\u00e1 estaremos e levaremos a bom porto\u00bb.<\/p>\n<p>Durante os pr\u00f3ximos 11 meses, o Servi\u00e7o de Medicina F\u00edsica e Reabilita\u00e7\u00e3o realizar\u00e1 no <em>Campus<\/em> 5: os estudos urodin\u00e2micos; os tratamentos de Fisioterapia e Terapia Ocupacional, maioritariamente nas \u00e1reas de Neurologia e musculo-esquel\u00e9ticas em adultos; e Terapia da Fala em adultos e pediatria. O Servi\u00e7o ocupar\u00e1 cinco gabinetes, uma sala de trabalho, duas salas para Terapia Ocupacional e Fisioterapia, bem como um espa\u00e7o para a confe\u00e7\u00e3o de ort\u00f3teses pela Terapia Ocupacional, e estar\u00e3o alocados ao <em>Campus<\/em> 5, um fisiatra, dois terapeutas ocupacionais, tr\u00eas fisioterapeutas, dois terapeutas da fala, um assistente operacional e um assistente t\u00e9cnico.<\/p>\n<p>O acesso ao novo espa\u00e7o ser\u00e1 efetuado pelo port\u00e3o do exterior do edif\u00edcio do Polit\u00e9cnico de Leiria, podendo os utentes estacionar nos parques do HSA ou, no caso de pessoas com defici\u00eancia e mobilidade reduzida e portadoras do respetivo d\u00edstico, nos lugares reservados no parque do pr\u00f3prio edif\u00edcio para este efeito. As ambul\u00e2ncias que transportem utentes para tratamento poder\u00e3o estacionar apenas durante o tempo necess\u00e1rio ao embarque e desembarque dos utentes.<\/p>\n<p>A empreitada de remodela\u00e7\u00e3o do Servi\u00e7o de Medicina F\u00edsica e Reabilita\u00e7\u00e3o no HSA ter\u00e1 lugar no piso 02, nas instala\u00e7\u00f5es cont\u00edguas \u00e0 desativada \u00c1rea Dedicada a Doentes com suspeita de Infe\u00e7\u00e3o Respirat\u00f3ria Aguda (ADR), e contempla a amplia\u00e7\u00e3o das atuais instala\u00e7\u00f5es, nomeadamente a \u00e1rea<\/p>\n<p>onde se localiza a piscina existente, recorrendo ao aproveitamento de um p\u00e1tio exterior. O SMFR passar\u00e1 dispor de uma \u00e1rea de consulta, com cinco gabinetes, e uma \u00e1rea terap\u00eautica composta por: hospital de dia para utentes com doen\u00e7as cardiorrespirat\u00f3rias, hidroterapia, e gabinetes para: terapia da fala, tratamento da patologia do transtorno do espectro autista, reabilita\u00e7\u00e3o do pavimento p\u00e9lvico, reabilita\u00e7\u00e3o pedi\u00e1trica, reabilita\u00e7\u00e3o de utentes com patologias neurol\u00f3gicas, t\u00e9cnicas urodin\u00e2micas, e \u00e1reas de reabilita\u00e7\u00e3o de membros inferiores e superiores, parafina e parafango, e novas tecnologias.<\/p>\n<p><strong>\u00a0 Fonte: Midlandcom<\/strong><\/p>\n","protected":false},"excerpt":{"rendered":"<p>O Centro Hospitalar de Leiria (CHL) e o Polit\u00e9cnico de Leiria formalizaram no dia 20 de janeiro um protocolo para a ced\u00eancia de espa\u00e7o numa das \u00e1reas do edif\u00edcio cient\u00edfico-pedag\u00f3gico do Campus 5 \u2013 HUB Sa\u00fade, na Rua de Santo Andr\u00e9, junto ao Hospital de Santo Andr\u00e9 (HSA), para a utiliza\u00e7\u00e3o do Servi\u00e7o de Medicina [&hellip;]<\/p>\n","protected":false},"author":2,"featured_media":24175,"comment_status":"open","ping_status":"open","sticky":false,"template":"","format":"standard","meta":{"footnotes":""},"categories":[6],"tags":[],"class_list":["post-24172","post","type-post","status-publish","format-standard","has-post-thumbnail","hentry","category-saude"],"_links":{"self":[{"href":"https:\/\/tintafresca.net\/index.php\/wp-json\/wp\/v2\/posts\/24172","targetHints":{"allow":["GET"]}}],"collection":[{"href":"https:\/\/tintafresca.net\/index.php\/wp-json\/wp\/v2\/posts"}],"about":[{"href":"https:\/\/tintafresca.net\/index.php\/wp-json\/wp\/v2\/types\/post"}],"author":[{"embeddable":true,"href":"https:\/\/tintafresca.net\/index.php\/wp-json\/wp\/v2\/users\/2"}],"replies":[{"embeddable":true,"href":"https:\/\/tintafresca.net\/index.php\/wp-json\/wp\/v2\/comments?post=24172"}],"version-history":[{"count":3,"href":"https:\/\/tintafresca.net\/index.php\/wp-json\/wp\/v2\/posts\/24172\/revisions"}],"predecessor-version":[{"id":24177,"href":"https:\/\/tintafresca.net\/index.php\/wp-json\/wp\/v2\/posts\/24172\/revisions\/24177"}],"wp:featuredmedia":[{"embeddable":true,"href":"https:\/\/tintafresca.net\/index.php\/wp-json\/wp\/v2\/media\/24175"}],"wp:attachment":[{"href":"https:\/\/tintafresca.net\/index.php\/wp-json\/wp\/v2\/media?parent=24172"}],"wp:term":[{"taxonomy":"category","embeddable":true,"href":"https:\/\/tintafresca.net\/index.php\/wp-json\/wp\/v2\/categories?post=24172"},{"taxonomy":"post_tag","embeddable":true,"href":"https:\/\/tintafresca.net\/index.php\/wp-json\/wp\/v2\/tags?post=24172"}],"curies":[{"name":"wp","href":"https:\/\/api.w.org\/{rel}","templated":true}]}}