{"id":24240,"date":"2023-01-26T18:18:12","date_gmt":"2023-01-26T18:18:12","guid":{"rendered":"https:\/\/tintafresca.net\/?p=24240"},"modified":"2023-01-26T18:25:01","modified_gmt":"2023-01-26T18:25:01","slug":"ess-de-leiria-promove-palestra-sobre-a-importancia-da-reabilitacao-respiratoria-na-doenca-respiratoria-cronica","status":"publish","type":"post","link":"https:\/\/tintafresca.net\/index.php\/2023\/01\/26\/ess-de-leiria-promove-palestra-sobre-a-importancia-da-reabilitacao-respiratoria-na-doenca-respiratoria-cronica\/","title":{"rendered":"ESS de Leiria promove palestra sobre a import\u00e2ncia da reabilita\u00e7\u00e3o respirat\u00f3ria na doen\u00e7a respirat\u00f3ria cr\u00f3nica"},"content":{"rendered":"<div id=\"attachment_9795\" style=\"width: 510px\" class=\"wp-caption alignleft\"><img loading=\"lazy\" decoding=\"async\" aria-describedby=\"caption-attachment-9795\" class=\"wp-image-9795 size-full\" src=\"https:\/\/tintafresca.net\/wp-content\/uploads\/2021\/10\/Escola_Saude_2008_07290102.jpg\" alt=\"\" width=\"500\" height=\"375\" srcset=\"https:\/\/tintafresca.net\/wp-content\/uploads\/2021\/10\/Escola_Saude_2008_07290102.jpg 500w, https:\/\/tintafresca.net\/wp-content\/uploads\/2021\/10\/Escola_Saude_2008_07290102-300x225.jpg 300w\" sizes=\"auto, (max-width: 500px) 100vw, 500px\" \/><p id=\"caption-attachment-9795\" class=\"wp-caption-text\">Escola Superior de Sa\u00fade (ESSLei) do Polit\u00e9cnico de Leiria<\/p><\/div>\n<p>\u201cRehabilitation in Chronic Lung Disease: More than exercise\u201d \u00e9 o mote da palestra que vai decorrer no dia 30 de janeiro, entre as 14h e as 15h30, no audit\u00f3rio da Escola Superior de Sa\u00fade (ESSLei) do Polit\u00e9cnico de Leiria. O evento vai contar com a participa\u00e7\u00e3o da Professora Doutora Dina Brooks, vice-reitora da Faculdade de Ci\u00eancias da Sa\u00fade e diretora executiva da Escola de Ci\u00eancias da Reabilita\u00e7\u00e3o da Universidade de McMaster, no Canad\u00e1.<\/p>\n<p>\u00abA Reabilita\u00e7\u00e3o Respirat\u00f3ria \u00e9 uma interven\u00e7\u00e3o com o mais alto n\u00edvel de evid\u00eancia e um pilar fundamental na interven\u00e7\u00e3o em pessoas com doen\u00e7a respirat\u00f3ria cr\u00f3nica. No entanto, ainda existe a ideia de que o exerc\u00edcio f\u00edsico pode ser considerado, por si s\u00f3, reabilita\u00e7\u00e3o respirat\u00f3ria. Esta palestra tem como objetivo desmistificar esta cren\u00e7a e apresentar a evid\u00eancia existente e alguns aspetos importantes a considerar na implementa\u00e7\u00e3o de programas de reabilita\u00e7\u00e3o respirat\u00f3ria\u00bb, explica o programa da palestra, onde ser\u00e1 tamb\u00e9m abordada a interven\u00e7\u00e3o em pessoas com doen\u00e7a respirat\u00f3ria cr\u00f3nica para a gest\u00e3o dos sintomas (dor e tosse cr\u00f3nica) e risco de quedas.<\/p>\n<p>No evento ser\u00e1 apresentado algum do trabalho desenvolvido pela equipa da Professora Dina Brooks na \u00e1rea da Reabilita\u00e7\u00e3o. Dina Brooks \u00e9 uma investigadora de renome internacional na \u00e1rea da Reabilita\u00e7\u00e3o Respirat\u00f3ria e Cardiovascular, Atividade F\u00edsica, e no Envelhecimento, especificamente no papel do exerc\u00edcio e no impacto da multimorbilidade.<\/p>\n<p>Tem tamb\u00e9m trabalhado na \u00e1rea da avalia\u00e7\u00e3o do equil\u00edbrio e risco de quedas, interven\u00e7\u00e3o em pessoas com tosse cr\u00f3nica, e colabora com uma equipa de investigadores do Polit\u00e9cnico de Leiria em estudos na \u00e1rea da reabilita\u00e7\u00e3o e promo\u00e7\u00e3o de atividade f\u00edsica em pessoas com doen\u00e7a pulmonar obstrutiva cr\u00f3nica, e na avalia\u00e7\u00e3o da sobrecarga em cuidadores de pessoas com doen\u00e7a respirat\u00f3ria.<\/p>\n<p>No final da palestra, os participantes ter\u00e3o uma vis\u00e3o abrangente sobre a import\u00e2ncia da Reabilita\u00e7\u00e3o Respirat\u00f3ria e a evid\u00eancia existente nesta \u00e1rea, bem como os avan\u00e7os cient\u00edficos nas \u00e1reas da dor cr\u00f3nica, tosse cr\u00f3nica e risco de quedas em pessoas com doen\u00e7a respirat\u00f3ria cr\u00f3nica.<\/p>\n<p><strong>\u00a0 \u00a0 \u00a0Fonte: Midlandcom<\/strong><\/p>\n","protected":false},"excerpt":{"rendered":"<p>\u201cRehabilitation in Chronic Lung Disease: More than exercise\u201d \u00e9 o mote da palestra que vai decorrer no dia 30 de janeiro, entre as 14h e as 15h30, no audit\u00f3rio da Escola Superior de Sa\u00fade (ESSLei) do Polit\u00e9cnico de Leiria. O evento vai contar com a participa\u00e7\u00e3o da Professora Doutora Dina Brooks, vice-reitora da Faculdade de [&hellip;]<\/p>\n","protected":false},"author":2,"featured_media":9794,"comment_status":"open","ping_status":"open","sticky":false,"template":"","format":"standard","meta":{"footnotes":""},"categories":[6],"tags":[],"class_list":["post-24240","post","type-post","status-publish","format-standard","has-post-thumbnail","hentry","category-saude"],"_links":{"self":[{"href":"https:\/\/tintafresca.net\/index.php\/wp-json\/wp\/v2\/posts\/24240","targetHints":{"allow":["GET"]}}],"collection":[{"href":"https:\/\/tintafresca.net\/index.php\/wp-json\/wp\/v2\/posts"}],"about":[{"href":"https:\/\/tintafresca.net\/index.php\/wp-json\/wp\/v2\/types\/post"}],"author":[{"embeddable":true,"href":"https:\/\/tintafresca.net\/index.php\/wp-json\/wp\/v2\/users\/2"}],"replies":[{"embeddable":true,"href":"https:\/\/tintafresca.net\/index.php\/wp-json\/wp\/v2\/comments?post=24240"}],"version-history":[{"count":2,"href":"https:\/\/tintafresca.net\/index.php\/wp-json\/wp\/v2\/posts\/24240\/revisions"}],"predecessor-version":[{"id":24242,"href":"https:\/\/tintafresca.net\/index.php\/wp-json\/wp\/v2\/posts\/24240\/revisions\/24242"}],"wp:featuredmedia":[{"embeddable":true,"href":"https:\/\/tintafresca.net\/index.php\/wp-json\/wp\/v2\/media\/9794"}],"wp:attachment":[{"href":"https:\/\/tintafresca.net\/index.php\/wp-json\/wp\/v2\/media?parent=24240"}],"wp:term":[{"taxonomy":"category","embeddable":true,"href":"https:\/\/tintafresca.net\/index.php\/wp-json\/wp\/v2\/categories?post=24240"},{"taxonomy":"post_tag","embeddable":true,"href":"https:\/\/tintafresca.net\/index.php\/wp-json\/wp\/v2\/tags?post=24240"}],"curies":[{"name":"wp","href":"https:\/\/api.w.org\/{rel}","templated":true}]}}