{"id":24385,"date":"2023-01-31T19:41:36","date_gmt":"2023-01-31T19:41:36","guid":{"rendered":"https:\/\/tintafresca.net\/?p=24385"},"modified":"2023-01-31T21:58:05","modified_gmt":"2023-01-31T21:58:05","slug":"obras-na-cirurgia-b-e-medicina-b-da-unidade-de-torres-vedras-do-centro-hospitalar-do-oeste-ja-estao-concluidas","status":"publish","type":"post","link":"https:\/\/tintafresca.net\/index.php\/2023\/01\/31\/obras-na-cirurgia-b-e-medicina-b-da-unidade-de-torres-vedras-do-centro-hospitalar-do-oeste-ja-estao-concluidas\/","title":{"rendered":"Obras na Cirurgia B e Medicina B da Unidade de Torres Vedras do Centro Hospitalar do Oeste j\u00e1 est\u00e3o conclu\u00eddas"},"content":{"rendered":"<div id=\"attachment_24387\" style=\"width: 510px\" class=\"wp-caption alignleft\"><img loading=\"lazy\" decoding=\"async\" aria-describedby=\"caption-attachment-24387\" class=\"wp-image-24387 size-full\" src=\"https:\/\/tintafresca.net\/wp-content\/uploads\/2023\/01\/CHO_TV_Sala-Doentes10.jpg\" alt=\"\" width=\"500\" height=\"333\" srcset=\"https:\/\/tintafresca.net\/wp-content\/uploads\/2023\/01\/CHO_TV_Sala-Doentes10.jpg 500w, https:\/\/tintafresca.net\/wp-content\/uploads\/2023\/01\/CHO_TV_Sala-Doentes10-300x200.jpg 300w\" sizes=\"auto, (max-width: 500px) 100vw, 500px\" \/><p id=\"caption-attachment-24387\" class=\"wp-caption-text\">Sala de doentes<\/p><\/div>\n<p>O Conselho de Administra\u00e7\u00e3o do Centro Hospitalar do Oeste informou, no dia 31 de janeiro, que est\u00e3o conclu\u00eddas as obras de beneficia\u00e7\u00e3o dos servi\u00e7os de internamento \u2013 Cirurgia B e Medicina B da Unidade de Torres Vedras, que decorreram com o objetivo de melhorar a qualidade do acolhimento, do conforto e do atendimento aos doentes, assim como melhorar as condi\u00e7\u00f5es de trabalho dos profissionais que ali desempenham fun\u00e7\u00f5es.<\/p>\n<p>De referir que a dura\u00e7\u00e3o total da empreitada rondou os 120 dias, distribu\u00eddos pelos dois servi\u00e7os.<\/p>\n<p>Estas obras de melhoramento consistiram na interven\u00e7\u00e3o das instala\u00e7\u00f5es sanit\u00e1rias, quer de utentes quer de profissionais, com substitui\u00e7\u00e3o de portas, coloca\u00e7\u00e3o de piso novo e pintura dos tetos. Por sua vez, nas enfermarias foram colocadas calhas hospitalares, piso em vin\u00edlico, e pinturas em tetos e paredes. Nos corredores e zonas de servi\u00e7o tamb\u00e9m foram realizadas pinturas em tetos e paredes. Decorreu ainda a substitui\u00e7\u00e3o de infraestruturas nomeadamente, redes de \u00e1guas, gases medicinais, chamada de enfermeiro, eletricidade e rede estruturada. Foram colocados arm\u00e1rios novos nas copas, e nas salas de trabalho.<\/p>\n<div id=\"attachment_24388\" style=\"width: 360px\" class=\"wp-caption alignleft\"><img loading=\"lazy\" decoding=\"async\" aria-describedby=\"caption-attachment-24388\" class=\"wp-image-24388\" src=\"https:\/\/tintafresca.net\/wp-content\/uploads\/2023\/01\/CHO_TV_Internamento_Medicina_B10.jpg\" alt=\"\" width=\"350\" height=\"525\" srcset=\"https:\/\/tintafresca.net\/wp-content\/uploads\/2023\/01\/CHO_TV_Internamento_Medicina_B10.jpg 500w, https:\/\/tintafresca.net\/wp-content\/uploads\/2023\/01\/CHO_TV_Internamento_Medicina_B10-200x300.jpg 200w\" sizes=\"auto, (max-width: 350px) 100vw, 350px\" \/><p id=\"caption-attachment-24388\" class=\"wp-caption-text\">Quarto de Medicina Interna B<\/p><\/div>\n<p>Globalmente esta empreitada representou um investimento de 363.682,29 \u20ac (acresce IVA), encontrando-se inclu\u00edda numa candidatura mais vasta do programa CENTRO 2020 (FEDER), com cofinanciamento de 85% do montante global eleg\u00edvel.<\/p>\n<p>O Conselho de Administra\u00e7\u00e3o do Centro Hospitalar do Oeste agradece aos utentes e aos profissionais toda a compreens\u00e3o demonstrada durante esta fase de obras. De notar que, apesar de alguns constrangimentos provocados pelas obras, os Servi\u00e7os continuaram sempre a funcionar e a prestar os cuidados necess\u00e1rios \u00e0 popula\u00e7\u00e3o.<\/p>\n<p>O Centro Hospitalar do Oeste E.P.E. integra os hospitais de Caldas da Rainha, Peniche e Torres Vedras, tendo uma \u00e1rea de influ\u00eancia constitu\u00edda pelas popula\u00e7\u00f5es dos concelhos de Caldas da Rainha, \u00d3bidos, Peniche, Bombarral, Torres Vedras, Cadaval e Lourinh\u00e3 e de parte dos concelhos de Alcoba\u00e7a (freguesias de Alfeizer\u00e3o, Benedita e S\u00e3o Martinho do Porto) e de Mafra (com exce\u00e7\u00e3o das freguesias de Malveira, \u00a0Milharado, Santo Est\u00eav\u00e3o das Gal\u00e9s e Venda do Pinheiro), abrangendo 298.390 habitantes.<\/p>\n<p>Fonte: GC|CHO<\/p>\n","protected":false},"excerpt":{"rendered":"<p>O Conselho de Administra\u00e7\u00e3o do Centro Hospitalar do Oeste informou, no dia 31 de janeiro, que est\u00e3o conclu\u00eddas as obras de beneficia\u00e7\u00e3o dos servi\u00e7os de internamento \u2013 Cirurgia B e Medicina B da Unidade de Torres Vedras, que decorreram com o objetivo de melhorar a qualidade do acolhimento, do conforto e do atendimento aos doentes, [&hellip;]<\/p>\n","protected":false},"author":2,"featured_media":24389,"comment_status":"open","ping_status":"open","sticky":false,"template":"","format":"standard","meta":{"footnotes":""},"categories":[6],"tags":[],"class_list":["post-24385","post","type-post","status-publish","format-standard","has-post-thumbnail","hentry","category-saude"],"_links":{"self":[{"href":"https:\/\/tintafresca.net\/index.php\/wp-json\/wp\/v2\/posts\/24385","targetHints":{"allow":["GET"]}}],"collection":[{"href":"https:\/\/tintafresca.net\/index.php\/wp-json\/wp\/v2\/posts"}],"about":[{"href":"https:\/\/tintafresca.net\/index.php\/wp-json\/wp\/v2\/types\/post"}],"author":[{"embeddable":true,"href":"https:\/\/tintafresca.net\/index.php\/wp-json\/wp\/v2\/users\/2"}],"replies":[{"embeddable":true,"href":"https:\/\/tintafresca.net\/index.php\/wp-json\/wp\/v2\/comments?post=24385"}],"version-history":[{"count":3,"href":"https:\/\/tintafresca.net\/index.php\/wp-json\/wp\/v2\/posts\/24385\/revisions"}],"predecessor-version":[{"id":24391,"href":"https:\/\/tintafresca.net\/index.php\/wp-json\/wp\/v2\/posts\/24385\/revisions\/24391"}],"wp:featuredmedia":[{"embeddable":true,"href":"https:\/\/tintafresca.net\/index.php\/wp-json\/wp\/v2\/media\/24389"}],"wp:attachment":[{"href":"https:\/\/tintafresca.net\/index.php\/wp-json\/wp\/v2\/media?parent=24385"}],"wp:term":[{"taxonomy":"category","embeddable":true,"href":"https:\/\/tintafresca.net\/index.php\/wp-json\/wp\/v2\/categories?post=24385"},{"taxonomy":"post_tag","embeddable":true,"href":"https:\/\/tintafresca.net\/index.php\/wp-json\/wp\/v2\/tags?post=24385"}],"curies":[{"name":"wp","href":"https:\/\/api.w.org\/{rel}","templated":true}]}}