{"id":24425,"date":"2023-02-01T22:45:20","date_gmt":"2023-02-01T22:45:20","guid":{"rendered":"https:\/\/tintafresca.net\/?p=24425"},"modified":"2023-02-01T22:55:32","modified_gmt":"2023-02-01T22:55:32","slug":"feira-de-s-matias-traz-roda-gigante-quim-barreiros-avo-cantigas-e-mostra-de-atividades-economicas-a-rossio-ao-sul-do-tejo","status":"publish","type":"post","link":"https:\/\/tintafresca.net\/index.php\/2023\/02\/01\/feira-de-s-matias-traz-roda-gigante-quim-barreiros-avo-cantigas-e-mostra-de-atividades-economicas-a-rossio-ao-sul-do-tejo\/","title":{"rendered":"Feira S. Matias: roda gigante, Quim Barreiros, Av\u00f4 Cantigas e Mostra de Atividades Econ\u00f3micas em Rossio ao Sul do Tejo"},"content":{"rendered":"<div id=\"attachment_24427\" style=\"width: 510px\" class=\"wp-caption alignleft\"><img loading=\"lazy\" decoding=\"async\" aria-describedby=\"caption-attachment-24427\" class=\"wp-image-24427 size-full\" src=\"https:\/\/tintafresca.net\/wp-content\/uploads\/2023\/02\/Abrantes_Feira-S_Matias10.jpg\" alt=\"\" width=\"500\" height=\"333\" srcset=\"https:\/\/tintafresca.net\/wp-content\/uploads\/2023\/02\/Abrantes_Feira-S_Matias10.jpg 500w, https:\/\/tintafresca.net\/wp-content\/uploads\/2023\/02\/Abrantes_Feira-S_Matias10-300x200.jpg 300w\" sizes=\"auto, (max-width: 500px) 100vw, 500px\" \/><p id=\"caption-attachment-24427\" class=\"wp-caption-text\">Roda Gigante<\/p><\/div>\n<p>A Mostra de Atividades Econ\u00f3micas, que ir\u00e1 dar a conhecer empresas locais, \u00e9 a grande novidade da edi\u00e7\u00e3o deste ano da centen\u00e1ria Feira de S. Matias que est\u00e1 de regresso ao Aquapolis sul, em Rossio ao Sul do Tejo, no concelho de Abrantes, de 17 de fevereiro a 5 de mar\u00e7o.<\/p>\n<p>Aos tradicionais equipamentos de divers\u00e3o, espa\u00e7os de venda a retalho, zona de exposi\u00e7\u00e3o e venda de m\u00e1quinas, equipamentos e alfaias agr\u00edcolas, zona de produtos alimentares e de bebidas que comp\u00f5em a Feira de S. Matias, este ano junta-se a Mostra de Atividades Econ\u00f3micas que ir\u00e1 decorrer numa tenda que ser\u00e1 instalada no relvado do hip\u00f3dromo, onde ir\u00e3o estar presentes os agentes empresariais que ir\u00e3o dar a conhecer os seus produtos e servi\u00e7os.<\/p>\n<p>Numa parceria do Munic\u00edpio de Abrantes com a Associa\u00e7\u00e3o Comercial e Empresarial de Abrantes, Const\u00e2ncia, Sardoal, Ma\u00e7\u00e3o e Vila de Rei, TAGUS \u2013 Associa\u00e7\u00e3o para o Desenvolvimento Integrado do Ribatejo Interior, Tagusvalley \u2013 Parque de Ci\u00eancia e Tecnologia, Nersant \u2013 Associa\u00e7\u00e3o Empresarial da Regi\u00e3o de Santar\u00e9m e Associa\u00e7\u00e3o dos Agricultores de Abrantes, Const\u00e2ncia, Sardoal e Ma\u00e7\u00e3o, a Mostra de Atividades Econ\u00f3micas ir\u00e1 funcionar \u00e0s sextas-feiras, s\u00e1bados e domingos, com a dinamiza\u00e7\u00e3o de v\u00e1rias atividades pelos parceiros presentes.<\/p>\n<p>A anima\u00e7\u00e3o musical vai estar fortemente presente nesta edi\u00e7\u00e3o da centen\u00e1ria Feira de S. Matias que ir\u00e1 contar com a atua\u00e7\u00e3o de Quim Barreiros (4 de mar\u00e7o), com os Arrembib\u00e1 Fundo \u2013 Orquestra de Percuss\u00e3o da Casa do Povo de S. Facundo (17 de fevereiro), Concertinas Sons Lusitanos (19 de fevereiro), o grupo Cant\u00b4Abrantes (26 de fevereiro), o espet\u00e1culo infantil com o Av\u00f4 Cantigas (24 de fevereiro) e um baile com o grupo \u201cTens C\u00f3vir\u201d, na noite de 20 de fevereiro, a anteceder o Carnaval.<\/p>\n<p>A Roda Gigante volta a marcar presen\u00e7a na Feira de S. Matias, proporcionando aos utentes uma vista panor\u00e2mica \u00fanica sob o local onde ficar\u00e1 instalada (junto ao rio Tejo). Com 24 cabines, a Roda Gigante disp\u00f5e de uma cabine preparada para pessoas com mobilidade reduzida.<\/p>\n<p>A zona de equipamentos de divers\u00e3o ser\u00e1 composta por 25 atra\u00e7\u00f5es, carross\u00e9is e divertimentos, destinados ao p\u00fablico em geral, infantil e familiar, onde se inclui uma pista de carros de choque, tr\u00eas divertimentos radicais, quatro divertimentos familiares e sete equipamentos de divers\u00e3o infantil. Entre as novidades, est\u00e1 a Pista Americana, dirigida a crian\u00e7as com piscina de bolas e trampolins, e o King, equipamento de divers\u00e3o radical que faz loopings, constitu\u00eddo por um pendulo central oscilat\u00f3rio e rotativo.<\/p>\n<p>A Feira de S. Matias conta com as habituais quinquilharias, cestaria e artigos em verga, cutelaria, malas, flores e plantas, t\u00eaxteis, loi\u00e7a, cal\u00e7ado, o p\u00e3o com chouri\u00e7o e bifanas fabricados em cozinha pr\u00f3pria, bebidas e do\u00e7aria onde se inclui o torr\u00e3o de alicante, as farturas, churros, pipocas, algod\u00e3o doce, <em>waffles<\/em> e crepes recheados, fabricados ao vivo.<\/p>\n<p>A Feira de S. Matias funcionar\u00e1 de segunda a quinta-feira, das 14h \u00e0s 23h; \u00e0s sextas-feiras e s\u00e1bados, entre as 12h e as 00h; e aos domingos, entre as 12h e as 23h.<\/p>\n<p>A inaugura\u00e7\u00e3o do certame est\u00e1 agendada para o dia 17 de fevereiro, \u00e0s 18h.<\/p>\n<p><strong>PROGRAMA GERAL<\/strong><\/p>\n<p><strong>17 de fevereiro (6\u00aafeira)<\/strong><\/p>\n<p>12h00 Abertura da Feira de S. Matias<\/p>\n<p>18h00 In\u00edcio da Mostra de Atividades Econ\u00f3micas<br \/>\nInaugura\u00e7\u00e3o da Feira de S. Matias<br \/>\nAnima\u00e7\u00e3o com \u201cArrebimb\u00e1 Fundo \u2013 Orquestra de Percuss\u00e3o da Casa do Povo de S. Facundo\u201d<\/p>\n<p>20h00 Fim da Mostra de Atividades Econ\u00f3micas<\/p>\n<p>00h00 Encerramento da Feira de S. Matias<\/p>\n<p><strong>18 de fevereiro (s\u00e1bado)<\/strong><\/p>\n<p>12h00 Abertura da Feira de S. Matias<\/p>\n<p>15h00 In\u00edcio da Mostra de Atividades Econ\u00f3micas<\/p>\n<p>15h00 Atividade para crian\u00e7as \u201cProgramar a Brincar: Aldeia dos Robots\u201d [dinamizado pelo TAGUSVALLEY]<\/p>\n<p>17h00 Workshop \u201cInternet e Seguran\u00e7a para pais e filhos\u201d<br \/>\n[dinamizado pela Associa\u00e7\u00e3o Comercial e Empresarial]<br \/>\n\u201cPra\u00e7a &#8211; Ribatejo Interior, plataforma de com\u00e9rcio online de produtos locais\u201d<br \/>\n[dinamizado pela TAGUS-RI]<\/p>\n<p>20h00 Fim da Mostra de Atividades Econ\u00f3micas<\/p>\n<p>00h00 Encerramento da Feira de S. Matias<\/p>\n<p><strong>19 de fevereiro (domingo)<\/strong><\/p>\n<p>12h00 Abertura da Feira de S. Matias<\/p>\n<p>15h00 In\u00edcio da Mostra de Atividades Econ\u00f3micas<\/p>\n<p>15h00 Apresenta\u00e7\u00e3o sobre a \u201cAjuda Comunit\u00e1ria a Fundos de Desenvolvimento Empresarial\u201d<br \/>\n[dinamizado pela NERSANT]<\/p>\n<p>16h00 Atua\u00e7\u00e3o do grupo \u201cConcertinas Sons Lusitanos\u201d<\/p>\n<p>18h00 Fim da Mostra de Atividades Econ\u00f3micas<\/p>\n<p>23h00 Encerramento da Feira de S. Matias<\/p>\n<p><strong>20 de fevereiro (2\u00aafeira)<\/strong><\/p>\n<p>14h00 Abertura da Feira de S. Matias<\/p>\n<p>21h00-22h30 Baile<br \/>\n\u201cTens C\u00f3vir\u201d<\/p>\n<p>23h00 Encerramento da Feira de S. Matias<\/p>\n<p><strong>21, 22 e 23 de fevereiro<br \/>\n<\/strong><strong>(3\u00aa, 4\u00aa e 5\u00aa feira)<\/strong><\/p>\n<p>14h00 Abertura da Feira de S. Matias<\/p>\n<p>23h00 Encerramento da Feira de S. Matias<\/p>\n<p><strong>\u00a0<\/strong><strong>24 de fevereiro (6\u00aafeira)<\/strong><\/p>\n<p><strong>\u00a0<\/strong>12h00 Abertura da Feira de S. Matias<\/p>\n<p>18h00 In\u00edcio da Mostra de Atividades Econ\u00f3micas<\/p>\n<p>21h00 Espet\u00e1culo infantil \u201cAv\u00f4 Cantigas\u201d<\/p>\n<p>23h00 Fim da Mostra de Atividades Econ\u00f3micas<\/p>\n<p>00h00 Encerramento da Feira de S. Matias<\/p>\n<p><strong>\u00a0<\/strong><strong>25 de fevereiro (s\u00e1bado)<\/strong><\/p>\n<p><strong>\u00a0<\/strong>12h00 Abertura da Feira de S. Matias<\/p>\n<p>15h00 In\u00edcio da Mostra de Atividades Econ\u00f3micas<\/p>\n<p>15h00 Exposi\u00e7\u00e3o de Artes e Of\u00edcios do Ribatejo Interior<br \/>\n[dinamizado pela TAGUS-RI]<\/p>\n<p>16h00 Workshop \u201cArtes e of\u00edcios e a economia circular: Desafio ou Oportunidade?\u201d<br \/>\n[dinamizado pelo TAGUSVALLEY]<\/p>\n<p>17h00 Workshop \u201cArtes e Of\u00edcios do Ribatejo Interior\u201d<br \/>\n[dinamizado pela TAGUS-RI]<\/p>\n<p>18h00 Workshop &#8220;Apresenta\u00e7\u00e3o da incubadora do TAGUSVALLEY \u2013 Testemunhos de algumas empresas incubadas&#8221;<br \/>\n[dinamizado pelo TAGUSVALLEY]<\/p>\n<p>20h00 Fim da Mostra de Atividades Econ\u00f3micas<\/p>\n<p>00h00 Encerramento da Feira de S. Matias<\/p>\n<p><strong>26 de fevereiro (domingo)<\/strong><\/p>\n<p>12h00 Abertura da Feira de S. Matias<\/p>\n<p>15h00 In\u00edcio da Mostra de Atividades Econ\u00f3micas<\/p>\n<p>15h00 \u201cAtelier de costura criativa\u201d<br \/>\n[dinamizado pela Associa\u00e7\u00e3o Comercial e Empresarial]<\/p>\n<p>16h Atua\u00e7\u00e3o do grupo \u201cCant\u2019Abrantes\u201d<\/p>\n<p>17h00 Exposi\u00e7\u00e3o de Artes e Of\u00edcios do Ribatejo Interior<br \/>\n[dinamizado pela TAGUS-RI]<\/p>\n<p>18h00 Fim da Mostra de Atividades Econ\u00f3micas<\/p>\n<p>23h00 Encerramento da Feira de S. Matias<\/p>\n<p><strong>27, 28 de fevereiro, 1 e 2 de mar\u00e7o<br \/>\n<\/strong><strong>(2\u00aa,3\u00aa, 4\u00aa e 5\u00aa feira)\u00a0<\/strong><\/p>\n<p>14h00 Abertura da Feira de S. Matias<\/p>\n<p>23h00 Encerramento da Feira de S. Matias<\/p>\n<p><strong>\u00a0<\/strong><strong>3 de mar\u00e7o (6\u00aafeira)<\/strong><\/p>\n<p><strong>\u00a0<\/strong>12h00 Abertura da Feira de S. Matias<\/p>\n<p>18h00 In\u00edcio da Mostra de Atividades Econ\u00f3micas<\/p>\n<p>20h00 Fim da Mostra de Atividades Econ\u00f3micas<\/p>\n<p>00h00 Encerramento da Feira de S. Matias<\/p>\n<p><strong>4 de mar\u00e7o (s\u00e1bado)<\/strong><\/p>\n<p><strong>\u00a0<\/strong>12h00 Abertura da Feira de S. Matias<\/p>\n<p>15h00 In\u00edcio da Mostra de Atividades Econ\u00f3micas<\/p>\n<p>15h00 Showcooking \u201cAprender a bem comer\u201d<br \/>\n[dinamizado pela TAGUS-RI]<\/p>\n<p><strong>\u00a0<\/strong>17h00 Workshop \u201cViver bem com intoler\u00e2ncias alimentares\u201d<br \/>\n[dinamizado pela Associa\u00e7\u00e3o Comercial e Empresarial]<\/p>\n<p><strong>\u00a0<\/strong>21h30 \u201cQuim Barreiros\u201d<\/p>\n<p>23h00 Fim da Mostra de Atividades Econ\u00f3micas<\/p>\n<p>00h00 Encerramento da Feira de S. Matias<\/p>\n<p><strong>5 de mar\u00e7o (domingo)<\/strong><\/p>\n<p>12h00 Abertura da Feira de S. Matias<\/p>\n<p>15h00 In\u00edcio da Mostra de Atividades Econ\u00f3micas<\/p>\n<p>15h00 Showcooking \u201cPequenos a aprender a bem comer\u201d<br \/>\n[dinamizado pela TAGUS-RI]<\/p>\n<p>18h00 Fim da Mostra de Atividades Econ\u00f3micas<\/p>\n<p>23h00 Encerramento da Feira de S. Matias<\/p>\n<p><strong> \u00a0Fonte: DC|CMA<\/strong><\/p>\n","protected":false},"excerpt":{"rendered":"<p>A Mostra de Atividades Econ\u00f3micas, que ir\u00e1 dar a conhecer empresas locais, \u00e9 a grande novidade da edi\u00e7\u00e3o deste ano da centen\u00e1ria Feira de S. Matias que est\u00e1 de regresso ao Aquapolis sul, em Rossio ao Sul do Tejo, no concelho de Abrantes, de 17 de fevereiro a 5 de mar\u00e7o. Aos tradicionais equipamentos de [&hellip;]<\/p>\n","protected":false},"author":2,"featured_media":24428,"comment_status":"open","ping_status":"open","sticky":false,"template":"","format":"standard","meta":{"footnotes":""},"categories":[7,11],"tags":[],"class_list":["post-24425","post","type-post","status-publish","format-standard","has-post-thumbnail","hentry","category-economia","category-sociedade"],"_links":{"self":[{"href":"https:\/\/tintafresca.net\/index.php\/wp-json\/wp\/v2\/posts\/24425","targetHints":{"allow":["GET"]}}],"collection":[{"href":"https:\/\/tintafresca.net\/index.php\/wp-json\/wp\/v2\/posts"}],"about":[{"href":"https:\/\/tintafresca.net\/index.php\/wp-json\/wp\/v2\/types\/post"}],"author":[{"embeddable":true,"href":"https:\/\/tintafresca.net\/index.php\/wp-json\/wp\/v2\/users\/2"}],"replies":[{"embeddable":true,"href":"https:\/\/tintafresca.net\/index.php\/wp-json\/wp\/v2\/comments?post=24425"}],"version-history":[{"count":7,"href":"https:\/\/tintafresca.net\/index.php\/wp-json\/wp\/v2\/posts\/24425\/revisions"}],"predecessor-version":[{"id":24434,"href":"https:\/\/tintafresca.net\/index.php\/wp-json\/wp\/v2\/posts\/24425\/revisions\/24434"}],"wp:featuredmedia":[{"embeddable":true,"href":"https:\/\/tintafresca.net\/index.php\/wp-json\/wp\/v2\/media\/24428"}],"wp:attachment":[{"href":"https:\/\/tintafresca.net\/index.php\/wp-json\/wp\/v2\/media?parent=24425"}],"wp:term":[{"taxonomy":"category","embeddable":true,"href":"https:\/\/tintafresca.net\/index.php\/wp-json\/wp\/v2\/categories?post=24425"},{"taxonomy":"post_tag","embeddable":true,"href":"https:\/\/tintafresca.net\/index.php\/wp-json\/wp\/v2\/tags?post=24425"}],"curies":[{"name":"wp","href":"https:\/\/api.w.org\/{rel}","templated":true}]}}