{"id":24435,"date":"2023-02-02T14:12:01","date_gmt":"2023-02-02T14:12:01","guid":{"rendered":"https:\/\/tintafresca.net\/?p=24435"},"modified":"2023-02-02T14:31:10","modified_gmt":"2023-02-02T14:31:10","slug":"ourem-recebe-126-milhoes-de-euros-para-executar-acoes-de-estabilizacao-devido-aos-incendios","status":"publish","type":"post","link":"https:\/\/tintafresca.net\/index.php\/2023\/02\/02\/ourem-recebe-126-milhoes-de-euros-para-executar-acoes-de-estabilizacao-devido-aos-incendios\/","title":{"rendered":"Our\u00e9m recebe 1,3 milh\u00f5es de euros para executar a\u00e7\u00f5es de estabiliza\u00e7\u00e3o devido aos inc\u00eandios"},"content":{"rendered":"<div id=\"attachment_24438\" style=\"width: 510px\" class=\"wp-caption alignleft\"><img loading=\"lazy\" decoding=\"async\" aria-describedby=\"caption-attachment-24438\" class=\"wp-image-24438 size-full\" src=\"https:\/\/tintafresca.net\/wp-content\/uploads\/2023\/02\/Ourem_Joao_paulo_Catarino10.jpg\" alt=\"\" width=\"500\" height=\"375\" srcset=\"https:\/\/tintafresca.net\/wp-content\/uploads\/2023\/02\/Ourem_Joao_paulo_Catarino10.jpg 500w, https:\/\/tintafresca.net\/wp-content\/uploads\/2023\/02\/Ourem_Joao_paulo_Catarino10-300x225.jpg 300w\" sizes=\"auto, (max-width: 500px) 100vw, 500px\" \/><p id=\"caption-attachment-24438\" class=\"wp-caption-text\">Interven\u00e7\u00e3o de Jo\u00e3o Paulo Catarino<\/p><\/div>\n<p>O presidente da C\u00e2mara Municipal de Our\u00e9m, Lu\u00eds Miguel Albuquerque, deslocou-se esta quarta-feira, dia 1 de fevereiro, at\u00e9 Mur\u00e7a para firmar um contrato-programa com o Fundo Ambiental e o Instituto da Conserva\u00e7\u00e3o da Natureza e das Florestas, I.P., que assegura apoio financeiro para executar a\u00e7\u00f5es de estabiliza\u00e7\u00e3o na sequ\u00eancia dos inc\u00eandios rurais que assolaram o concelho no ver\u00e3o passado.<\/p>\n<p>O protocolo celebrado na presen\u00e7a do secret\u00e1rio de Estado da Conserva\u00e7\u00e3o da Natureza e Florestas, Jo\u00e3o Paulo Catarino, prev\u00ea a atribui\u00e7\u00e3o de um valor at\u00e9 sensivelmente 1,26 milh\u00f5es de euros, que ser\u00e1 afeto \u00e0 implementa\u00e7\u00e3o de medidas para recupera\u00e7\u00e3o de infraestruturas afetadas em tro\u00e7os de rede prim\u00e1ria e sec\u00e7\u00f5es da rede secund\u00e1ria de Faixas de Gest\u00e3o de Combust\u00edvel, al\u00e9m da recupera\u00e7\u00e3o e tratamento de rede vi\u00e1ria.<\/p>\n<p>As a\u00e7\u00f5es de estabiliza\u00e7\u00e3o previstas incidem tamb\u00e9m no controlo da eros\u00e3o, tratamento e prote\u00e7\u00e3o de encostas, e para o efeito ser\u00e3o promovidos trabalhos de aquisi\u00e7\u00e3o ou corte e processamento de res\u00edduos org\u00e2nicos\/florestais e a instala\u00e7\u00e3o de barreiras de res\u00edduos florestais, troncos e outros.<\/p>\n<p>No \u00e2mbito da preven\u00e7\u00e3o da contamina\u00e7\u00e3o, assoreamento e recupera\u00e7\u00e3o de linhas de \u00e1gua, pretende-se a regulariza\u00e7\u00e3o do regime hidrol\u00f3gico das linhas de \u00e1gua, obras de corre\u00e7\u00e3o torrencial de pequena dimens\u00e3o, interven\u00e7\u00f5es complementares de regulariza\u00e7\u00e3o do regime hidrol\u00f3gico das linhas de \u00e1gua (nomeadamente instala\u00e7\u00e3o de vegeta\u00e7\u00e3o rip\u00edcola) e obras complementares de corre\u00e7\u00e3o torrencial de pequena dimens\u00e3o.<\/p>\n<p>Por fim, e com o objetivo de preservar a biodiversidade, ser\u00e3o tamb\u00e9m executadas a\u00e7\u00f5es de controlo de esp\u00e9cies invasoras lenhosas.<\/p>\n<p>O contrato-programa em causa suporta todas as despesas inerentes \u00e0 execu\u00e7\u00e3o das a\u00e7\u00f5es, incluindo as despesas associadas aos procedimentos de contrata\u00e7\u00e3o, fiscaliza\u00e7\u00e3o e gest\u00e3o.<\/p>\n","protected":false},"excerpt":{"rendered":"<p>O presidente da C\u00e2mara Municipal de Our\u00e9m, Lu\u00eds Miguel Albuquerque, deslocou-se esta quarta-feira, dia 1 de fevereiro, at\u00e9 Mur\u00e7a para firmar um contrato-programa com o Fundo Ambiental e o Instituto da Conserva\u00e7\u00e3o da Natureza e das Florestas, I.P., que assegura apoio financeiro para executar a\u00e7\u00f5es de estabiliza\u00e7\u00e3o na sequ\u00eancia dos inc\u00eandios rurais que assolaram o [&hellip;]<\/p>\n","protected":false},"author":2,"featured_media":24439,"comment_status":"open","ping_status":"open","sticky":false,"template":"","format":"standard","meta":{"footnotes":""},"categories":[9],"tags":[],"class_list":["post-24435","post","type-post","status-publish","format-standard","has-post-thumbnail","hentry","category-ambiente"],"_links":{"self":[{"href":"https:\/\/tintafresca.net\/index.php\/wp-json\/wp\/v2\/posts\/24435","targetHints":{"allow":["GET"]}}],"collection":[{"href":"https:\/\/tintafresca.net\/index.php\/wp-json\/wp\/v2\/posts"}],"about":[{"href":"https:\/\/tintafresca.net\/index.php\/wp-json\/wp\/v2\/types\/post"}],"author":[{"embeddable":true,"href":"https:\/\/tintafresca.net\/index.php\/wp-json\/wp\/v2\/users\/2"}],"replies":[{"embeddable":true,"href":"https:\/\/tintafresca.net\/index.php\/wp-json\/wp\/v2\/comments?post=24435"}],"version-history":[{"count":4,"href":"https:\/\/tintafresca.net\/index.php\/wp-json\/wp\/v2\/posts\/24435\/revisions"}],"predecessor-version":[{"id":24441,"href":"https:\/\/tintafresca.net\/index.php\/wp-json\/wp\/v2\/posts\/24435\/revisions\/24441"}],"wp:featuredmedia":[{"embeddable":true,"href":"https:\/\/tintafresca.net\/index.php\/wp-json\/wp\/v2\/media\/24439"}],"wp:attachment":[{"href":"https:\/\/tintafresca.net\/index.php\/wp-json\/wp\/v2\/media?parent=24435"}],"wp:term":[{"taxonomy":"category","embeddable":true,"href":"https:\/\/tintafresca.net\/index.php\/wp-json\/wp\/v2\/categories?post=24435"},{"taxonomy":"post_tag","embeddable":true,"href":"https:\/\/tintafresca.net\/index.php\/wp-json\/wp\/v2\/tags?post=24435"}],"curies":[{"name":"wp","href":"https:\/\/api.w.org\/{rel}","templated":true}]}}