{"id":24464,"date":"2023-02-03T09:03:37","date_gmt":"2023-02-03T09:03:37","guid":{"rendered":"https:\/\/tintafresca.net\/?p=24464"},"modified":"2023-02-03T09:16:35","modified_gmt":"2023-02-03T09:16:35","slug":"centro-para-a-sustentabilidade-do-mar-e-zonas-costeiras-inaugurado-em-torres-vedras","status":"publish","type":"post","link":"https:\/\/tintafresca.net\/index.php\/2023\/02\/03\/centro-para-a-sustentabilidade-do-mar-e-zonas-costeiras-inaugurado-em-torres-vedras\/","title":{"rendered":"Centro para a Sustentabilidade do Mar e Zonas Costeiras inaugurado em Torres Vedras"},"content":{"rendered":"<div id=\"attachment_24467\" style=\"width: 510px\" class=\"wp-caption alignleft\"><img loading=\"lazy\" decoding=\"async\" aria-describedby=\"caption-attachment-24467\" class=\"wp-image-24467\" src=\"https:\/\/tintafresca.net\/wp-content\/uploads\/2023\/02\/TV_centro_sustentabilidade2.jpg\" alt=\"\" width=\"500\" height=\"289\" srcset=\"https:\/\/tintafresca.net\/wp-content\/uploads\/2023\/02\/TV_centro_sustentabilidade2.jpg 720w, https:\/\/tintafresca.net\/wp-content\/uploads\/2023\/02\/TV_centro_sustentabilidade2-300x173.jpg 300w\" sizes=\"auto, (max-width: 500px) 100vw, 500px\" \/><p id=\"caption-attachment-24467\" class=\"wp-caption-text\">Descerramento da placa de inaugura\u00e7\u00e3o<\/p><\/div>\n<p>O Centro para a Sustentabilidade do Mar e Zonas Costeiras, em Porto Novo, foi inaugurado a 1 de fevereiro, com a presen\u00e7a do secret\u00e1rio de Estado do Mar, Jos\u00e9 Maria Costa. O equipamento resulta da reabilita\u00e7\u00e3o do antigo Posto da Guarda Fiscal de Porto Novo e tem como objetivo a divulga\u00e7\u00e3o de conhecimento e da investiga\u00e7\u00e3o nos dom\u00ednios do mar e das zonas costeiras.<\/p>\n<p>A cerim\u00f3nia teve in\u00edcio com o descerramento da placa de inaugura\u00e7\u00e3o, a que se seguiu uma visita ao espa\u00e7o.<\/p>\n<p>A coordena\u00e7\u00e3o cient\u00edfica e t\u00e9cnica do Centro para a Sustentabilidade do Mar e Zonas Costeiras ser\u00e1 assegurada pela NOVA School of Science and Technology, Faculdade de Ci\u00eancias e Tecnologia da Universidade Nova de Lisboa. Para tal, foi assinado um protocolo de colabora\u00e7\u00e3o entre o Munic\u00edpio de Torres Vedras e esta institui\u00e7\u00e3o.<\/p>\n<p>Neste \u00e2mbito, coube a Jos\u00e9 Carlos Ferreira, do MARE &#8211; Centro de Ci\u00eancias do Mar e do Ambiente do polo da Universidade Nova de Lisboa, apresentar o plano de atividades do equipamento, que assenta em quatro eixos: capacitar os estudantes; investigar nos dom\u00ednios do mar e das zonas costeiras; experimentar, atrav\u00e9s de a\u00e7\u00f5es de educa\u00e7\u00e3o-a\u00e7\u00e3o; e partilhar o conhecimento com a comunidade.<\/p>\n<div id=\"attachment_24468\" style=\"width: 510px\" class=\"wp-caption alignleft\"><img loading=\"lazy\" decoding=\"async\" aria-describedby=\"caption-attachment-24468\" class=\"wp-image-24468\" src=\"https:\/\/tintafresca.net\/wp-content\/uploads\/2023\/02\/TV_centro_sustentabilidade.jpg\" alt=\"\" width=\"500\" height=\"333\" srcset=\"https:\/\/tintafresca.net\/wp-content\/uploads\/2023\/02\/TV_centro_sustentabilidade.jpg 720w, https:\/\/tintafresca.net\/wp-content\/uploads\/2023\/02\/TV_centro_sustentabilidade-300x200.jpg 300w\" sizes=\"auto, (max-width: 500px) 100vw, 500px\" \/><p id=\"caption-attachment-24468\" class=\"wp-caption-text\">Instala\u00e7\u00f5es do Centro para a Sustentabilidade do Mar e Zonas Costeiras, em Porto Novo<\/p><\/div>\n<p>O diretor da Faculdade de Ci\u00eancias e Tecnologia da Universidade Nova de Lisboa, Jos\u00e9 J\u00falio Alferes, referiu que este Centro conjuga dois fatores importantes: \u201ctrazer os investigadores para junto da mat\u00e9ria que investigam, mas fazer isso num s\u00edtio que tamb\u00e9m envolve a comunidade e trata da divulga\u00e7\u00e3o daquilo que v\u00e3o fazendo\u201d.<\/p>\n<p>A presidente da C\u00e2mara Municipal de Torres Vedras, Laura Rodrigues, explicou que este Centro \u201cir\u00e1 integrar uma rede de equipamentos municipais, da qual j\u00e1 faz parte o Centro Interpretativo da Reserva Natural Local Foz Azul, localizado no antigo Posto da Guarda Fiscal da Assenta\u201d. Laura Rodrigues referiu, ainda, que a implementa\u00e7\u00e3o de um modelo de gest\u00e3o colaborativo com uma entidade do sistema cient\u00edfico e tecnol\u00f3gico \u201cpotencia uma maior capacidade de interven\u00e7\u00e3o e meios qualificados associados ao ensino, \u00e0 investiga\u00e7\u00e3o cient\u00edfica, ao desenvolvimento tecnol\u00f3gico e \u00e0 inova\u00e7\u00e3o\u201d.<\/p>\n<p>\u201cA Universidade Nova tem de facto um trabalho importante nesta tem\u00e1tica dos oceanos\u201d, referiu o secret\u00e1rio de Estado do Mar, acrescentando que este ser\u00e1 um projeto inovador que ir\u00e1 \u201cafirmar este territ\u00f3rio como um territ\u00f3rio de excel\u00eancia do ponto de vista do conhecimento.\u201d<\/p>\n<p>A cerim\u00f3nia terminou com uma hist\u00f3ria do livro Ouri\u00e7o-do-mar contada pelos alunos da Escola B\u00e1sica e Jardim de Inf\u00e2ncia da Conquinha. Este livro, que resultou do projeto \u201cConhecer para preservar | Ouri\u00e7o-do-mar\u201d, teve como objetivo promover a criatividade dos alunos do concelho de Torres Vedras na \u00e1rea da escrita e despertar a sua curiosidade para a biodiversidade existente no Oceano.<\/p>\n<p>O Centro para a Sustentabilidade do Mar e Zonas Costeiras enquadra-se na estrat\u00e9gia de desenvolvimento local \u201cecoMAR\u201d, promovida pelo Grupo de A\u00e7\u00e3o Local, e insere-se na tipologia: \u201cPreserva\u00e7\u00e3o, conserva\u00e7\u00e3o e valoriza\u00e7\u00e3o dos elementos patrimoniais e dos recursos naturais e paisag\u00edsticos\u201d. O projeto envolveu um investimento de cerca 216.075,276 \u20ac, financiado em 169.981,94 \u20ac pelo Programa Operacional Mar 2020, Portugal2020 e Uni\u00e3o Europeia, atrav\u00e9s do Fundo Europeu dos Assuntos Mar\u00edtimos e das Pescas (FEAMP) e em 29.996,81 \u20ac atrav\u00e9s de apoio financeiro P\u00fablico Nacional.<\/p>\n<p><strong>\u00a0 \u00a0 \u00a0Fonte: AC|CMTV<\/strong><\/p>\n","protected":false},"excerpt":{"rendered":"<p>O Centro para a Sustentabilidade do Mar e Zonas Costeiras, em Porto Novo, foi inaugurado a 1 de fevereiro, com a presen\u00e7a do secret\u00e1rio de Estado do Mar, Jos\u00e9 Maria Costa. O equipamento resulta da reabilita\u00e7\u00e3o do antigo Posto da Guarda Fiscal de Porto Novo e tem como objetivo a divulga\u00e7\u00e3o de conhecimento e da [&hellip;]<\/p>\n","protected":false},"author":2,"featured_media":24470,"comment_status":"open","ping_status":"open","sticky":false,"template":"","format":"standard","meta":{"footnotes":""},"categories":[9],"tags":[],"class_list":["post-24464","post","type-post","status-publish","format-standard","has-post-thumbnail","hentry","category-ambiente"],"_links":{"self":[{"href":"https:\/\/tintafresca.net\/index.php\/wp-json\/wp\/v2\/posts\/24464","targetHints":{"allow":["GET"]}}],"collection":[{"href":"https:\/\/tintafresca.net\/index.php\/wp-json\/wp\/v2\/posts"}],"about":[{"href":"https:\/\/tintafresca.net\/index.php\/wp-json\/wp\/v2\/types\/post"}],"author":[{"embeddable":true,"href":"https:\/\/tintafresca.net\/index.php\/wp-json\/wp\/v2\/users\/2"}],"replies":[{"embeddable":true,"href":"https:\/\/tintafresca.net\/index.php\/wp-json\/wp\/v2\/comments?post=24464"}],"version-history":[{"count":3,"href":"https:\/\/tintafresca.net\/index.php\/wp-json\/wp\/v2\/posts\/24464\/revisions"}],"predecessor-version":[{"id":24469,"href":"https:\/\/tintafresca.net\/index.php\/wp-json\/wp\/v2\/posts\/24464\/revisions\/24469"}],"wp:featuredmedia":[{"embeddable":true,"href":"https:\/\/tintafresca.net\/index.php\/wp-json\/wp\/v2\/media\/24470"}],"wp:attachment":[{"href":"https:\/\/tintafresca.net\/index.php\/wp-json\/wp\/v2\/media?parent=24464"}],"wp:term":[{"taxonomy":"category","embeddable":true,"href":"https:\/\/tintafresca.net\/index.php\/wp-json\/wp\/v2\/categories?post=24464"},{"taxonomy":"post_tag","embeddable":true,"href":"https:\/\/tintafresca.net\/index.php\/wp-json\/wp\/v2\/tags?post=24464"}],"curies":[{"name":"wp","href":"https:\/\/api.w.org\/{rel}","templated":true}]}}