{"id":24527,"date":"2023-02-05T11:30:56","date_gmt":"2023-02-05T11:30:56","guid":{"rendered":"https:\/\/tintafresca.net\/?p=24527"},"modified":"2023-02-06T14:37:20","modified_gmt":"2023-02-06T14:37:20","slug":"leiria-reclama-futuro-aeroporto-a-norte-do-tejo-e-inclusao-de-monte-real-no-estudo-de-localizacao","status":"publish","type":"post","link":"https:\/\/tintafresca.net\/index.php\/2023\/02\/05\/leiria-reclama-futuro-aeroporto-a-norte-do-tejo-e-inclusao-de-monte-real-no-estudo-de-localizacao\/","title":{"rendered":"Leiria reclama futuro aeroporto a norte do Tejo e inclus\u00e3o de Monte Real no estudo de localiza\u00e7\u00e3o"},"content":{"rendered":"<div id=\"attachment_24529\" style=\"width: 510px\" class=\"wp-caption alignleft\"><img loading=\"lazy\" decoding=\"async\" aria-describedby=\"caption-attachment-24529\" class=\"wp-image-24529 size-full\" src=\"https:\/\/tintafresca.net\/wp-content\/uploads\/2023\/02\/base-Aerea-de-monte-Real300.jpg\" alt=\"\" width=\"500\" height=\"375\" srcset=\"https:\/\/tintafresca.net\/wp-content\/uploads\/2023\/02\/base-Aerea-de-monte-Real300.jpg 500w, https:\/\/tintafresca.net\/wp-content\/uploads\/2023\/02\/base-Aerea-de-monte-Real300-300x225.jpg 300w\" sizes=\"auto, (max-width: 500px) 100vw, 500px\" \/><p id=\"caption-attachment-24529\" class=\"wp-caption-text\">Base A\u00e9rea de Monte Real<\/p><\/div>\n<p>O Munic\u00edpio de Leiria reclamou, esta quinta-feira, dia 2 de fevereiro, junto da Comiss\u00e3o T\u00e9cnica Independente (CTI), que vai fazer a Avalia\u00e7\u00e3o Ambiental Estrat\u00e9gica para a localiza\u00e7\u00e3o do novo\u00a0aeroporto<em>, <\/em>a constru\u00e7\u00e3o do futuro aeroporto a norte do rio Tejo e a inclus\u00e3o da Base A\u00e9rea de Monte Real no lote de localiza\u00e7\u00f5es em an\u00e1lise para a localiza\u00e7\u00e3o do futuro aeroporto.<\/p>\n<p>Esta posi\u00e7\u00e3o refor\u00e7a uma missiva no mesmo sentido enviada ao primeiro-ministro Ant\u00f3nio Costa, dia 7 de outubro de 2022, na sequ\u00eancia da apresenta\u00e7\u00e3o do Projeto de Alta Velocidade Ferrovi\u00e1ria, que contempla uma paragem em Leiria.<\/p>\n<p>No documento enviado \u00e0 CTI destaca-se que, tendo em conta que Leiria, ao ser contemplada com uma paragem da Alta Velocidade, fica a apenas a 40 minutos de Lisboa (e 50 do Porto), a Base de Monte Real passa a reunir condi\u00e7\u00f5es para ser encarada numa dupla perspetiva: Por um lado, como op\u00e7\u00e3o de localiza\u00e7\u00e3o do futuro aeroporto, ou, por outro, como base de dimens\u00e3o regional, especialmente vocacionada para assegurar servi\u00e7o aeroportu\u00e1rio \u00e0 Regi\u00e3o Centro, atualmente a \u00fanica regi\u00e3o do Pa\u00eds sem aeroporto, registando uma crescente procura internacional.<\/p>\n<p>\u201cAcreditamos que, perante este novo contexto, Leiria poder\u00e1 dar um contributo para a resolu\u00e7\u00e3o do estrangulamento que Portugal regista neste momento no que diz respeito \u00e0 capacidade aeroportu\u00e1ria, configurando Monte Real uma alternativa de implementa\u00e7\u00e3o em prazo mais curto que as alternativas at\u00e9 agora conhecidas\u201d, refere o documento.<\/p>\n<p>Refira-se que o presidente da C\u00e2mara Municipal de Leiria, Gon\u00e7alo Lopes, tem vindo, de forma insistente, a defender a abertura da Base A\u00e9rea de Monte Real ao tr\u00e1fego civil, uma pretens\u00e3o antiga de amplo consenso nesta regi\u00e3o.<\/p>\n<p>Gon\u00e7alo Lopes tem igualmente vindo a defender que o futuro aeroporto deve localizar-se a norte do rio Tejo, real\u00e7ando que existe apenas uma infraestrutura aeroportu\u00e1ria internacional a norte, sendo que uma escolha a sul do Tejo deixaria uma imensa regi\u00e3o [entre os rios Tejo e Douro] desprovida de um aeroporto que alimente a mais que justa ambi\u00e7\u00e3o de crescimento, desenvolvimento e abertura ao mundo da popula\u00e7\u00e3o aqui residente.<\/p>\n<p>Refira-se que a Sul do Tejo, encontram-se 1.980.199 residentes, correspondentes a 19% da popula\u00e7\u00e3o nacional, enquanto a norte residem 7.877.394 pessoas, o que corresponde a 76% da popula\u00e7\u00e3o.<\/p>\n<p>\u201cEntendo que, perante este cen\u00e1rio, a Base A\u00e9rea de Monte Real deve ser considerada como uma solu\u00e7\u00e3o v\u00e1lida a incluir na avalia\u00e7\u00e3o, sendo, na minha \u00f3tica, a que melhor defende o interesse nacional\u201d, acrescenta Gon\u00e7alo Lopes, real\u00e7ando que hoje em dia as dist\u00e2ncias n\u00e3o devem ser medidas em quil\u00f3metros mas sim em minutos.<\/p>\n","protected":false},"excerpt":{"rendered":"<p>O Munic\u00edpio de Leiria reclamou, esta quinta-feira, dia 2 de fevereiro, junto da Comiss\u00e3o T\u00e9cnica Independente (CTI), que vai fazer a Avalia\u00e7\u00e3o Ambiental Estrat\u00e9gica para a localiza\u00e7\u00e3o do novo\u00a0aeroporto, a constru\u00e7\u00e3o do futuro aeroporto a norte do rio Tejo e a inclus\u00e3o da Base A\u00e9rea de Monte Real no lote de localiza\u00e7\u00f5es em an\u00e1lise para [&hellip;]<\/p>\n","protected":false},"author":2,"featured_media":24530,"comment_status":"open","ping_status":"open","sticky":false,"template":"","format":"standard","meta":{"footnotes":""},"categories":[7],"tags":[],"class_list":["post-24527","post","type-post","status-publish","format-standard","has-post-thumbnail","hentry","category-economia"],"_links":{"self":[{"href":"https:\/\/tintafresca.net\/index.php\/wp-json\/wp\/v2\/posts\/24527","targetHints":{"allow":["GET"]}}],"collection":[{"href":"https:\/\/tintafresca.net\/index.php\/wp-json\/wp\/v2\/posts"}],"about":[{"href":"https:\/\/tintafresca.net\/index.php\/wp-json\/wp\/v2\/types\/post"}],"author":[{"embeddable":true,"href":"https:\/\/tintafresca.net\/index.php\/wp-json\/wp\/v2\/users\/2"}],"replies":[{"embeddable":true,"href":"https:\/\/tintafresca.net\/index.php\/wp-json\/wp\/v2\/comments?post=24527"}],"version-history":[{"count":3,"href":"https:\/\/tintafresca.net\/index.php\/wp-json\/wp\/v2\/posts\/24527\/revisions"}],"predecessor-version":[{"id":24532,"href":"https:\/\/tintafresca.net\/index.php\/wp-json\/wp\/v2\/posts\/24527\/revisions\/24532"}],"wp:featuredmedia":[{"embeddable":true,"href":"https:\/\/tintafresca.net\/index.php\/wp-json\/wp\/v2\/media\/24530"}],"wp:attachment":[{"href":"https:\/\/tintafresca.net\/index.php\/wp-json\/wp\/v2\/media?parent=24527"}],"wp:term":[{"taxonomy":"category","embeddable":true,"href":"https:\/\/tintafresca.net\/index.php\/wp-json\/wp\/v2\/categories?post=24527"},{"taxonomy":"post_tag","embeddable":true,"href":"https:\/\/tintafresca.net\/index.php\/wp-json\/wp\/v2\/tags?post=24527"}],"curies":[{"name":"wp","href":"https:\/\/api.w.org\/{rel}","templated":true}]}}