{"id":24533,"date":"2023-02-05T12:06:27","date_gmt":"2023-02-05T12:06:27","guid":{"rendered":"https:\/\/tintafresca.net\/?p=24533"},"modified":"2023-02-05T12:11:46","modified_gmt":"2023-02-05T12:11:46","slug":"santarem-procura-investimento-no-salao-tendencias-do-mercado-imobiliario","status":"publish","type":"post","link":"https:\/\/tintafresca.net\/index.php\/2023\/02\/05\/santarem-procura-investimento-no-salao-tendencias-do-mercado-imobiliario\/","title":{"rendered":"Santar\u00e9m procura novos investimentos no sal\u00e3o \u201cTend\u00eancias do Mercado Imobili\u00e1rio\u201d"},"content":{"rendered":"<div id=\"attachment_24535\" style=\"width: 510px\" class=\"wp-caption alignleft\"><img loading=\"lazy\" decoding=\"async\" aria-describedby=\"caption-attachment-24535\" class=\"wp-image-24535 size-full\" src=\"https:\/\/tintafresca.net\/wp-content\/uploads\/2023\/02\/Santarem_Evento-anual-CBRE10.jpg\" alt=\"\" width=\"500\" height=\"333\" srcset=\"https:\/\/tintafresca.net\/wp-content\/uploads\/2023\/02\/Santarem_Evento-anual-CBRE10.jpg 500w, https:\/\/tintafresca.net\/wp-content\/uploads\/2023\/02\/Santarem_Evento-anual-CBRE10-300x200.jpg 300w\" sizes=\"auto, (max-width: 500px) 100vw, 500px\" \/><p id=\"caption-attachment-24535\" class=\"wp-caption-text\">Sal\u00e3o \u201cTend\u00eancias do Mercado Imobili\u00e1rio\u201d<\/p><\/div>\n<p>O Munic\u00edpio de Santar\u00e9m marcou presen\u00e7a no evento \u201cTend\u00eancias do Mercado Imobili\u00e1rio\u201d que decorreu na manh\u00e3 do dia 2 de fevereiro, no Pavilh\u00e3o Carlos Lopes, em Lisboa.<\/p>\n<p>Sob o mote \u201cReshaping the future\u201d, este evento teve como objetivo a proje\u00e7\u00e3o das grandes tend\u00eancias e expetativas do mercado imobili\u00e1rio para 2023 nas \u00e1reas de investimento, escrit\u00f3rios, retalho, log\u00edstica, hotelaria, ativos alternativos e habita\u00e7\u00e3o.<\/p>\n<p>Ricardo Gon\u00e7alves, presidente da C\u00e2mara Municipal de Santar\u00e9m, referiu que \u201cuma das prioridades do Executivo \u00e9 tornar Santar\u00e9m um Concelho de excel\u00eancia, n\u00e3o s\u00f3 para viver, mas tamb\u00e9m para investir e este \u00e9 um compromisso demonstrado pelas a\u00e7\u00f5es e investimentos que temos em curso no nosso territ\u00f3rio, ao n\u00edvel de grandes projetos e obras municipais, melhoria das acessibilidades e infraestruturas, requalifica\u00e7\u00e3o e revitaliza\u00e7\u00e3o urbana, entre outros. Temos tido muita procura, mas pretendemos captar ainda mais investimento nacional e internacional\u201d.<\/p>\n<p>A localiza\u00e7\u00e3o estrat\u00e9gica de Santar\u00e9m apresenta-se como alternativa a Lisboa, principalmente, na \u00e1rea da log\u00edstica, devido \u00e0 sua centralidade com uma importante liga\u00e7\u00e3o Lisboa-Porto com conex\u00e3o a Espanha, com terrenos dispon\u00edveis a pre\u00e7os por m2 mais acess\u00edveis e com m\u00e3o-de-obra capacitada e livre.<\/p>\n<p>O evento foi organizado pelo Grupo CBRE, Inc. que atualmente ocupa o lugar de maior grupo de investimento e servi\u00e7os imobili\u00e1rios comerciais do mundo.<\/p>\n<p><strong>\u00a0 \u00a0 \u00a0Fonte: GRPC|CMS<\/strong><\/p>\n<p>&nbsp;<\/p>\n","protected":false},"excerpt":{"rendered":"<p>O Munic\u00edpio de Santar\u00e9m marcou presen\u00e7a no evento \u201cTend\u00eancias do Mercado Imobili\u00e1rio\u201d que decorreu na manh\u00e3 do dia 2 de fevereiro, no Pavilh\u00e3o Carlos Lopes, em Lisboa. Sob o mote \u201cReshaping the future\u201d, este evento teve como objetivo a proje\u00e7\u00e3o das grandes tend\u00eancias e expetativas do mercado imobili\u00e1rio para 2023 nas \u00e1reas de investimento, escrit\u00f3rios, [&hellip;]<\/p>\n","protected":false},"author":2,"featured_media":24536,"comment_status":"open","ping_status":"open","sticky":false,"template":"","format":"standard","meta":{"footnotes":""},"categories":[7],"tags":[],"class_list":["post-24533","post","type-post","status-publish","format-standard","has-post-thumbnail","hentry","category-economia"],"_links":{"self":[{"href":"https:\/\/tintafresca.net\/index.php\/wp-json\/wp\/v2\/posts\/24533","targetHints":{"allow":["GET"]}}],"collection":[{"href":"https:\/\/tintafresca.net\/index.php\/wp-json\/wp\/v2\/posts"}],"about":[{"href":"https:\/\/tintafresca.net\/index.php\/wp-json\/wp\/v2\/types\/post"}],"author":[{"embeddable":true,"href":"https:\/\/tintafresca.net\/index.php\/wp-json\/wp\/v2\/users\/2"}],"replies":[{"embeddable":true,"href":"https:\/\/tintafresca.net\/index.php\/wp-json\/wp\/v2\/comments?post=24533"}],"version-history":[{"count":3,"href":"https:\/\/tintafresca.net\/index.php\/wp-json\/wp\/v2\/posts\/24533\/revisions"}],"predecessor-version":[{"id":24538,"href":"https:\/\/tintafresca.net\/index.php\/wp-json\/wp\/v2\/posts\/24533\/revisions\/24538"}],"wp:featuredmedia":[{"embeddable":true,"href":"https:\/\/tintafresca.net\/index.php\/wp-json\/wp\/v2\/media\/24536"}],"wp:attachment":[{"href":"https:\/\/tintafresca.net\/index.php\/wp-json\/wp\/v2\/media?parent=24533"}],"wp:term":[{"taxonomy":"category","embeddable":true,"href":"https:\/\/tintafresca.net\/index.php\/wp-json\/wp\/v2\/categories?post=24533"},{"taxonomy":"post_tag","embeddable":true,"href":"https:\/\/tintafresca.net\/index.php\/wp-json\/wp\/v2\/tags?post=24533"}],"curies":[{"name":"wp","href":"https:\/\/api.w.org\/{rel}","templated":true}]}}