{"id":24600,"date":"2023-02-08T11:52:07","date_gmt":"2023-02-08T11:52:07","guid":{"rendered":"https:\/\/tintafresca.net\/?p=24600"},"modified":"2023-02-08T11:55:32","modified_gmt":"2023-02-08T11:55:32","slug":"municipio-de-pombal-investe-mais-de-750-mil-euros-na-requalificacao-da-zona-de-interface-de-transportes","status":"publish","type":"post","link":"https:\/\/tintafresca.net\/index.php\/2023\/02\/08\/municipio-de-pombal-investe-mais-de-750-mil-euros-na-requalificacao-da-zona-de-interface-de-transportes\/","title":{"rendered":"Munic\u00edpio de Pombal investe mais de 750 mil euros na requalifica\u00e7\u00e3o da zona de interface de transportes"},"content":{"rendered":"<div id=\"attachment_24602\" style=\"width: 510px\" class=\"wp-caption alignleft\"><img loading=\"lazy\" decoding=\"async\" aria-describedby=\"caption-attachment-24602\" class=\"wp-image-24602 size-full\" src=\"https:\/\/tintafresca.net\/wp-content\/uploads\/2023\/02\/Pombal_Requalificacao-zona-interface-de-transportes10.png\" alt=\"\" width=\"500\" height=\"339\" srcset=\"https:\/\/tintafresca.net\/wp-content\/uploads\/2023\/02\/Pombal_Requalificacao-zona-interface-de-transportes10.png 500w, https:\/\/tintafresca.net\/wp-content\/uploads\/2023\/02\/Pombal_Requalificacao-zona-interface-de-transportes10-300x203.png 300w\" sizes=\"auto, (max-width: 500px) 100vw, 500px\" \/><p id=\"caption-attachment-24602\" class=\"wp-caption-text\">Planta do projeto de interven\u00e7\u00e3o<\/p><\/div>\n<p>O Munic\u00edpio de Pombal est\u00e1 a investir mais de 750 mil euros na requalifica\u00e7\u00e3o da zona de interface de transportes para promover a mobilidade e acessibilidade urbana e fomentar a utiliza\u00e7\u00e3o do transporte p\u00fablico urbano, bem como eliminar as barreiras f\u00edsicas existentes.<\/p>\n<p>A interven\u00e7\u00e3o incide numa \u00e1rea atualmente condicionada pelas antigas instala\u00e7\u00f5es do centro de forma\u00e7\u00e3o profissional da Cercipom, cuja demoli\u00e7\u00e3o permitir\u00e1 promover a requalifica\u00e7\u00e3o daquela zona urbana da cidade, reorganizando-a e criando uma pra\u00e7a de interface que comunica com a esta\u00e7\u00e3o ferrovi\u00e1ria, com a central rodovi\u00e1ria, com a futura paragem do Pombus (Rede de Transportes P\u00fablicos Urbanos) e T\u00e1xis, com uma doca de bicicletas de utiliza\u00e7\u00e3o partilhada e com bolsas de estacionamento autom\u00f3vel.<\/p>\n<p>O projeto ir\u00e1 requalificar aquela zona, de forma a melhorar a utiliza\u00e7\u00e3o do espa\u00e7o, dado o seu estado atual de degrada\u00e7\u00e3o e da necessidade de melhor integra\u00e7\u00e3o urbana com a envolvente, criando uma nova polaridade urbana direcionada para a utiliza\u00e7\u00e3o de modos suaves.<\/p>\n<p>A interven\u00e7\u00e3o ir\u00e1 incidir na reformula\u00e7\u00e3o das vias rodovi\u00e1rias na liga\u00e7\u00e3o ao interface (zona frontal adjacente \u00e0 central rodovi\u00e1ria), a cria\u00e7\u00e3o de uma pra\u00e7a ajardinada, a implementa\u00e7\u00e3o de uma nova liga\u00e7\u00e3o \u00e0 bolsa de estacionamento na Urbaniza\u00e7\u00e3o das Cegonhas e \u00e0 passagem inferior de acesso \u00e0 esta\u00e7\u00e3o ferrovi\u00e1ria, contemplando o tratamento de taludes e a planta\u00e7\u00e3o de \u00e1rvores de sombreamento.<\/p>\n<p>O projeto assume um papel \u00e2ncora de toda a estrat\u00e9gia preconizada no Plano de A\u00e7\u00e3o de Mobilidade Urbana Sustent\u00e1vel (PAMUS) integrado no Plano Estrat\u00e9gico de Desenvolvimento Urbano (PEDU) da cidade de Pombal, financiado por fundos comunit\u00e1rios atrav\u00e9s do Centro 2020.<\/p>\n<p><strong>\u00a0 \u00a0 \u00a0Fonte: OC|GC|CMP<\/strong><\/p>\n","protected":false},"excerpt":{"rendered":"<p>O Munic\u00edpio de Pombal est\u00e1 a investir mais de 750 mil euros na requalifica\u00e7\u00e3o da zona de interface de transportes para promover a mobilidade e acessibilidade urbana e fomentar a utiliza\u00e7\u00e3o do transporte p\u00fablico urbano, bem como eliminar as barreiras f\u00edsicas existentes. A interven\u00e7\u00e3o incide numa \u00e1rea atualmente condicionada pelas antigas instala\u00e7\u00f5es do centro de [&hellip;]<\/p>\n","protected":false},"author":2,"featured_media":24604,"comment_status":"open","ping_status":"open","sticky":false,"template":"","format":"standard","meta":{"footnotes":""},"categories":[9,11],"tags":[],"class_list":["post-24600","post","type-post","status-publish","format-standard","has-post-thumbnail","hentry","category-ambiente","category-sociedade"],"_links":{"self":[{"href":"https:\/\/tintafresca.net\/index.php\/wp-json\/wp\/v2\/posts\/24600","targetHints":{"allow":["GET"]}}],"collection":[{"href":"https:\/\/tintafresca.net\/index.php\/wp-json\/wp\/v2\/posts"}],"about":[{"href":"https:\/\/tintafresca.net\/index.php\/wp-json\/wp\/v2\/types\/post"}],"author":[{"embeddable":true,"href":"https:\/\/tintafresca.net\/index.php\/wp-json\/wp\/v2\/users\/2"}],"replies":[{"embeddable":true,"href":"https:\/\/tintafresca.net\/index.php\/wp-json\/wp\/v2\/comments?post=24600"}],"version-history":[{"count":2,"href":"https:\/\/tintafresca.net\/index.php\/wp-json\/wp\/v2\/posts\/24600\/revisions"}],"predecessor-version":[{"id":24603,"href":"https:\/\/tintafresca.net\/index.php\/wp-json\/wp\/v2\/posts\/24600\/revisions\/24603"}],"wp:featuredmedia":[{"embeddable":true,"href":"https:\/\/tintafresca.net\/index.php\/wp-json\/wp\/v2\/media\/24604"}],"wp:attachment":[{"href":"https:\/\/tintafresca.net\/index.php\/wp-json\/wp\/v2\/media?parent=24600"}],"wp:term":[{"taxonomy":"category","embeddable":true,"href":"https:\/\/tintafresca.net\/index.php\/wp-json\/wp\/v2\/categories?post=24600"},{"taxonomy":"post_tag","embeddable":true,"href":"https:\/\/tintafresca.net\/index.php\/wp-json\/wp\/v2\/tags?post=24600"}],"curies":[{"name":"wp","href":"https:\/\/api.w.org\/{rel}","templated":true}]}}