{"id":24642,"date":"2023-02-09T21:06:10","date_gmt":"2023-02-09T21:06:10","guid":{"rendered":"https:\/\/tintafresca.net\/?p=24642"},"modified":"2023-02-10T10:03:07","modified_gmt":"2023-02-10T10:03:07","slug":"ministra-da-agricultura-e-da-alimentacao-participa-em-alcobaca-no-5-o-simposio-nacional-da-fruticultura","status":"publish","type":"post","link":"https:\/\/tintafresca.net\/index.php\/2023\/02\/09\/ministra-da-agricultura-e-da-alimentacao-participa-em-alcobaca-no-5-o-simposio-nacional-da-fruticultura\/","title":{"rendered":"Ministra Maria do C\u00e9u Antunes presente em Alcoba\u00e7a no Simp\u00f3sio Nacional da Fruticultura"},"content":{"rendered":"<div id=\"attachment_24645\" style=\"width: 510px\" class=\"wp-caption alignleft\"><img loading=\"lazy\" decoding=\"async\" aria-describedby=\"caption-attachment-24645\" class=\"wp-image-24645 size-full\" src=\"https:\/\/tintafresca.net\/wp-content\/uploads\/2023\/02\/Alcobaca_Montebelo_Hotel10.jpg\" alt=\"\" width=\"500\" height=\"375\" srcset=\"https:\/\/tintafresca.net\/wp-content\/uploads\/2023\/02\/Alcobaca_Montebelo_Hotel10.jpg 500w, https:\/\/tintafresca.net\/wp-content\/uploads\/2023\/02\/Alcobaca_Montebelo_Hotel10-300x225.jpg 300w\" sizes=\"auto, (max-width: 500px) 100vw, 500px\" \/><p id=\"caption-attachment-24645\" class=\"wp-caption-text\">Montebelo Mosteiro de Alcoba\u00e7a\u00a0Historic Hotel vai receber o 5.\u00ba Simp\u00f3sio Nacional da Fruticultura<\/p><\/div>\n<p>A ministra da Agricultura e da Alimenta\u00e7\u00e3o, Maria do C\u00e9u Antunes, participa esta sexta-feira, dia 10 de fevereiro \u00e0s 16h30, no Montebelo Mosteiro de Alcoba\u00e7a\u00a0Historic Hotel, no 5.\u00ba Simp\u00f3sio Nacional da Fruticultura, promovido pela Associa\u00e7\u00e3o Portuguesa de Horticultura, pelo Centro Operativo Tecnol\u00f3gico Hortofrut\u00edcola Nacional \u2013 Centro de Compet\u00eancias (COTHN-CC), pelo Instituto Nacional de Investiga\u00e7\u00e3o Agr\u00e1ria e Veterin\u00e1ria (INIAV), pela Dire\u00e7\u00e3o Regional de Agricultura e Pescas de Lisboa e Vale do Tejo e pelo Munic\u00edpio de Alcoba\u00e7a.<\/p>\n<p>Esta a\u00e7\u00e3o tem por objetivo promover o interc\u00e2mbio de informa\u00e7\u00e3o entre investigadores, t\u00e9cnicos e agentes do setor, debater os principais problemas e solu\u00e7\u00f5es para as fileiras das principais culturas frut\u00edcolas e divulgar avan\u00e7os cient\u00edficos e tecnol\u00f3gicos.<\/p>\n<p>Esta 5\u00aa edi\u00e7\u00e3o est\u00e1 particularmente focada nas novas tecnologias, contando poder apresentar os \u00faltimos desenvolvimentos tecnol\u00f3gicos que t\u00eam ocorrido e que ser\u00e3o a chave para a manuten\u00e7\u00e3o do sucesso da fruticultura nacional, promovendo a t\u00e3o desejada transi\u00e7\u00e3o digital e energ\u00e9tica deste setor.<\/p>\n","protected":false},"excerpt":{"rendered":"<p>A ministra da Agricultura e da Alimenta\u00e7\u00e3o, Maria do C\u00e9u Antunes, participa esta sexta-feira, dia 10 de fevereiro \u00e0s 16h30, no Montebelo Mosteiro de Alcoba\u00e7a\u00a0Historic Hotel, no 5.\u00ba Simp\u00f3sio Nacional da Fruticultura, promovido pela Associa\u00e7\u00e3o Portuguesa de Horticultura, pelo Centro Operativo Tecnol\u00f3gico Hortofrut\u00edcola Nacional \u2013 Centro de Compet\u00eancias (COTHN-CC), pelo Instituto Nacional de Investiga\u00e7\u00e3o Agr\u00e1ria [&hellip;]<\/p>\n","protected":false},"author":2,"featured_media":24646,"comment_status":"open","ping_status":"open","sticky":false,"template":"","format":"standard","meta":{"footnotes":""},"categories":[7],"tags":[],"class_list":["post-24642","post","type-post","status-publish","format-standard","has-post-thumbnail","hentry","category-economia"],"_links":{"self":[{"href":"https:\/\/tintafresca.net\/index.php\/wp-json\/wp\/v2\/posts\/24642","targetHints":{"allow":["GET"]}}],"collection":[{"href":"https:\/\/tintafresca.net\/index.php\/wp-json\/wp\/v2\/posts"}],"about":[{"href":"https:\/\/tintafresca.net\/index.php\/wp-json\/wp\/v2\/types\/post"}],"author":[{"embeddable":true,"href":"https:\/\/tintafresca.net\/index.php\/wp-json\/wp\/v2\/users\/2"}],"replies":[{"embeddable":true,"href":"https:\/\/tintafresca.net\/index.php\/wp-json\/wp\/v2\/comments?post=24642"}],"version-history":[{"count":7,"href":"https:\/\/tintafresca.net\/index.php\/wp-json\/wp\/v2\/posts\/24642\/revisions"}],"predecessor-version":[{"id":24651,"href":"https:\/\/tintafresca.net\/index.php\/wp-json\/wp\/v2\/posts\/24642\/revisions\/24651"}],"wp:featuredmedia":[{"embeddable":true,"href":"https:\/\/tintafresca.net\/index.php\/wp-json\/wp\/v2\/media\/24646"}],"wp:attachment":[{"href":"https:\/\/tintafresca.net\/index.php\/wp-json\/wp\/v2\/media?parent=24642"}],"wp:term":[{"taxonomy":"category","embeddable":true,"href":"https:\/\/tintafresca.net\/index.php\/wp-json\/wp\/v2\/categories?post=24642"},{"taxonomy":"post_tag","embeddable":true,"href":"https:\/\/tintafresca.net\/index.php\/wp-json\/wp\/v2\/tags?post=24642"}],"curies":[{"name":"wp","href":"https:\/\/api.w.org\/{rel}","templated":true}]}}