{"id":24652,"date":"2023-02-09T22:43:50","date_gmt":"2023-02-09T22:43:50","guid":{"rendered":"https:\/\/tintafresca.net\/?p=24652"},"modified":"2023-02-09T22:57:19","modified_gmt":"2023-02-09T22:57:19","slug":"gnr-detem-mulher-em-colmeias-por-incendio-florestal-apos-deficiente-queima-de-sobrantes-florestais","status":"publish","type":"post","link":"https:\/\/tintafresca.net\/index.php\/2023\/02\/09\/gnr-detem-mulher-em-colmeias-por-incendio-florestal-apos-deficiente-queima-de-sobrantes-florestais\/","title":{"rendered":"GNR det\u00e9m mulher em Colmeias por inc\u00eandio florestal ap\u00f3s deficiente queima de sobrantes florestais"},"content":{"rendered":"<div id=\"attachment_24655\" style=\"width: 510px\" class=\"wp-caption alignleft\"><img loading=\"lazy\" decoding=\"async\" aria-describedby=\"caption-attachment-24655\" class=\"wp-image-24655 size-full\" src=\"https:\/\/tintafresca.net\/wp-content\/uploads\/2023\/02\/GNR-Leiria-Incendio10.jpg\" alt=\"\" width=\"500\" height=\"375\" srcset=\"https:\/\/tintafresca.net\/wp-content\/uploads\/2023\/02\/GNR-Leiria-Incendio10.jpg 500w, https:\/\/tintafresca.net\/wp-content\/uploads\/2023\/02\/GNR-Leiria-Incendio10-300x225.jpg 300w\" sizes=\"auto, (max-width: 500px) 100vw, 500px\" \/><p id=\"caption-attachment-24655\" class=\"wp-caption-text\">\u00c1rea ardida<\/p><\/div>\n<p>O Comando Territorial de Leiria da GNR, atrav\u00e9s do N\u00facleo de Prote\u00e7\u00e3o Ambiental (NPA) de Leiria, no dia 6 de fevereiro, deteve em flagrante uma mulher de 60 anos por inc\u00eandio florestal, na localidade de Colmeias, no concelho de Leiria.<\/p>\n<p>Na sequ\u00eancia de um alerta de inc\u00eandio florestal, os militares da Guarda deslocaram-se ao local, tendo apurado que na sua origem esteve uma queima de sobrantes florestais autorizada, que se descontrolou devido \u00e0 n\u00e3o ado\u00e7\u00e3o das medidas de seguran\u00e7a necess\u00e1rias, resultando na deten\u00e7\u00e3o da sua autora.<\/p>\n<p>O inc\u00eandio propagou-se de forma livre e descontrolada por uma \u00e1rea rural e consumiu uma \u00e1rea florestal de 2000 m2.<\/p>\n<p>A detida foi constitu\u00edda arguida e os factos foram comunicados ao Tribunal Judicial de Leiria.<\/p>\n<p>Esta a\u00e7\u00e3o contou com o apoio dos Bombeiros Sapadores de Leiria e Bombeiros Volunt\u00e1rios de Leiria.<\/p>\n<p>A prote\u00e7\u00e3o de pessoas e bens, no \u00e2mbito dos inc\u00eandios rurais, continua a assumir-se como uma das prioridades da GNR, sustentada numa atua\u00e7\u00e3o preventiva e num esfor\u00e7o de patrulhamento nas \u00e1reas florestais.<\/p>\n<p>A GNR relembra que:<\/p>\n<ul>\n<li>As queimas e queimadas s\u00e3o das principais causas de inc\u00eandios em Portugal;<\/li>\n<li>A realiza\u00e7\u00e3o de queimadas, de queima de amontoados e de fogueiras \u00e9 interdita sempre que se verifique um n\u00edvel de perigo de inc\u00eandio rural \u00abmuito elevado\u00bb ou \u00abm\u00e1ximo\u00bb, estando dependente de autoriza\u00e7\u00e3o ou de comunica\u00e7\u00e3o pr\u00e9via noutros per\u00edodos;<\/li>\n<li>Para evitar acidentes siga as regras de seguran\u00e7a, esteja sempre acompanhado e leve consigo o telem\u00f3vel.<\/li>\n<\/ul>\n<p>A Guarda Nacional Republicana, atrav\u00e9s do Servi\u00e7o da Prote\u00e7\u00e3o da Natureza e do Ambiente (SEPNA), tem como preocupa\u00e7\u00e3o di\u00e1ria a prote\u00e7\u00e3o ambiental e dos animais. Para o efeito, poder\u00e1 ser utilizada a Linha SOS Ambiente e Territ\u00f3rio (808 200 520) funcionando em perman\u00eancia para a den\u00fancia de infra\u00e7\u00f5es ou esclarecimento de d\u00favidas.<\/p>\n","protected":false},"excerpt":{"rendered":"<p>O Comando Territorial de Leiria da GNR, atrav\u00e9s do N\u00facleo de Prote\u00e7\u00e3o Ambiental (NPA) de Leiria, no dia 6 de fevereiro, deteve em flagrante uma mulher de 60 anos por inc\u00eandio florestal, na localidade de Colmeias, no concelho de Leiria. Na sequ\u00eancia de um alerta de inc\u00eandio florestal, os militares da Guarda deslocaram-se ao local, [&hellip;]<\/p>\n","protected":false},"author":2,"featured_media":24656,"comment_status":"open","ping_status":"open","sticky":false,"template":"","format":"standard","meta":{"footnotes":""},"categories":[9],"tags":[],"class_list":["post-24652","post","type-post","status-publish","format-standard","has-post-thumbnail","hentry","category-ambiente"],"_links":{"self":[{"href":"https:\/\/tintafresca.net\/index.php\/wp-json\/wp\/v2\/posts\/24652","targetHints":{"allow":["GET"]}}],"collection":[{"href":"https:\/\/tintafresca.net\/index.php\/wp-json\/wp\/v2\/posts"}],"about":[{"href":"https:\/\/tintafresca.net\/index.php\/wp-json\/wp\/v2\/types\/post"}],"author":[{"embeddable":true,"href":"https:\/\/tintafresca.net\/index.php\/wp-json\/wp\/v2\/users\/2"}],"replies":[{"embeddable":true,"href":"https:\/\/tintafresca.net\/index.php\/wp-json\/wp\/v2\/comments?post=24652"}],"version-history":[{"count":3,"href":"https:\/\/tintafresca.net\/index.php\/wp-json\/wp\/v2\/posts\/24652\/revisions"}],"predecessor-version":[{"id":24657,"href":"https:\/\/tintafresca.net\/index.php\/wp-json\/wp\/v2\/posts\/24652\/revisions\/24657"}],"wp:featuredmedia":[{"embeddable":true,"href":"https:\/\/tintafresca.net\/index.php\/wp-json\/wp\/v2\/media\/24656"}],"wp:attachment":[{"href":"https:\/\/tintafresca.net\/index.php\/wp-json\/wp\/v2\/media?parent=24652"}],"wp:term":[{"taxonomy":"category","embeddable":true,"href":"https:\/\/tintafresca.net\/index.php\/wp-json\/wp\/v2\/categories?post=24652"},{"taxonomy":"post_tag","embeddable":true,"href":"https:\/\/tintafresca.net\/index.php\/wp-json\/wp\/v2\/tags?post=24652"}],"curies":[{"name":"wp","href":"https:\/\/api.w.org\/{rel}","templated":true}]}}