{"id":24679,"date":"2023-02-10T22:59:09","date_gmt":"2023-02-10T22:59:09","guid":{"rendered":"https:\/\/tintafresca.net\/?p=24679"},"modified":"2023-02-10T23:03:12","modified_gmt":"2023-02-10T23:03:12","slug":"radialista-joana-cruz-veio-ao-cadaval-apresentar-o-livro-autobiografico-escolhi-viver","status":"publish","type":"post","link":"https:\/\/tintafresca.net\/index.php\/2023\/02\/10\/radialista-joana-cruz-veio-ao-cadaval-apresentar-o-livro-autobiografico-escolhi-viver\/","title":{"rendered":"Radialista Joana Cruz veio ao Cadaval apresentar o livro autobiogr\u00e1fico \u201cEscolhi Viver\u201d"},"content":{"rendered":"<div id=\"attachment_24681\" style=\"width: 510px\" class=\"wp-caption alignleft\"><img loading=\"lazy\" decoding=\"async\" aria-describedby=\"caption-attachment-24681\" class=\"wp-image-24681 size-full\" src=\"https:\/\/tintafresca.net\/wp-content\/uploads\/2023\/02\/Cadaval_Joana_cruz20.jpg\" alt=\"\" width=\"500\" height=\"280\" srcset=\"https:\/\/tintafresca.net\/wp-content\/uploads\/2023\/02\/Cadaval_Joana_cruz20.jpg 500w, https:\/\/tintafresca.net\/wp-content\/uploads\/2023\/02\/Cadaval_Joana_cruz20-300x168.jpg 300w\" sizes=\"auto, (max-width: 500px) 100vw, 500px\" \/><p id=\"caption-attachment-24681\" class=\"wp-caption-text\">T\u00e2nia Camilo, Joana Cruz e Ricardo Pinteus<\/p><\/div>\n<p>No \u00faltimo s\u00e1bado, dia 4 de fevereiro, a radialista Joana Cruz deslocou-se ao Cadaval para apresentar o seu livro \u201cEscolhi Viver\u201d, naquela que foi a primeira sess\u00e3o de apresenta\u00e7\u00e3o de livro realizada este ano na Biblioteca Municipal do Cadaval (BMC). Nesta obra liter\u00e1ria, a autora aborda de forma positiva todas as fases da sua luta contra o cancro da mama, que se desenrolou entre janeiro e agosto de 2021.<\/p>\n<p>A sess\u00e3o foi aberta por T\u00e2nia Camilo, t\u00e9cnica superior do Munic\u00edpio do Cadaval, que come\u00e7ou por explicar a liga\u00e7\u00e3o da apresenta\u00e7\u00e3o desta obra com o assinalar do Dia Mundial da Luta Contra o Cancro, um tema \u00abque nos toca a todos e que n\u00e3o pode deixar de ser assinalado pela biblioteca\u00bb. Fez ainda um breve resumo biogr\u00e1fico da convidada antes de lhe passar a palavra.<\/p>\n<p>Joana Cruz deu in\u00edcio \u00e0 sua interven\u00e7\u00e3o com um agradecimento do convite, seguindo posteriormente para uma refer\u00eancia ao tema mais abordado no dia 4 de fevereiro, a Luta Contra o Cancro. \u00abAcho que nunca \u00e9 demais falarmos sobre este tema, n\u00e3o s\u00f3 para lembrar a quest\u00e3o dos rastreios, dos autoexames e da aten\u00e7\u00e3o para com o nosso corpo, como tamb\u00e9m para as pessoas que est\u00e3o a passar por uma situa\u00e7\u00e3o id\u00eantica\u00bb, referiu.<\/p>\n<p>No momento em que a editora lhe endere\u00e7ou o convite para contar a sua hist\u00f3ria, Joana achou que tr\u00eas linhas bastariam para o fazer: \u00abPensei que n\u00e3o tinha nada para dizer\u2026 al\u00e9m de que fui diagnosticada, tratei-me, correu tudo bem, fim. Pronto! Est\u00e1 contada uma hist\u00f3ria em tr\u00eas linhas. Mas na verdade, n\u00e3o estava\u00bb. Ao longo dos oito meses de luta contra a doen\u00e7a a locutora foi fazendo uma partilha muito pr\u00f3xima de tudo o que foi vivendo no <em>Instagram<\/em>, e \u00abfoi esse o \u2018esqueleto\u2019 para criar toda esta hist\u00f3ria. Que foi contada com princ\u00edpio, meio e felizmente, um final feliz\u00bb.<\/p>\n<div id=\"attachment_24682\" style=\"width: 510px\" class=\"wp-caption alignleft\"><img loading=\"lazy\" decoding=\"async\" aria-describedby=\"caption-attachment-24682\" class=\"wp-image-24682 size-full\" src=\"https:\/\/tintafresca.net\/wp-content\/uploads\/2023\/02\/Cadaval_Joana_cruz40.jpg\" alt=\"\" width=\"500\" height=\"278\" srcset=\"https:\/\/tintafresca.net\/wp-content\/uploads\/2023\/02\/Cadaval_Joana_cruz40.jpg 500w, https:\/\/tintafresca.net\/wp-content\/uploads\/2023\/02\/Cadaval_Joana_cruz40-300x167.jpg 300w\" sizes=\"auto, (max-width: 500px) 100vw, 500px\" \/><p id=\"caption-attachment-24682\" class=\"wp-caption-text\">P\u00fablico presente na Biblioteca Municipal do Cadaval<\/p><\/div>\n<p>A animadora da RFM prosseguiu com a descri\u00e7\u00e3o das sensa\u00e7\u00f5es que a levaram a interrogar-se relativamente ao seu estado de sa\u00fade, o que teve in\u00edcio em dezembro de 2020. \u00abAcabou por ser uma pequena casualidade, aquela coisa assim de ajeitar o colar, passei a m\u00e3o pelo decote e senti algo que antes n\u00e3o estava l\u00e1. Parecia uma \u2018ervilhinha\u2019 debaixo da pele, que n\u00e3o era vis\u00edvel. Como n\u00e3o sou pessoa de pensar que \u201cisto depois desincha, deixa estar\u201d, tentei logo marcar uma consulta e o m\u00e9dico disse para n\u00e3o me preocupar, porque n\u00e3o era cancro, disse-me que era um quisto e aconselhou-me a repetir o exame seis meses depois\u00bb. Contudo, o diagn\u00f3stico recebido n\u00e3o a deixou segura e optou por repetir. \u00abFelizmente, nas tr\u00eas semanas seguintes, passava-me muitas vezes pela cabe\u00e7a o pensamento \u201crepete\u201d, a palavra \u201crepete\u201d. Deitava-me \u00e0 noite e sentia um formigueiro naquela zona\u2026 e felizmente repeti o exame\u00bb, confessou a autora.<\/p>\n<p>\u00ab\u00c9 direito de qualquer paciente pedir uma segunda opini\u00e3o, \u00e9 um dever para connosco pr\u00f3prios estarmos atentos ao nosso corpo, \u00e0s nossas intui\u00e7\u00f5es e a conseguirmos ouvir, porque o nosso corpo d\u00e1-nos sinais, muitas vezes deixamos andar as coisas e quando se vai ver j\u00e1 pode ser tarde. De facto, o meu corpo falou comigo e eu, felizmente, ouvi e n\u00e3o deixei para depois um novo diagn\u00f3stico\u00bb, salientou Joana Cruz.<\/p>\n<p>Numa abordagem ao t\u00edtulo escolhido para o livro, a radialista explicou que \u00abquando digo \u201cEscolhi Viver\u201d, escolhi viver porque fui pedir uma segunda opini\u00e3o, porque se calhar n\u00e3o teria sido t\u00e3o tranquilo o processo, e depois escolhi viver tudo isto de uma forma mais leve poss\u00edvel\u00bb.<\/p>\n<p>A positividade e o otimismo s\u00e3o duas vincadas caracter\u00edsticas da personalidade de Joana e que foram imprescind\u00edveis em todo este processo, como a pr\u00f3pria afirma, o seu \u00ablema sempre foi: \u201c<em>Always look on the bright side of life<\/em>\u201d. A vida tem sempre um lado bom e \u00e9 esse que n\u00f3s temos que descobrir todos os dias, mesmo quando h\u00e1 adversidades, sejam elas mais ou menos fortes\u00bb.<\/p>\n<p>\u00abNo in\u00edcio, os m\u00e9dicos falaram-me de v\u00e1rios efeitos secund\u00e1rios que o tratamento pode acarretar e eu pensava: \u201cPode acontecer, o que tamb\u00e9m quer dizer que pode n\u00e3o acontecer. Vamos p\u00f4r as duas hip\u00f3teses, porque \u00e9 que havemos de ficar com a mais negativa? Somos muito formatados para o que pode correr mal, mas e se nos prepararmos tamb\u00e9m para uma coisa que pode correr bem? Irmos para qualquer que seja a circunst\u00e2ncia com o pensamento de que isto vai correr bem! Se correr mal, logo se v\u00ea. Foi mais ou menos assim que acabei por viver o processo\u00bb, descreveu a locutora.<\/p>\n<p>Joana Cruz teve \u00absorte de passar por todo o processo de quimioterapia com bastante tranquilidade\u00bb, como a pr\u00f3pria proferiu, o que tamb\u00e9m ter\u00e1 facilitado a partilha dos v\u00e1rios momentos nas redes sociais, o que tornou o processo mais leve para si mas \u00abtamb\u00e9m leve para muitas outras pessoas\u00bb que a iam acompanhando virtualmente. \u00abFoi uma partilha que acabei por fazer com uma onda de amor muito grande de familiares, amigos e muitos desconhecidos, que depois me deram muito apoio de volta. Sabemos que nem todas as hist\u00f3rias t\u00eam um final feliz, o que eu sei \u00e9 que, por mais que os processos sejam complicados para o doente e para quem o acompanha, devemos tentar fazer cada dia o melhor poss\u00edvel\u00bb, afirmou a profissional da r\u00e1dio.<\/p>\n<p>Ainda sobre a import\u00e2ncia de se sentir apoio dos outros durante este tipo de processo de tratamento, Joana referiu que muitas vezes lhe diziam que n\u00e3o a contactavam com receio de a incomodar, o que sempre refutou. \u00abHavia pessoas que \u00e0s vezes me diziam que n\u00e3o ligavam porque n\u00e3o sabiam bem o que haveriam de dizer, ou achavam que iam estar a incomodar. Eu dizia sempre: \u201cMas liga, pergunta, manda uma mensagem\u2026 se a pessoa n\u00e3o quiser, n\u00e3o atende ou n\u00e3o responde, mas h\u00e1 sempre ali um cuidado e isso \u00e9 sempre bom, sentirmos o carinho e apoio dos outros, \u00e9 maravilhoso\u00bb, real\u00e7ou.<\/p>\n<p>Os tratamentos de Joana arrancaram ainda durante um dos per\u00edodos mais cr\u00edticos da pandemia de COVID-19, mas para a locutora \u00abfoi na melhor altura. Como todos est\u00e1vamos confinados, n\u00e3o ficava a pensar que n\u00e3o estava a fazer isto ou aquilo. Acabou por ser um processo solit\u00e1rio, no aspeto em que n\u00e3o podia estar com pessoas, mas mesmo que tivesse sido antes da pandemia ou agora, que as coisas est\u00e3o mais tranquilas, \u00e9 sempre um processo muito solit\u00e1rio, de encontro connosco pr\u00f3prios\u00bb.<\/p>\n<p>Sobre o <em>feedback<\/em> recebido desde o lan\u00e7amento deste livro (outubro de 2022), Joana Cruz diz serem muitas as pessoas que lhe t\u00eam \u00abescrito a dizer que leram o livro num \u00e1pice e eu fico muito contente que, de facto, a minha hist\u00f3ria esteja a ser entregue com esta leveza apesar da carga que tem falar-se sobre cancro\u00bb.<\/p>\n<p>Antes de se passar a palavra ao vasto p\u00fablico presente para colocar quest\u00f5es \u00e0 autora e partilhar experi\u00eancias relacionadas com o tema em causa, o vice-presidente da C\u00e2mara Municipal do Cadaval, Ricardo Pinteus, fez quest\u00e3o de dar as boas-vindas \u00e0 locutora, agradecer a partilha da sua hist\u00f3ria e salientar que, no Cadaval, ter\u00e1 sempre uma porta aberta. \u00ab\u00c9 sempre f\u00e1cil darmos uma \u2018palmadinha\u2019 nas costas aos outros, dizemos que tudo vai correr bem, mas s\u00f3 quem passa por \u2018elas\u2019 \u00e9 que percebe verdadeiramente estas coisas. Espero que este livro leve a que quem passou por uma situa\u00e7\u00e3o semelhante se reveja nesta situa\u00e7\u00e3o, e quem n\u00e3o passou, que perceba o sofrimento de quem passa e tamb\u00e9m das pessoas que a rodeiam\u00bb, concluiu o autarca.<\/p>\n<p><strong>\u00a0 Fonte: EGC|SCRP|CMC<\/strong><\/p>\n","protected":false},"excerpt":{"rendered":"<p>No \u00faltimo s\u00e1bado, dia 4 de fevereiro, a radialista Joana Cruz deslocou-se ao Cadaval para apresentar o seu livro \u201cEscolhi Viver\u201d, naquela que foi a primeira sess\u00e3o de apresenta\u00e7\u00e3o de livro realizada este ano na Biblioteca Municipal do Cadaval (BMC). Nesta obra liter\u00e1ria, a autora aborda de forma positiva todas as fases da sua luta [&hellip;]<\/p>\n","protected":false},"author":2,"featured_media":24683,"comment_status":"open","ping_status":"open","sticky":false,"template":"","format":"standard","meta":{"footnotes":""},"categories":[6],"tags":[],"class_list":["post-24679","post","type-post","status-publish","format-standard","has-post-thumbnail","hentry","category-saude"],"_links":{"self":[{"href":"https:\/\/tintafresca.net\/index.php\/wp-json\/wp\/v2\/posts\/24679","targetHints":{"allow":["GET"]}}],"collection":[{"href":"https:\/\/tintafresca.net\/index.php\/wp-json\/wp\/v2\/posts"}],"about":[{"href":"https:\/\/tintafresca.net\/index.php\/wp-json\/wp\/v2\/types\/post"}],"author":[{"embeddable":true,"href":"https:\/\/tintafresca.net\/index.php\/wp-json\/wp\/v2\/users\/2"}],"replies":[{"embeddable":true,"href":"https:\/\/tintafresca.net\/index.php\/wp-json\/wp\/v2\/comments?post=24679"}],"version-history":[{"count":2,"href":"https:\/\/tintafresca.net\/index.php\/wp-json\/wp\/v2\/posts\/24679\/revisions"}],"predecessor-version":[{"id":24684,"href":"https:\/\/tintafresca.net\/index.php\/wp-json\/wp\/v2\/posts\/24679\/revisions\/24684"}],"wp:featuredmedia":[{"embeddable":true,"href":"https:\/\/tintafresca.net\/index.php\/wp-json\/wp\/v2\/media\/24683"}],"wp:attachment":[{"href":"https:\/\/tintafresca.net\/index.php\/wp-json\/wp\/v2\/media?parent=24679"}],"wp:term":[{"taxonomy":"category","embeddable":true,"href":"https:\/\/tintafresca.net\/index.php\/wp-json\/wp\/v2\/categories?post=24679"},{"taxonomy":"post_tag","embeddable":true,"href":"https:\/\/tintafresca.net\/index.php\/wp-json\/wp\/v2\/tags?post=24679"}],"curies":[{"name":"wp","href":"https:\/\/api.w.org\/{rel}","templated":true}]}}