{"id":24685,"date":"2023-02-11T09:05:47","date_gmt":"2023-02-11T09:05:47","guid":{"rendered":"https:\/\/tintafresca.net\/?p=24685"},"modified":"2023-02-12T12:09:28","modified_gmt":"2023-02-12T12:09:28","slug":"urgencias-do-hospital-de-santarem-voltaram-a-estar-novamente-em-rutura","status":"publish","type":"post","link":"https:\/\/tintafresca.net\/index.php\/2023\/02\/11\/urgencias-do-hospital-de-santarem-voltaram-a-estar-novamente-em-rutura\/","title":{"rendered":"Urg\u00eancias do Hospital de Santar\u00e9m voltaram a estar novamente em rutura"},"content":{"rendered":"<div id=\"attachment_15518\" style=\"width: 510px\" class=\"wp-caption alignleft\"><img loading=\"lazy\" decoding=\"async\" aria-describedby=\"caption-attachment-15518\" class=\"wp-image-15518 size-full\" src=\"https:\/\/tintafresca.net\/wp-content\/uploads\/2022\/04\/Santarem_Hospital30.jpg\" alt=\"\" width=\"500\" height=\"375\" \/><p id=\"caption-attachment-15518\" class=\"wp-caption-text\">Hospital Distrital de Santar\u00e9m<\/p><\/div>\n<p>O Hospital Distrital de Santar\u00e9m pediu o desvio de ambul\u00e2ncias com doentes urgentes de Medicina Interna entre as 21h00 do \u00faltimo domingo, 5 de fevereiro, e as 09h00 de segunda-feira, 6 de fevereiro, devido a constrangimentos neste servi\u00e7o, denuncia o Sindicato dos M\u00e9dicos da Zona Sul (SMZS).<\/p>\n<p>Os doentes que se deslocaram ao Hospital pelos seus pr\u00f3prios meios foram atendidos, mas foi feito o pedido ao Centro de Orienta\u00e7\u00e3o de Doentes Urgentes (CODU) que ocorresse o desvio de ambul\u00e2ncias para outros hospitais.<\/p>\n<p>O SMZS alerta que as dificuldades existentes no Hospital de Santar\u00e9m s\u00e3o cada vez maiores, nomeadamente no que toca \u00e0 especialidade de Medicina Interna. O concurso de coloca\u00e7\u00e3o de m\u00e9dicos no internato de Forma\u00e7\u00e3o Especializada em Medicina Interna, no Hospital de Santar\u00e9m, para o ano de 2023, ficou deserto. Realidade agravada pela sa\u00edda de m\u00e9dicos desta especialidade do Hospital.<\/p>\n<p>A Federa\u00e7\u00e3o Nacional dos M\u00e9dicos (FNAM) \u2013 que o Sindicato dos M\u00e9dicos da Zona Sul integra \u2013 tem apresentado um conjunto de propostas concretas ao Minist\u00e9rio da Sa\u00fade, na mesa de negocia\u00e7\u00e3o, para reter m\u00e9dicos no Servi\u00e7o Nacional de Sa\u00fade (SNS), nomeadamente: revis\u00e3o das grelhas salariais (os m\u00e9dicos perderam 20% do poder de compra no s\u00e9culo XXI, aproximadamente), o retorno do regime de dedica\u00e7\u00e3o exclusiva, opcional e majorada; a redu\u00e7\u00e3o do hor\u00e1rio base semanal para as 35 horas, entre outras.<\/p>\n<p>Al\u00e9m disso, &#8220;urge devolver a democracia aos servi\u00e7os, nomeadamente atrav\u00e9s da elei\u00e7\u00e3o interpares dos cargos de dire\u00e7\u00e3o ou coordena\u00e7\u00e3o de natureza t\u00e9cnico-cient\u00edfica, baseados em processos transparentes, democr\u00e1ticos e mediante respeito pela carreira m\u00e9dica, apresenta\u00e7\u00e3o de curriculum e programa.&#8221;<\/p>\n<p>O Governo tem tardado em implementar as solu\u00e7\u00f5es necess\u00e1rias para salvar o SNS. A FNAM e o SMZS asseguram que n\u00e3o deixar\u00e3o de as defender, pois n\u00e3o deixar\u00e3o de defender o SNS.<\/p>\n","protected":false},"excerpt":{"rendered":"<p>O Hospital Distrital de Santar\u00e9m pediu o desvio de ambul\u00e2ncias com doentes urgentes de Medicina Interna entre as 21h00 do \u00faltimo domingo, 5 de fevereiro, e as 09h00 de segunda-feira, 6 de fevereiro, devido a constrangimentos neste servi\u00e7o, denuncia o Sindicato dos M\u00e9dicos da Zona Sul (SMZS). Os doentes que se deslocaram ao Hospital pelos [&hellip;]<\/p>\n","protected":false},"author":2,"featured_media":17685,"comment_status":"open","ping_status":"open","sticky":false,"template":"","format":"standard","meta":{"footnotes":""},"categories":[6],"tags":[],"class_list":["post-24685","post","type-post","status-publish","format-standard","has-post-thumbnail","hentry","category-saude"],"_links":{"self":[{"href":"https:\/\/tintafresca.net\/index.php\/wp-json\/wp\/v2\/posts\/24685","targetHints":{"allow":["GET"]}}],"collection":[{"href":"https:\/\/tintafresca.net\/index.php\/wp-json\/wp\/v2\/posts"}],"about":[{"href":"https:\/\/tintafresca.net\/index.php\/wp-json\/wp\/v2\/types\/post"}],"author":[{"embeddable":true,"href":"https:\/\/tintafresca.net\/index.php\/wp-json\/wp\/v2\/users\/2"}],"replies":[{"embeddable":true,"href":"https:\/\/tintafresca.net\/index.php\/wp-json\/wp\/v2\/comments?post=24685"}],"version-history":[{"count":2,"href":"https:\/\/tintafresca.net\/index.php\/wp-json\/wp\/v2\/posts\/24685\/revisions"}],"predecessor-version":[{"id":24687,"href":"https:\/\/tintafresca.net\/index.php\/wp-json\/wp\/v2\/posts\/24685\/revisions\/24687"}],"wp:featuredmedia":[{"embeddable":true,"href":"https:\/\/tintafresca.net\/index.php\/wp-json\/wp\/v2\/media\/17685"}],"wp:attachment":[{"href":"https:\/\/tintafresca.net\/index.php\/wp-json\/wp\/v2\/media?parent=24685"}],"wp:term":[{"taxonomy":"category","embeddable":true,"href":"https:\/\/tintafresca.net\/index.php\/wp-json\/wp\/v2\/categories?post=24685"},{"taxonomy":"post_tag","embeddable":true,"href":"https:\/\/tintafresca.net\/index.php\/wp-json\/wp\/v2\/tags?post=24685"}],"curies":[{"name":"wp","href":"https:\/\/api.w.org\/{rel}","templated":true}]}}