{"id":24688,"date":"2023-02-11T10:43:52","date_gmt":"2023-02-11T10:43:52","guid":{"rendered":"https:\/\/tintafresca.net\/?p=24688"},"modified":"2023-02-11T10:48:47","modified_gmt":"2023-02-11T10:48:47","slug":"produtores-de-vinho-questionam-precos-das-garrafas-55-acima-dos-valores-pre-guerra-apos-baixa-do-custo-da-energia","status":"publish","type":"post","link":"https:\/\/tintafresca.net\/index.php\/2023\/02\/11\/produtores-de-vinho-questionam-precos-das-garrafas-55-acima-dos-valores-pre-guerra-apos-baixa-do-custo-da-energia\/","title":{"rendered":"Produtores de vinho questionam pre\u00e7os das garrafas 55% acima dos valores pr\u00e9-guerra ap\u00f3s baixa do custo da energia"},"content":{"rendered":"<div id=\"attachment_24690\" style=\"width: 510px\" class=\"wp-caption alignleft\"><img loading=\"lazy\" decoding=\"async\" aria-describedby=\"caption-attachment-24690\" class=\"wp-image-24690 size-full\" src=\"https:\/\/tintafresca.net\/wp-content\/uploads\/2023\/02\/Garrafas_de_vinho10.jpg\" alt=\"\" width=\"500\" height=\"335\" srcset=\"https:\/\/tintafresca.net\/wp-content\/uploads\/2023\/02\/Garrafas_de_vinho10.jpg 500w, https:\/\/tintafresca.net\/wp-content\/uploads\/2023\/02\/Garrafas_de_vinho10-300x201.jpg 300w\" sizes=\"auto, (max-width: 500px) 100vw, 500px\" \/><p id=\"caption-attachment-24690\" class=\"wp-caption-text\">Garrafas de Vinho<\/p><\/div>\n<p>A ANCEVE\u00a0\u2013 Associa\u00e7\u00e3o Nacional dos Comerciantes e Exportadores de Vinhos e Bebidas Espirituosas lamenta, em comunicado de 10 de fevereiro, que a baixa gradual do custo da energia, que se refletiu positivamente nos fretes de transporte em navio, n\u00e3o tenha ainda qualquer reflexo no fornecimento das garrafas, que continuam a ser colocadas no mercado com pre\u00e7os recorde.<\/p>\n<p>De Norte a Sul do Pa\u00eds, os produtores de vinho est\u00e3o a ser confrontados com custos do vidro que est\u00e3o em m\u00e9dia mais de 55% acima dos valores pr\u00e9-guerra e com alcavalas no seu fornecimento (taxa de energia, valor do transporte e exig\u00eancia de pagamento antecipado). Ora, \u201cse \u00e9 certo que o custo energ\u00e9tico teve um aumento, \u00e9 ineg\u00e1vel que este j\u00e1 est\u00e1 h\u00e1 v\u00e1rios meses a ser aliviado, estranhamente, n\u00e3o h\u00e1 qualquer reflexo no custo das garrafas\u201d, alertam.<\/p>\n<p>Acresce que continua a registar-se escassez de muitos modelos de garrafas (ao contr\u00e1rio do que acontece noutros pa\u00edses vin\u00edcolas concorrentes), o que tem obrigado os produtores a alterarem constantemente procedimentos e rotulagem, para adaptarem a sua produ\u00e7\u00e3o aos modelos dispon\u00edveis, o que afeta gravemente a consist\u00eancia das suas estrat\u00e9gias comerciais e de marketing.<\/p>\n<p>De acordo com dados divulgados pelo Instituto da Vinha e do Vinho, Portugal produziu na \u00faltima vindima cerca de 688 milh\u00f5es de litros de vinho. Sendo que a maior parte do vinho Portugu\u00eas \u00e9 engarrafado, \u00e9 bom de ver n\u00e3o s\u00f3 a import\u00e2ncia que o vidro tem para este setor, mas al\u00e9m disso, como o vinho \u00e9 o principal exportador de vidro portugu\u00eas para os quatro cantos do mundo.<\/p>\n<p>Para muitos produtores, sobretudo os que se posicionam em segmentos mais competitivos, o aumento do custo do vidro, que n\u00e3o tem paralelo noutros pa\u00edses,\u00a0deixa-os dramaticamente fora do mercado.<\/p>\n<p>A ANCEVE pede pois ao Governo que estabele\u00e7a urgentemente uma plataforma de di\u00e1logo, para que, sob o seu alto patroc\u00ednio, representantes dos sectores do vinho e do vidro possam analisar a situa\u00e7\u00e3o e procurar a forma mais eficaz de abordar e resolver este grav\u00edssimo problema.<\/p>\n<p>Fundada em 1975, a ANCEVE\u00a0\u2013 Associa\u00e7\u00e3o Nacional dos Comerciantes e Exportadores de Vinhos e Bebidas Espirituosas representa produtores e engarrafadores de vinhos e bebidas espirituosas das principais regi\u00f5es do Pa\u00eds.<\/p>\n","protected":false},"excerpt":{"rendered":"<p>A ANCEVE\u00a0\u2013 Associa\u00e7\u00e3o Nacional dos Comerciantes e Exportadores de Vinhos e Bebidas Espirituosas lamenta, em comunicado de 10 de fevereiro, que a baixa gradual do custo da energia, que se refletiu positivamente nos fretes de transporte em navio, n\u00e3o tenha ainda qualquer reflexo no fornecimento das garrafas, que continuam a ser colocadas no mercado com [&hellip;]<\/p>\n","protected":false},"author":2,"featured_media":24691,"comment_status":"open","ping_status":"open","sticky":false,"template":"","format":"standard","meta":{"footnotes":""},"categories":[7],"tags":[],"class_list":["post-24688","post","type-post","status-publish","format-standard","has-post-thumbnail","hentry","category-economia"],"_links":{"self":[{"href":"https:\/\/tintafresca.net\/index.php\/wp-json\/wp\/v2\/posts\/24688","targetHints":{"allow":["GET"]}}],"collection":[{"href":"https:\/\/tintafresca.net\/index.php\/wp-json\/wp\/v2\/posts"}],"about":[{"href":"https:\/\/tintafresca.net\/index.php\/wp-json\/wp\/v2\/types\/post"}],"author":[{"embeddable":true,"href":"https:\/\/tintafresca.net\/index.php\/wp-json\/wp\/v2\/users\/2"}],"replies":[{"embeddable":true,"href":"https:\/\/tintafresca.net\/index.php\/wp-json\/wp\/v2\/comments?post=24688"}],"version-history":[{"count":2,"href":"https:\/\/tintafresca.net\/index.php\/wp-json\/wp\/v2\/posts\/24688\/revisions"}],"predecessor-version":[{"id":24692,"href":"https:\/\/tintafresca.net\/index.php\/wp-json\/wp\/v2\/posts\/24688\/revisions\/24692"}],"wp:featuredmedia":[{"embeddable":true,"href":"https:\/\/tintafresca.net\/index.php\/wp-json\/wp\/v2\/media\/24691"}],"wp:attachment":[{"href":"https:\/\/tintafresca.net\/index.php\/wp-json\/wp\/v2\/media?parent=24688"}],"wp:term":[{"taxonomy":"category","embeddable":true,"href":"https:\/\/tintafresca.net\/index.php\/wp-json\/wp\/v2\/categories?post=24688"},{"taxonomy":"post_tag","embeddable":true,"href":"https:\/\/tintafresca.net\/index.php\/wp-json\/wp\/v2\/tags?post=24688"}],"curies":[{"name":"wp","href":"https:\/\/api.w.org\/{rel}","templated":true}]}}