{"id":24745,"date":"2023-02-13T21:44:35","date_gmt":"2023-02-13T21:44:35","guid":{"rendered":"https:\/\/tintafresca.net\/?p=24745"},"modified":"2023-02-13T21:52:33","modified_gmt":"2023-02-13T21:52:33","slug":"parque-das-olhalvas-passa-a-local-alternativo-para-feira-do-levante","status":"publish","type":"post","link":"https:\/\/tintafresca.net\/index.php\/2023\/02\/13\/parque-das-olhalvas-passa-a-local-alternativo-para-feira-do-levante\/","title":{"rendered":"Parque das Olhalvas passa a local alternativo para Feira do Levante"},"content":{"rendered":"<div id=\"attachment_24748\" style=\"width: 510px\" class=\"wp-caption alignleft\"><img loading=\"lazy\" decoding=\"async\" aria-describedby=\"caption-attachment-24748\" class=\"wp-image-24748 size-full\" src=\"https:\/\/tintafresca.net\/wp-content\/uploads\/2023\/02\/Leiria_parque_estadio10.jpg\" alt=\"\" width=\"500\" height=\"281\" srcset=\"https:\/\/tintafresca.net\/wp-content\/uploads\/2023\/02\/Leiria_parque_estadio10.jpg 500w, https:\/\/tintafresca.net\/wp-content\/uploads\/2023\/02\/Leiria_parque_estadio10-300x169.jpg 300w\" sizes=\"auto, (max-width: 500px) 100vw, 500px\" \/><p id=\"caption-attachment-24748\" class=\"wp-caption-text\">Parque de Estacionamento junto ao Est\u00e1dio Municipal Dr. Magalh\u00e3es Pessoa<\/p><\/div>\n<p>A tradicional Feira do Levante, mercado local de Leiria, passar\u00e1 a decorrer no parque de estacionamento que o Munic\u00edpio tem arrendado na zona das Olhalvas, sempre que o local atual, junto ao Est\u00e1dio Municipal Dr. Magalh\u00e3es Pessoa, for ocupado por outro evento.<\/p>\n<p>Esta decis\u00e3o surgiu ap\u00f3s um conjunto de reuni\u00f5es com os comerciantes, com o objetivo de discutir uma alternativa para garantir a normal realiza\u00e7\u00e3o do mercado \u00e0s ter\u00e7as-feiras e aos s\u00e1bados, sem necessidade de cancelamento.<\/p>\n<p>O presidente da C\u00e2mara Municipal, Gon\u00e7alo Lopes, mostra-se \u201csatisfeito pela forma como decorreu esta tomada de decis\u00e3o, num processo de colabora\u00e7\u00e3o e di\u00e1logo construtivo com os interessados\u201d, acrescentando que \u201ceste \u00e9 o modelo que pretendemos continuar a privilegiar na gest\u00e3o do Munic\u00edpio, garantindo a defesa dos superiores interesses de Leiria e dos leirienses.\u201d<\/p>\n<p>Neste sentido, sempre que se verificar a necessidade de ocupar o parque de estacionamento do Est\u00e1dio Municipal, como s\u00e3o os casos da Feira de Leiria ou do Leiria Sobre Rodas e tendo em conta a inten\u00e7\u00e3o do Munic\u00edpio em construir um pavilh\u00e3o multiusos junto \u00e0s piscinas, a Feira do Levante \u00e9 deslocalizada para as Olhalvas, medida que ser\u00e1 implementada ap\u00f3s o pr\u00f3ximo m\u00eas de maio.<\/p>\n<p>No passado s\u00e1bado, numa vota\u00e7\u00e3o realizada no local e questionados sobre onde pretendiam vender os seus produtos durante a Feira de Leiria, 72 por cento dos feirantes optou por manter como alternativa o estacionamento junto ao Complexo Municipal de Piscinas.<\/p>\n<p>De referir que, em 2022, a Feira do Levante n\u00e3o se realizou em apenas seis dos 104 dias previstos e que a sua deslocaliza\u00e7\u00e3o ser\u00e1 apenas nos dias em que n\u00e3o for poss\u00edvel realizar-se no parque de estacionamento do Est\u00e1dio Municipal Dr. Magalh\u00e3es Pessoa.<\/p>\n<p><strong> \u00a0 \u00a0 Fonte: DCRP|CML<\/strong><\/p>\n","protected":false},"excerpt":{"rendered":"<p>A tradicional Feira do Levante, mercado local de Leiria, passar\u00e1 a decorrer no parque de estacionamento que o Munic\u00edpio tem arrendado na zona das Olhalvas, sempre que o local atual, junto ao Est\u00e1dio Municipal Dr. Magalh\u00e3es Pessoa, for ocupado por outro evento. Esta decis\u00e3o surgiu ap\u00f3s um conjunto de reuni\u00f5es com os comerciantes, com o [&hellip;]<\/p>\n","protected":false},"author":2,"featured_media":24749,"comment_status":"open","ping_status":"open","sticky":false,"template":"","format":"standard","meta":{"footnotes":""},"categories":[7],"tags":[],"class_list":["post-24745","post","type-post","status-publish","format-standard","has-post-thumbnail","hentry","category-economia"],"_links":{"self":[{"href":"https:\/\/tintafresca.net\/index.php\/wp-json\/wp\/v2\/posts\/24745","targetHints":{"allow":["GET"]}}],"collection":[{"href":"https:\/\/tintafresca.net\/index.php\/wp-json\/wp\/v2\/posts"}],"about":[{"href":"https:\/\/tintafresca.net\/index.php\/wp-json\/wp\/v2\/types\/post"}],"author":[{"embeddable":true,"href":"https:\/\/tintafresca.net\/index.php\/wp-json\/wp\/v2\/users\/2"}],"replies":[{"embeddable":true,"href":"https:\/\/tintafresca.net\/index.php\/wp-json\/wp\/v2\/comments?post=24745"}],"version-history":[{"count":3,"href":"https:\/\/tintafresca.net\/index.php\/wp-json\/wp\/v2\/posts\/24745\/revisions"}],"predecessor-version":[{"id":24750,"href":"https:\/\/tintafresca.net\/index.php\/wp-json\/wp\/v2\/posts\/24745\/revisions\/24750"}],"wp:featuredmedia":[{"embeddable":true,"href":"https:\/\/tintafresca.net\/index.php\/wp-json\/wp\/v2\/media\/24749"}],"wp:attachment":[{"href":"https:\/\/tintafresca.net\/index.php\/wp-json\/wp\/v2\/media?parent=24745"}],"wp:term":[{"taxonomy":"category","embeddable":true,"href":"https:\/\/tintafresca.net\/index.php\/wp-json\/wp\/v2\/categories?post=24745"},{"taxonomy":"post_tag","embeddable":true,"href":"https:\/\/tintafresca.net\/index.php\/wp-json\/wp\/v2\/tags?post=24745"}],"curies":[{"name":"wp","href":"https:\/\/api.w.org\/{rel}","templated":true}]}}