{"id":24751,"date":"2023-02-13T23:58:32","date_gmt":"2023-02-13T23:58:32","guid":{"rendered":"https:\/\/tintafresca.net\/?p=24751"},"modified":"2023-02-14T00:07:30","modified_gmt":"2023-02-14T00:07:30","slug":"deputados-socialistas-de-leiria-recomendam-ao-governo-que-promova-as-diligencias-necessarias-para-melhorar-o-acesso-ao-sns-no-oeste","status":"publish","type":"post","link":"https:\/\/tintafresca.net\/index.php\/2023\/02\/13\/deputados-socialistas-de-leiria-recomendam-ao-governo-que-promova-as-diligencias-necessarias-para-melhorar-o-acesso-ao-sns-no-oeste\/","title":{"rendered":"Deputados socialistas de Leiria recomendam ao Governo que promova dilig\u00eancias para melhorar o acesso ao SNS no Oeste"},"content":{"rendered":"<div id=\"attachment_24753\" style=\"width: 510px\" class=\"wp-caption alignleft\"><img loading=\"lazy\" decoding=\"async\" aria-describedby=\"caption-attachment-24753\" class=\"wp-image-24753 size-full\" src=\"https:\/\/tintafresca.net\/wp-content\/uploads\/2023\/02\/Sara_Velez10.jpg\" alt=\"\" width=\"500\" height=\"500\" srcset=\"https:\/\/tintafresca.net\/wp-content\/uploads\/2023\/02\/Sara_Velez10.jpg 500w, https:\/\/tintafresca.net\/wp-content\/uploads\/2023\/02\/Sara_Velez10-300x300.jpg 300w, https:\/\/tintafresca.net\/wp-content\/uploads\/2023\/02\/Sara_Velez10-150x150.jpg 150w\" sizes=\"auto, (max-width: 500px) 100vw, 500px\" \/><p id=\"caption-attachment-24753\" class=\"wp-caption-text\">Sara Velez<\/p><\/div>\n<p>Os deputados do Partido Socialista eleitos por Leiria apresentaram um projeto de resolu\u00e7\u00e3o em que recomendam ao Governo que promova as dilig\u00eancias necess\u00e1rias para a melhoria do acesso ao SNS na \u00e1rea do Oeste.<\/p>\n<p>Cientes das muitas dificuldades na resposta dos cuidados de sa\u00fade prim\u00e1rios, agravadas pela car\u00eancia de m\u00e9dicos especialistas em medicina geral e familiar na regi\u00e3o, e na sequ\u00eancia da peti\u00e7\u00e3o da Comiss\u00e3o de Utentes da Sa\u00fade do Concelho de Peniche que reivindica a garantia do acesso aos cuidados de sa\u00fade naquele concelho, os parlamentares consideram que \u201cos 7581 cidad\u00e3os subscritores pretendem, muito justamente, melhorar o acesso aos servi\u00e7os de sa\u00fade quer nos cuidados prim\u00e1rios, quer nos hospitalares\u201d.<\/p>\n<p>Os deputados do PS reconhecem que tanto a \u00e1rea do ACES Oeste Norte, que abrange o concelho de Peniche, como a \u00e1rea do ACES Sul, \u201cs\u00e3o das mais atingidas pela falta de m\u00e9dicos de fam\u00edlia, comprometendo o funcionamento das diferentes unidades e extens\u00f5es de sa\u00fade e deixando centenas de utentes sem acesso a cuidados de sa\u00fade prim\u00e1rios\u201d.<\/p>\n<p>Tamb\u00e9m ao n\u00edvel dos cuidados hospitalares, a resposta est\u00e1 \u201cbastante comprometida quer pela sobrecarga de procura das Unidades Hospitalares das Caldas da Rainha, Peniche e Torres Vedras, que integram o Centro Hospitalar do Oeste e que servem toda esta popula\u00e7\u00e3o, quer pela pr\u00f3pria idade, obsolesc\u00eancia e condi\u00e7\u00f5es estruturais e de equipamentos destes tr\u00eas hospitais, sendo consensual a constru\u00e7\u00e3o de uma nova Unidade Hospitalar que possa servir estas popula\u00e7\u00f5es e esta regi\u00e3o\u201d.<\/p>\n<p>Contudo, os parlamentares socialistas sublinham \u201ccom agrado\u201d o compromisso assumido pelo ministro da Sa\u00fade sobre a concretiza\u00e7\u00e3o do novo Hospital do Oeste, expresso tamb\u00e9m no Relat\u00f3rio do Or\u00e7amento para 2023, referindo ainda o recente despacho, de 11 de janeiro, que constitui um grupo de trabalho \u201ccom vista \u00e0 decis\u00e3o sobre a localiza\u00e7\u00e3o do futuro Hospital do Oeste e respetivo perfil funcional\u201d, que dever\u00e1 apresentar uma proposta integrada at\u00e9 ao final de mar\u00e7o.<\/p>\n<p>Os deputados registam ainda como \u201cmuito positivo\u201d o plano elaborado pelo Minist\u00e9rio da Sa\u00fade para mitigar a falta de m\u00e9dicos especialistas de medicina geral e familiar nas diferentes regi\u00f5es do pa\u00eds.<\/p>\n<p>Neste contexto, os eleitos socialistas pelo c\u00edrculo de Leiria, Sara Velez, Ant\u00f3nio Sales, Eurico Brilhante Dias, Salvador Formiga e Jorge Gabriel Martins, pedem ao executivo que \u201cidentifique as \u00e1reas de influ\u00eancia dos ACES Oeste Norte e Sul como de interven\u00e7\u00e3o priorit\u00e1ria no Plano que est\u00e1 a elaborar para resolver os problemas da falta de m\u00e9dicos especialistas em medicina geral e familiar\u201d.<\/p>\n<p>Os parlamentares pretendem tamb\u00e9m que o Governo aumente a capacidade de transposi\u00e7\u00e3o das USF de modelo A para B e promova a cria\u00e7\u00e3o de Centros de Responsabilidade Integrados ao n\u00edvel hospitalar, assim como a cria\u00e7\u00e3o das condi\u00e7\u00f5es necess\u00e1rias para a realiza\u00e7\u00e3o dos investimentos previstos no Plano Diretor do Centro Hospitalar do Oeste, \u201cpermitindo que estas unidades possam continuar a dar uma resposta eficaz enquanto n\u00e3o \u00e9 constru\u00eddo e entra em funcionamento o Novo Hospital do Oeste\u201d.<\/p>\n","protected":false},"excerpt":{"rendered":"<p>Os deputados do Partido Socialista eleitos por Leiria apresentaram um projeto de resolu\u00e7\u00e3o em que recomendam ao Governo que promova as dilig\u00eancias necess\u00e1rias para a melhoria do acesso ao SNS na \u00e1rea do Oeste. Cientes das muitas dificuldades na resposta dos cuidados de sa\u00fade prim\u00e1rios, agravadas pela car\u00eancia de m\u00e9dicos especialistas em medicina geral e [&hellip;]<\/p>\n","protected":false},"author":2,"featured_media":24755,"comment_status":"open","ping_status":"open","sticky":false,"template":"","format":"standard","meta":{"footnotes":""},"categories":[6],"tags":[],"class_list":["post-24751","post","type-post","status-publish","format-standard","has-post-thumbnail","hentry","category-saude"],"_links":{"self":[{"href":"https:\/\/tintafresca.net\/index.php\/wp-json\/wp\/v2\/posts\/24751","targetHints":{"allow":["GET"]}}],"collection":[{"href":"https:\/\/tintafresca.net\/index.php\/wp-json\/wp\/v2\/posts"}],"about":[{"href":"https:\/\/tintafresca.net\/index.php\/wp-json\/wp\/v2\/types\/post"}],"author":[{"embeddable":true,"href":"https:\/\/tintafresca.net\/index.php\/wp-json\/wp\/v2\/users\/2"}],"replies":[{"embeddable":true,"href":"https:\/\/tintafresca.net\/index.php\/wp-json\/wp\/v2\/comments?post=24751"}],"version-history":[{"count":4,"href":"https:\/\/tintafresca.net\/index.php\/wp-json\/wp\/v2\/posts\/24751\/revisions"}],"predecessor-version":[{"id":24757,"href":"https:\/\/tintafresca.net\/index.php\/wp-json\/wp\/v2\/posts\/24751\/revisions\/24757"}],"wp:featuredmedia":[{"embeddable":true,"href":"https:\/\/tintafresca.net\/index.php\/wp-json\/wp\/v2\/media\/24755"}],"wp:attachment":[{"href":"https:\/\/tintafresca.net\/index.php\/wp-json\/wp\/v2\/media?parent=24751"}],"wp:term":[{"taxonomy":"category","embeddable":true,"href":"https:\/\/tintafresca.net\/index.php\/wp-json\/wp\/v2\/categories?post=24751"},{"taxonomy":"post_tag","embeddable":true,"href":"https:\/\/tintafresca.net\/index.php\/wp-json\/wp\/v2\/tags?post=24751"}],"curies":[{"name":"wp","href":"https:\/\/api.w.org\/{rel}","templated":true}]}}