{"id":24773,"date":"2023-02-14T19:09:15","date_gmt":"2023-02-14T19:09:15","guid":{"rendered":"https:\/\/tintafresca.net\/?p=24773"},"modified":"2023-02-14T19:09:15","modified_gmt":"2023-02-14T19:09:15","slug":"enfermeiros-do-centro-hospitalar-de-leiria-criam-projetos-de-melhoria-na-area-da-seguranca-do-doente","status":"publish","type":"post","link":"https:\/\/tintafresca.net\/index.php\/2023\/02\/14\/enfermeiros-do-centro-hospitalar-de-leiria-criam-projetos-de-melhoria-na-area-da-seguranca-do-doente\/","title":{"rendered":"Enfermeiros do Centro Hospitalar de Leiria criam projetos de melhoria na \u00e1rea da Seguran\u00e7a do Doente"},"content":{"rendered":"<div id=\"attachment_11443\" style=\"width: 260px\" class=\"wp-caption alignleft\"><img loading=\"lazy\" decoding=\"async\" aria-describedby=\"caption-attachment-11443\" class=\"wp-image-11443 size-full\" src=\"https:\/\/tintafresca.net\/wp-content\/uploads\/2021\/11\/CHL.png\" alt=\"\" width=\"250\" height=\"293\" \/><p id=\"caption-attachment-11443\" class=\"wp-caption-text\">Hospital de Santo Andr\u00e9<\/p><\/div>\n<p>Os enfermeiros perioperat\u00f3rios do Centro Hospitalar de Leiria (CHL) assinalam o Dia Europeu do Enfermeiro Perioperat\u00f3rio, que se celebra no dia 15 de fevereiro, com a cria\u00e7\u00e3o de quatro projetos de melhoria cont\u00ednua na \u00e1rea da Seguran\u00e7a do Doente, proposta da Associa\u00e7\u00e3o dos Enfermeiros de Sala de Opera\u00e7\u00f5es Portugueses (AESOP), mentora da comemora\u00e7\u00e3o da efem\u00e9ride, a quem o CHL se junta.<\/p>\n<p>Entre os dias 13 e 19 de fevereiro, um grupo de enfermeiros perioperat\u00f3rios do CHL junta-se num desafio nacional da AESOP de divulgar nas redes sociais pequenos v\u00eddeos sobre os seus projetos, focados no mote deste ano \u201cAprender, Liderar, Inspirar\u201d, como um contributo para a melhoria das pr\u00e1ticas centradas no doente com ganhos de sa\u00fade.<\/p>\n<p>\u00abEstamos a trabalhar em quatro projetos, com o objetivo de melhorar a pr\u00e1tica cl\u00ednica, como uma forma de aprendizagem, com lideran\u00e7a e inspira\u00e7\u00e3o no perioperat\u00f3rio\u00bb, explica a enfermeira Paula Bagagem, coordenadora da comemora\u00e7\u00e3o da efem\u00e9ride no CHL. \u00abOs nossos projetos centram-se em quatro temas principais: contribuir para a melhoria da experi\u00eancia cir\u00fargica, anest\u00e9sica da crian\u00e7a, do jovem em situa\u00e7\u00e3o perioperat\u00f3ria; promover a melhoria cont\u00ednua da comunica\u00e7\u00e3o eficaz, na transi\u00e7\u00e3o de cuidados do doente cir\u00fargico; promover uma melhoria no desempenho profissional das assistentes operacionais em Sala de Cirurgia Ortop\u00e9dica, assegurando que realizam as suas fun\u00e7\u00f5es de forma eficiente e respons\u00e1vel, aumentando a qualidade e seguran\u00e7a dos procedimentos cir\u00fargicos; e ainda, melhorar o desempenho dos enfermeiros em sala operat\u00f3ria, otimizando atrav\u00e9s do treino a resposta do enfermeiro instrumentista na mesa operat\u00f3ria.\u00bb<\/p>\n<p>O Dia Europeu do Enfermeiro Perioperat\u00f3rio \u00e9 comemorado na Europa com a finalidade de promover a visibilidade do contributo do trabalho desenvolvido pelos enfermeiros perioperat\u00f3rios e da literacia do cidad\u00e3o na \u00e1rea da Seguran\u00e7a Cir\u00fargica.<\/p>\n<p>\u00abA presta\u00e7\u00e3o de cuidados perioperat\u00f3rios seguros \u00e9 conseguida atrav\u00e9s da investiga\u00e7\u00e3o cient\u00edfica, da atualiza\u00e7\u00e3o constante de conhecimentos e cumprimento das recomenda\u00e7\u00f5es e normas de boas pr\u00e1ticas institucionais, nacionais e internacionais, que s\u00e3o alicer\u00e7ados em evid\u00eancia cient\u00edfica, tornando a pr\u00e1tica baseada na evid\u00eancia uma quest\u00e3o central da atividade profissional\u00bb, destaca Paula Bagagem.<\/p>\n<p>O enfermeiro perioperat\u00f3rio avalia a necessidade dos cuidados, executa-os, previne complica\u00e7\u00f5es e zela pela seguran\u00e7a e conforto dos doentes no per\u00edodo perioperat\u00f3rio. A sua miss\u00e3o \u00e9 acompanhar a pessoa, tendo em conta a sua individualidade e vulnerabilidade, antes, durante e ap\u00f3s a cirurgia.<\/p>\n<p><strong>\u00a0 \u00a0 \u00a0Fonte: Midlandcom<\/strong><\/p>\n","protected":false},"excerpt":{"rendered":"<p>Os enfermeiros perioperat\u00f3rios do Centro Hospitalar de Leiria (CHL) assinalam o Dia Europeu do Enfermeiro Perioperat\u00f3rio, que se celebra no dia 15 de fevereiro, com a cria\u00e7\u00e3o de quatro projetos de melhoria cont\u00ednua na \u00e1rea da Seguran\u00e7a do Doente, proposta da Associa\u00e7\u00e3o dos Enfermeiros de Sala de Opera\u00e7\u00f5es Portugueses (AESOP), mentora da comemora\u00e7\u00e3o da efem\u00e9ride, [&hellip;]<\/p>\n","protected":false},"author":2,"featured_media":11443,"comment_status":"open","ping_status":"open","sticky":false,"template":"","format":"standard","meta":{"footnotes":""},"categories":[6],"tags":[],"class_list":["post-24773","post","type-post","status-publish","format-standard","has-post-thumbnail","hentry","category-saude"],"_links":{"self":[{"href":"https:\/\/tintafresca.net\/index.php\/wp-json\/wp\/v2\/posts\/24773","targetHints":{"allow":["GET"]}}],"collection":[{"href":"https:\/\/tintafresca.net\/index.php\/wp-json\/wp\/v2\/posts"}],"about":[{"href":"https:\/\/tintafresca.net\/index.php\/wp-json\/wp\/v2\/types\/post"}],"author":[{"embeddable":true,"href":"https:\/\/tintafresca.net\/index.php\/wp-json\/wp\/v2\/users\/2"}],"replies":[{"embeddable":true,"href":"https:\/\/tintafresca.net\/index.php\/wp-json\/wp\/v2\/comments?post=24773"}],"version-history":[{"count":2,"href":"https:\/\/tintafresca.net\/index.php\/wp-json\/wp\/v2\/posts\/24773\/revisions"}],"predecessor-version":[{"id":24775,"href":"https:\/\/tintafresca.net\/index.php\/wp-json\/wp\/v2\/posts\/24773\/revisions\/24775"}],"wp:featuredmedia":[{"embeddable":true,"href":"https:\/\/tintafresca.net\/index.php\/wp-json\/wp\/v2\/media\/11443"}],"wp:attachment":[{"href":"https:\/\/tintafresca.net\/index.php\/wp-json\/wp\/v2\/media?parent=24773"}],"wp:term":[{"taxonomy":"category","embeddable":true,"href":"https:\/\/tintafresca.net\/index.php\/wp-json\/wp\/v2\/categories?post=24773"},{"taxonomy":"post_tag","embeddable":true,"href":"https:\/\/tintafresca.net\/index.php\/wp-json\/wp\/v2\/tags?post=24773"}],"curies":[{"name":"wp","href":"https:\/\/api.w.org\/{rel}","templated":true}]}}