{"id":24782,"date":"2023-02-15T09:08:40","date_gmt":"2023-02-15T09:08:40","guid":{"rendered":"https:\/\/tintafresca.net\/?p=24782"},"modified":"2023-02-16T14:41:41","modified_gmt":"2023-02-16T14:41:41","slug":"batalha-aprova-criacao-do-plano-estrategico-global-da-zona-industrial-de-sao-mamede","status":"publish","type":"post","link":"https:\/\/tintafresca.net\/index.php\/2023\/02\/15\/batalha-aprova-criacao-do-plano-estrategico-global-da-zona-industrial-de-sao-mamede\/","title":{"rendered":"Batalha aprova cria\u00e7\u00e3o do Plano Estrat\u00e9gico Global da zona industrial de S\u00e3o Mamede"},"content":{"rendered":"<div id=\"attachment_8665\" style=\"width: 510px\" class=\"wp-caption alignleft\"><img loading=\"lazy\" decoding=\"async\" aria-describedby=\"caption-attachment-8665\" class=\"wp-image-8665\" src=\"https:\/\/tintafresca.net\/wp-content\/uploads\/2021\/09\/Batalha_camara.jpg\" alt=\"\" width=\"500\" height=\"375\" srcset=\"https:\/\/tintafresca.net\/wp-content\/uploads\/2021\/09\/Batalha_camara.jpg 850w, https:\/\/tintafresca.net\/wp-content\/uploads\/2021\/09\/Batalha_camara-300x225.jpg 300w, https:\/\/tintafresca.net\/wp-content\/uploads\/2021\/09\/Batalha_camara-768x576.jpg 768w\" sizes=\"auto, (max-width: 500px) 100vw, 500px\" \/><p id=\"caption-attachment-8665\" class=\"wp-caption-text\">Sede da C\u00e2mara Municipal da Batalha<\/p><\/div>\n<p>Os vereadores eleitos pelo PSD Batalha propuseram, no dia 13 de fevereiro, em sede de reuni\u00e3o camar\u00e1ria, a elabora\u00e7\u00e3o de um Plano Estrat\u00e9gico Global da zona industrial de S\u00e3o Mamede. \u00c9 do conhecimento geral a fraca resposta do concelho na oferta de condi\u00e7\u00f5es para a fixa\u00e7\u00e3o de empresas no concelho, sobretudo ind\u00fastrias, face \u00e0 procura existente e o aumento da concorr\u00eancia nos concelhos vizinhos, como Our\u00e9m e Porto de M\u00f3s.<\/p>\n<p>Assim, a cria\u00e7\u00e3o de condi\u00e7\u00f5es para a fixa\u00e7\u00e3o e surgimento de novas ind\u00fastrias \u00e9 essencial para uma estrat\u00e9gia de moderniza\u00e7\u00e3o e crescimento econ\u00f3mico do concelho. De destacar que\u00a0 a zona da freguesia de S\u00e3o Mamede usufrui de condi\u00e7\u00f5es excecionais em termos de acessibilidades, decorrentes da proximidade da A1 e do IC9.<\/p>\n<p>Por outro lado, como refere a proposta, a freguesia de S\u00e3o Mamede \u00e9 muito dependente da ind\u00fastria cer\u00e2mica que, neste momento, atravessa grandes dificuldades econ\u00f3micas, sendo necess\u00e1rio criar condi\u00e7\u00f5es para a instala\u00e7\u00e3o de novas ind\u00fastrias criadores de emprego para a regi\u00e3o.<\/p>\n<p>De real\u00e7ar que a proposta, ap\u00f3s discutida, foi aprovada por unanimidade.<\/p>\n<p>Por \u00faltimo, a proposta inclui ainda a elabora\u00e7\u00e3o de Unidades de Execu\u00e7\u00e3o, para que a obra possa ser executada faseadamente e seja realizado o respetivo projeto de execu\u00e7\u00e3o e iniciar a compra\/negocia\u00e7\u00e3o dos terrenos, bem como a inclus\u00e3o da Liga\u00e7\u00e3o do IC9 \u00e0 respetiva zona industrial.<\/p>\n<p><strong>\u00a0 \u00a0 \u00a0A proposta do PSD<\/strong><\/p>\n<p>A proposta do PSD considera que a Zona Industrial \u00e9 um espa\u00e7o territorial infraestruturado no qual se agrupam uma s\u00e9rie de atividades industriais ou empresariais que podem ou n\u00e3o estar relacionadas entre si;<\/p>\n<p>Carateriza-se por ter uma s\u00e9rie de servi\u00e7os comuns, como por exemplo: abastecimento de energia el\u00e9trica, abastecimento de \u00e1gua, tratamento de \u00e1guas residuais e sistemas de transporte intermodais;<\/p>\n<p>A cria\u00e7\u00e3o de condi\u00e7\u00f5es para o desenvolvimento econ\u00f3mico \u00e9 essencial para uma estrat\u00e9gia de moderniza\u00e7\u00e3o e crescimento econ\u00f3mico do concelho;<\/p>\n<p>A necessidade de incentivar o investimento empresarial no concelho e o objetivo de atrair para ele investimentos e novas iniciativas que complementem estruturalmente o seu desenvolvimento end\u00f3geno, s\u00e3o bases para o nascimento de empresas que estimulem a fixa\u00e7\u00e3o da popula\u00e7\u00e3o e propiciem a cria\u00e7\u00e3o de emprego;<\/p>\n<p>Esta zona da freguesia de S\u00e3o Mamede usufrui de condi\u00e7\u00f5es excecionais em termos de acessibilidades, decorrentes da proximidade da A1 e do IC9;<\/p>\n<p>Constitui um passo fundamental para a concretiza\u00e7\u00e3o de um projeto estruturante para o desenvolvimento da freguesia de S\u00e3o Mamede, mas tamb\u00e9m de todo o concelho;<\/p>\n<p>O Munic\u00edpio tem de assumir como estrat\u00e9gico a disponibiliza\u00e7\u00e3o de espa\u00e7os para a instala\u00e7\u00e3o de empresas nas zonas industriais bem como a angaria\u00e7\u00e3o constante de condi\u00e7\u00f5es que facilitem a atividade das empresas instaladas;<\/p>\n<p>Estando esta freguesia muito dependente da ind\u00fastria cer\u00e2mica que neste momento atravessa grandes dificuldades \u00e9 extremamente necess\u00e1rio criar condi\u00e7\u00f5es para a instala\u00e7\u00e3o de ind\u00fastrias de outros setores.<\/p>\n<p>Nesse sentido, os vereadores eleitos pelo PSD da Batalha prop\u00f5em que se elabore o Plano Estrat\u00e9gico Global da zona industrial de S\u00e3o Mamede nos pr\u00f3ximos 6 meses.<\/p>\n<p>Querem ainda que se elaborem Unidades de Execu\u00e7\u00e3o da zona industrial de S\u00e3o Mamede, de forma a que a obra possa ser executada faseadamente e seja feito o respetivo projeto de execu\u00e7\u00e3o e iniciar a compra\/negocia\u00e7\u00e3o dos terrenos.<\/p>\n<p>Por \u00faltimo, defendem que se tenha em conta na elabora\u00e7\u00e3o do Plano Estrat\u00e9gico Global a liga\u00e7\u00e3o do IC9 \u00e0 zona industrial;<\/p>\n","protected":false},"excerpt":{"rendered":"<p>Os vereadores eleitos pelo PSD Batalha propuseram, no dia 13 de fevereiro, em sede de reuni\u00e3o camar\u00e1ria, a elabora\u00e7\u00e3o de um Plano Estrat\u00e9gico Global da zona industrial de S\u00e3o Mamede. \u00c9 do conhecimento geral a fraca resposta do concelho na oferta de condi\u00e7\u00f5es para a fixa\u00e7\u00e3o de empresas no concelho, sobretudo ind\u00fastrias, face \u00e0 procura [&hellip;]<\/p>\n","protected":false},"author":2,"featured_media":24785,"comment_status":"open","ping_status":"open","sticky":false,"template":"","format":"standard","meta":{"footnotes":""},"categories":[7],"tags":[],"class_list":["post-24782","post","type-post","status-publish","format-standard","has-post-thumbnail","hentry","category-economia"],"_links":{"self":[{"href":"https:\/\/tintafresca.net\/index.php\/wp-json\/wp\/v2\/posts\/24782","targetHints":{"allow":["GET"]}}],"collection":[{"href":"https:\/\/tintafresca.net\/index.php\/wp-json\/wp\/v2\/posts"}],"about":[{"href":"https:\/\/tintafresca.net\/index.php\/wp-json\/wp\/v2\/types\/post"}],"author":[{"embeddable":true,"href":"https:\/\/tintafresca.net\/index.php\/wp-json\/wp\/v2\/users\/2"}],"replies":[{"embeddable":true,"href":"https:\/\/tintafresca.net\/index.php\/wp-json\/wp\/v2\/comments?post=24782"}],"version-history":[{"count":2,"href":"https:\/\/tintafresca.net\/index.php\/wp-json\/wp\/v2\/posts\/24782\/revisions"}],"predecessor-version":[{"id":24784,"href":"https:\/\/tintafresca.net\/index.php\/wp-json\/wp\/v2\/posts\/24782\/revisions\/24784"}],"wp:featuredmedia":[{"embeddable":true,"href":"https:\/\/tintafresca.net\/index.php\/wp-json\/wp\/v2\/media\/24785"}],"wp:attachment":[{"href":"https:\/\/tintafresca.net\/index.php\/wp-json\/wp\/v2\/media?parent=24782"}],"wp:term":[{"taxonomy":"category","embeddable":true,"href":"https:\/\/tintafresca.net\/index.php\/wp-json\/wp\/v2\/categories?post=24782"},{"taxonomy":"post_tag","embeddable":true,"href":"https:\/\/tintafresca.net\/index.php\/wp-json\/wp\/v2\/tags?post=24782"}],"curies":[{"name":"wp","href":"https:\/\/api.w.org\/{rel}","templated":true}]}}