{"id":24787,"date":"2023-02-15T10:49:21","date_gmt":"2023-02-15T10:49:21","guid":{"rendered":"https:\/\/tintafresca.net\/?p=24787"},"modified":"2023-02-15T11:00:28","modified_gmt":"2023-02-15T11:00:28","slug":"bombeiros-do-bombarral-partem-em-missao-de-ajuda-ao-combate-aos-incendios-florestais-no-chile","status":"publish","type":"post","link":"https:\/\/tintafresca.net\/index.php\/2023\/02\/15\/bombeiros-do-bombarral-partem-em-missao-de-ajuda-ao-combate-aos-incendios-florestais-no-chile\/","title":{"rendered":"Bombeiros do Bombarral partem em miss\u00e3o de ajuda ao combate a inc\u00eandios florestais no Chile"},"content":{"rendered":"<div id=\"attachment_24789\" style=\"width: 510px\" class=\"wp-caption alignleft\"><img loading=\"lazy\" decoding=\"async\" aria-describedby=\"caption-attachment-24789\" class=\"wp-image-24789 size-full\" src=\"https:\/\/tintafresca.net\/wp-content\/uploads\/2023\/02\/Bombarral_Bombeiro_Chile10.jpg\" alt=\"\" width=\"500\" height=\"333\" srcset=\"https:\/\/tintafresca.net\/wp-content\/uploads\/2023\/02\/Bombarral_Bombeiro_Chile10.jpg 500w, https:\/\/tintafresca.net\/wp-content\/uploads\/2023\/02\/Bombarral_Bombeiro_Chile10-300x200.jpg 300w\" sizes=\"auto, (max-width: 500px) 100vw, 500px\" \/><p id=\"caption-attachment-24789\" class=\"wp-caption-text\">Presidente da C\u00e2mara e dirigentes associativos saudaram a Equipa dos Bombeiros do Bombarral<\/p><\/div>\n<p>Tr\u00eas elementos dos Bombeiros Volunt\u00e1rios do Bombarral juntaram-se no s\u00e1bado, dia 11 de fevereiro, \u00e0 For\u00e7a Operacional Conjunta (FOCON) que, neste dia, partiu de Portugal rumo ao Chile com a miss\u00e3o de ajudar no combate aos inc\u00eandios florestais que est\u00e3o a fustigar aquele pa\u00eds.<\/p>\n<p>Coordenada pela Autoridade Nacional de Emerg\u00eancia e Prote\u00e7\u00e3o Civil, a For\u00e7a Nacional \u00e9 composta por 144 operacionais da ANPC, da For\u00e7a Especial de Prote\u00e7\u00e3o Civil (FEPC) da ANEPC, da Guarda Nacional Republicana, do Instituto de Conserva\u00e7\u00e3o da Natureza e Florestas (Gest\u00e3o de Fogo Rural e For\u00e7a de Sapadores Bombeiros Florestais), das Corpora\u00e7\u00f5es de Bombeiros da regi\u00e3o de Lisboa e Vale do Tejo e do Instituto Nacional de Emerg\u00eancia M\u00e9dica.<\/p>\n<p>Antes da partida, os tr\u00eas soldados da paz bombarralenses, Jorge Frazoa, Nuno Penteado e Paulo Grenho, foram saudados pelo comandante do Comando Sub-regional do Oeste, Carlos Silva, pelo presidente da C\u00e2mara Municipal, Ricardo Fernandes, assim como pelo comandante e pelo presidente da dire\u00e7\u00e3o dos Bombeiros do Bombarral, Pedro Louren\u00e7o, e V\u00edtor Garcia.<\/p>\n<p>A ajuda de Portugal decorre do pedido de assist\u00eancia internacional para combate a inc\u00eandios florestais formulado pelas autoridades chilenas via Mecanismo de Prote\u00e7\u00e3o Civil da Uni\u00e3o Europeia.<\/p>\n","protected":false},"excerpt":{"rendered":"<p>Tr\u00eas elementos dos Bombeiros Volunt\u00e1rios do Bombarral juntaram-se no s\u00e1bado, dia 11 de fevereiro, \u00e0 For\u00e7a Operacional Conjunta (FOCON) que, neste dia, partiu de Portugal rumo ao Chile com a miss\u00e3o de ajudar no combate aos inc\u00eandios florestais que est\u00e3o a fustigar aquele pa\u00eds. Coordenada pela Autoridade Nacional de Emerg\u00eancia e Prote\u00e7\u00e3o Civil, a For\u00e7a [&hellip;]<\/p>\n","protected":false},"author":2,"featured_media":24792,"comment_status":"open","ping_status":"open","sticky":false,"template":"","format":"standard","meta":{"footnotes":""},"categories":[9],"tags":[],"class_list":["post-24787","post","type-post","status-publish","format-standard","has-post-thumbnail","hentry","category-ambiente"],"_links":{"self":[{"href":"https:\/\/tintafresca.net\/index.php\/wp-json\/wp\/v2\/posts\/24787","targetHints":{"allow":["GET"]}}],"collection":[{"href":"https:\/\/tintafresca.net\/index.php\/wp-json\/wp\/v2\/posts"}],"about":[{"href":"https:\/\/tintafresca.net\/index.php\/wp-json\/wp\/v2\/types\/post"}],"author":[{"embeddable":true,"href":"https:\/\/tintafresca.net\/index.php\/wp-json\/wp\/v2\/users\/2"}],"replies":[{"embeddable":true,"href":"https:\/\/tintafresca.net\/index.php\/wp-json\/wp\/v2\/comments?post=24787"}],"version-history":[{"count":4,"href":"https:\/\/tintafresca.net\/index.php\/wp-json\/wp\/v2\/posts\/24787\/revisions"}],"predecessor-version":[{"id":24793,"href":"https:\/\/tintafresca.net\/index.php\/wp-json\/wp\/v2\/posts\/24787\/revisions\/24793"}],"wp:featuredmedia":[{"embeddable":true,"href":"https:\/\/tintafresca.net\/index.php\/wp-json\/wp\/v2\/media\/24792"}],"wp:attachment":[{"href":"https:\/\/tintafresca.net\/index.php\/wp-json\/wp\/v2\/media?parent=24787"}],"wp:term":[{"taxonomy":"category","embeddable":true,"href":"https:\/\/tintafresca.net\/index.php\/wp-json\/wp\/v2\/categories?post=24787"},{"taxonomy":"post_tag","embeddable":true,"href":"https:\/\/tintafresca.net\/index.php\/wp-json\/wp\/v2\/tags?post=24787"}],"curies":[{"name":"wp","href":"https:\/\/api.w.org\/{rel}","templated":true}]}}