{"id":24806,"date":"2023-02-15T23:12:58","date_gmt":"2023-02-15T23:12:58","guid":{"rendered":"https:\/\/tintafresca.net\/?p=24806"},"modified":"2023-02-15T23:14:02","modified_gmt":"2023-02-15T23:14:02","slug":"duas-mil-criancas-participam-no-desfile-de-carnaval-escolar-da-marinha-grande","status":"publish","type":"post","link":"https:\/\/tintafresca.net\/index.php\/2023\/02\/15\/duas-mil-criancas-participam-no-desfile-de-carnaval-escolar-da-marinha-grande\/","title":{"rendered":"Duas mil crian\u00e7as participam no desfile de Carnaval Escolar da Marinha Grande"},"content":{"rendered":"<div id=\"attachment_24808\" style=\"width: 410px\" class=\"wp-caption alignleft\"><img loading=\"lazy\" decoding=\"async\" aria-describedby=\"caption-attachment-24808\" class=\"wp-image-24808\" src=\"https:\/\/tintafresca.net\/wp-content\/uploads\/2023\/02\/MG_carnaval-escolar_cartaz20.jpg\" alt=\"\" width=\"400\" height=\"566\" srcset=\"https:\/\/tintafresca.net\/wp-content\/uploads\/2023\/02\/MG_carnaval-escolar_cartaz20.jpg 500w, https:\/\/tintafresca.net\/wp-content\/uploads\/2023\/02\/MG_carnaval-escolar_cartaz20-212x300.jpg 212w\" sizes=\"auto, (max-width: 400px) 100vw, 400px\" \/><p id=\"caption-attachment-24808\" class=\"wp-caption-text\">Cartaz<\/p><\/div>\n<p>Cerca de 2000 crian\u00e7as, desde o ensino pr\u00e9-escolar ao 2\u00ba ciclo, v\u00e3o participar no tradicional Desfile de Carnaval, que acontece na sexta-feira, 17 de fevereiro, das 10h00 \u00e0s 11h30, no Parque da Cerca, na Marinha Grande.<\/p>\n<p>O desfile conta com a participa\u00e7\u00e3o das escolas p\u00fablicas e privadas dos ensinos pr\u00e9-escolar, 1\u00ba e 2\u00ba ciclos das freguesias de Marinha Grande e Moita. Este ano, a anima\u00e7\u00e3o das crian\u00e7as \u00e9 assegurada por um DJ, 17 mascotes caracterizadas de figuras da Disney e duas andas.<\/p>\n<p>O corso tem in\u00edcio \u00e0s 10h00, no Parque da Cerca, junto \u00e0 pra\u00e7a \u201cmeia-lua\u201d junto ao lago, onde vai existir um palco m\u00f3vel para atua\u00e7\u00e3o de um DJ. Segue at\u00e9 \u00e0 Avenida Infante D. Henrique, para retornar imediatamente \u00e0 esquerda, em dire\u00e7\u00e3o \u00e0 Rotunda do Rotary (junto ao quartel dos Bombeiros Volunt\u00e1rios). Os participantes v\u00e3o depois em dire\u00e7\u00e3o \u00e0 Pra\u00e7a Guilherme Stephens, sempre pela estrada, para entrar no Jardim Stephens, contornando os edif\u00edcios da EPAMG, da Biblioteca Municipal e do Arquivo Municipal, at\u00e9 \u00e0 meia-lua junto ao lago do Parque da Cerca, onde termina com a atua\u00e7\u00e3o do DJ.<\/p>\n<p>Em Vieira de Leiria, haver\u00e1 um corso de Carnaval das escolas das freguesias, que tem in\u00edcio \u00e0s 10h00, no Largo da Rep\u00fablica.<\/p>\n<p>Os Desfiles das Escolas s\u00e3o organizados pela C\u00e2mara Municipal da Marinha Grande, com o apoio dos Agrupamentos de Escolas do concelho, Juntas de Freguesia da Marinha Grande, Moita e Vieira de Leiria, Pol\u00edcia de Seguran\u00e7a P\u00fablica, Guarda Nacional Republicana, Bombeiros Volunt\u00e1rios da Marinha Grande e de Vieira de Leiria.<\/p>\n<p><strong>Fonte<em>: GCI|CMMG<\/em><\/strong><\/p>\n","protected":false},"excerpt":{"rendered":"<p>Cerca de 2000 crian\u00e7as, desde o ensino pr\u00e9-escolar ao 2\u00ba ciclo, v\u00e3o participar no tradicional Desfile de Carnaval, que acontece na sexta-feira, 17 de fevereiro, das 10h00 \u00e0s 11h30, no Parque da Cerca, na Marinha Grande. O desfile conta com a participa\u00e7\u00e3o das escolas p\u00fablicas e privadas dos ensinos pr\u00e9-escolar, 1\u00ba e 2\u00ba ciclos das [&hellip;]<\/p>\n","protected":false},"author":2,"featured_media":24809,"comment_status":"open","ping_status":"open","sticky":false,"template":"","format":"standard","meta":{"footnotes":""},"categories":[14],"tags":[],"class_list":["post-24806","post","type-post","status-publish","format-standard","has-post-thumbnail","hentry","category-educacao"],"_links":{"self":[{"href":"https:\/\/tintafresca.net\/index.php\/wp-json\/wp\/v2\/posts\/24806","targetHints":{"allow":["GET"]}}],"collection":[{"href":"https:\/\/tintafresca.net\/index.php\/wp-json\/wp\/v2\/posts"}],"about":[{"href":"https:\/\/tintafresca.net\/index.php\/wp-json\/wp\/v2\/types\/post"}],"author":[{"embeddable":true,"href":"https:\/\/tintafresca.net\/index.php\/wp-json\/wp\/v2\/users\/2"}],"replies":[{"embeddable":true,"href":"https:\/\/tintafresca.net\/index.php\/wp-json\/wp\/v2\/comments?post=24806"}],"version-history":[{"count":2,"href":"https:\/\/tintafresca.net\/index.php\/wp-json\/wp\/v2\/posts\/24806\/revisions"}],"predecessor-version":[{"id":24810,"href":"https:\/\/tintafresca.net\/index.php\/wp-json\/wp\/v2\/posts\/24806\/revisions\/24810"}],"wp:featuredmedia":[{"embeddable":true,"href":"https:\/\/tintafresca.net\/index.php\/wp-json\/wp\/v2\/media\/24809"}],"wp:attachment":[{"href":"https:\/\/tintafresca.net\/index.php\/wp-json\/wp\/v2\/media?parent=24806"}],"wp:term":[{"taxonomy":"category","embeddable":true,"href":"https:\/\/tintafresca.net\/index.php\/wp-json\/wp\/v2\/categories?post=24806"},{"taxonomy":"post_tag","embeddable":true,"href":"https:\/\/tintafresca.net\/index.php\/wp-json\/wp\/v2\/tags?post=24806"}],"curies":[{"name":"wp","href":"https:\/\/api.w.org\/{rel}","templated":true}]}}