{"id":24829,"date":"2023-02-17T10:00:19","date_gmt":"2023-02-17T10:00:19","guid":{"rendered":"https:\/\/tintafresca.net\/?p=24829"},"modified":"2023-02-17T10:40:13","modified_gmt":"2023-02-17T10:40:13","slug":"premio-agir-da-ren-distingue-projeto-de-promocao-da-abelha-e-do-mel-em-porto-de-mos","status":"publish","type":"post","link":"https:\/\/tintafresca.net\/index.php\/2023\/02\/17\/premio-agir-da-ren-distingue-projeto-de-promocao-da-abelha-e-do-mel-em-porto-de-mos\/","title":{"rendered":"Pr\u00e9mio AGIR da REN distingue projeto de promo\u00e7\u00e3o da abelha e do mel em Porto de M\u00f3s"},"content":{"rendered":"<div id=\"attachment_24831\" style=\"width: 510px\" class=\"wp-caption alignleft\"><img loading=\"lazy\" decoding=\"async\" aria-describedby=\"caption-attachment-24831\" class=\"wp-image-24831 size-full\" src=\"https:\/\/tintafresca.net\/wp-content\/uploads\/2023\/02\/PM_apicultura10.png\" alt=\"\" width=\"500\" height=\"217\" srcset=\"https:\/\/tintafresca.net\/wp-content\/uploads\/2023\/02\/PM_apicultura10.png 500w, https:\/\/tintafresca.net\/wp-content\/uploads\/2023\/02\/PM_apicultura10-300x130.png 300w\" sizes=\"auto, (max-width: 500px) 100vw, 500px\" \/><p id=\"caption-attachment-24831\" class=\"wp-caption-text\">Apicultor das Serras de aire e Candeeiros<\/p><\/div>\n<p>O Projeto para a cria\u00e7\u00e3o do Centro de Interpreta\u00e7\u00e3o da Abelha e do Mel (CIAM) na Serra de Aires e Candeeiros, promovido pela Associa\u00e7\u00e3o Vertigem, localizada em Porto de M\u00f3s, foi distinguido com o segundo lugar do Pr\u00e9mio AGIR da REN, este ano, dedicado \u00e0 promo\u00e7\u00e3o do meio ambiente, da biodiversidade e ao combate \u00e0s altera\u00e7\u00f5es clim\u00e1ticas. Este projeto tem como objetivo promover a apicultura na regi\u00e3o com o envolvimento da comunidade e dos produtores locais, desenvolvendo oportunidades de emprego. Em primeiro lugar ficou o projeto \u201cLousada + VERDE: Restauro Ecol\u00f3gico em prol da comunidade\u201d da Associa\u00e7\u00e3o VERDE, de Lousada. A Cooperativa Rizoma, com a Mercearia Comunit\u00e1ria em Lisboa, ficou em terceiro lugar.<\/p>\n<p>Com sede em Portela Vale de Espinho, Porto de M\u00f3s, a Associa\u00e7\u00e3o Vertigem tem como objetivo a valoriza\u00e7\u00e3o do patrim\u00f3nio cultural, natural e da biodiversidade. O Centro de Interpreta\u00e7\u00e3o da Abelha e do Mel (CIAM) ser\u00e1 criado precisamente para envolver a comunidade e os apicultores locais e para educar em rela\u00e7\u00e3o \u00e0 sociedade das abelhas.<\/p>\n<p>A cria\u00e7\u00e3o do CIAM numa antiga escola, em plena Serra de Aires e Candeeiros, \u00e9 a a\u00e7\u00e3o mais vis\u00edvel do projeto da Associa\u00e7\u00e3o Vertigem, segunda classificada no Pr\u00e9mio AGIR. Mas a Associa\u00e7\u00e3o pretende tamb\u00e9m criar oportunidades para o sector da apicultura e do turismo, aumentar a prote\u00e7\u00e3o ambiental, o crescimento econ\u00f3mico e desenvolver novas oportunidades de emprego. Para tal, tem como objetivo envolver mais de 5.000 pessoas nos primeiros tr\u00eas anos em a\u00e7\u00f5es de forma\u00e7\u00e3o, atividades de educa\u00e7\u00e3o ambiental e visitas ao CIAM.<\/p>\n<p>De acordo com o projeto, o CIAM passar\u00e1 a ser um polo congregador e dinamizador da apicultura e do turismo pr\u00f3ximo da natureza no concelho de Porto de M\u00f3s. Est\u00e1 ainda prevista a cria\u00e7\u00e3o de um web site de suporte promocional com liga\u00e7\u00f5es ao turismo local, regional e nacional que ir\u00e1 contribuir para esse objetivo.<\/p>\n<p>Para Rui Cordeiro, presidente da Vertigem, \u201ccom o pr\u00e9mio AGIR da REN ser\u00e1 poss\u00edvel envolver outras entidades na recupera\u00e7\u00e3o de uma antiga escola prim\u00e1ria, que vamos equipar com materiais para a educa\u00e7\u00e3o ambiental. Ser\u00e1 ainda criado um polo de agrega\u00e7\u00e3o dos apicultores locais para forma\u00e7\u00e3o, assim como um espa\u00e7o dedicado para receber escolas no \u00e2mbito da educa\u00e7\u00e3o ambiental. E vamos valorizar a apicultura e o turismo ap\u00edcola, dando valor \u00e0 regi\u00e3o e rendimento aos apicultores. Queremos implementar uma apicultura amiga do ambiente, com uma abordagem em t\u00e9cnicas ap\u00edcolas centradas na apicultura biodin\u00e2mica que respeite a integridade natural da col\u00f4nia\u201d.<\/p>\n<p>Institui\u00e7\u00f5es de Lousada e de Lisboa tamb\u00e9m premiadas<\/p>\n<p>O \u201cLousada + VERDE: Restauro Ecol\u00f3gico em prol da comunidade\u201d, o projeto vencedor do AGIR, teve origem nas interven\u00e7\u00f5es que a Associa\u00e7\u00e3o VERDE tem efetuado em terrenos abandonados, atrav\u00e9s da sua solu\u00e7\u00e3o de compensa\u00e7\u00e3o de carbono, \u201cCarbono Diverso\u201d. A iniciativa prev\u00ea a interven\u00e7\u00e3o da associa\u00e7\u00e3o em propriedades privadas, efetuando o controle de esp\u00e9cies invasoras, a planta\u00e7\u00e3o de \u00e1rvores e arbustos aut\u00f3ctones e a constru\u00e7\u00e3o de estruturas de madeira morta e de charcos, essenciais para aumentar a biodiversidade das \u00e1reas que apresentem j\u00e1 algum valor de conserva\u00e7\u00e3o da natureza pela presen\u00e7a de \u00e1rvores de grande porte.<\/p>\n<p>Com estas medidas, ser\u00e1 testado um modelo que misture a valoriza\u00e7\u00e3o dos servi\u00e7os de um ecossistema e pr\u00e1ticas de gest\u00e3o (agro)florestal que aumentem a biodiversidade. O escoamento de produtos agroflorestais ajudar\u00e1 ainda na cria\u00e7\u00e3o de receitas que permitam tornar o projeto autossustent\u00e1vel. \u00c9 tamb\u00e9m objetivo da VERDE promover a\u00e7\u00f5es de voluntariado e educa\u00e7\u00e3o ambiental envolvendo centenas de cidad\u00e3os durante o pr\u00f3ximo ano.<\/p>\n<p>Para Jo\u00e3o Soutinho da VERDE, \u201co Pr\u00e9mio AGIR da REN vai-nos permitir ter mais meios, mais equipamentos, e estudar potenciais cadeias de valor de produtos secund\u00e1rios que possam sair desta floresta \u2013 bolota, medronho, mel, cogumelos, entre outros. Com a implementa\u00e7\u00e3o deste projeto, ser\u00e1 ainda poss\u00edvel potenciar atividades de educa\u00e7\u00e3o ambiental e de visita\u00e7\u00e3o, desenvolvendo, deste modo, um laborat\u00f3rio atrav\u00e9s do qual a floresta nativa poder\u00e1 ser valorizada, tornando-se um ativo do territ\u00f3rio.\u201d<\/p>\n<p>J\u00e1 o terceiro lugar foi atribu\u00eddo ao projeto de uma Mercearia Comunit\u00e1ria, da Rizoma Cooperativa Integral, com sede em Lisboa. A mercearia, sem fins lucrativos e acess\u00edvel para compras apenas aos cooperantes, pretende ser um passo para o combate \u00e0s altera\u00e7\u00f5es clim\u00e1ticas ao fomentar uma mudan\u00e7a no sistema alimentar. E tamb\u00e9m um investimento na comunidade e na economia local, ao apoiar os produtores locais e incentivar o empreendedorismo.<\/p>\n<p>Na Rizoma, os cooperantes t\u00eam acesso a produtos saud\u00e1veis, na sua maioria locais, sazonais e com baixo impacto ecol\u00f3gico, a pre\u00e7os justos para quem produz e acess\u00edveis para quem consome \u2013 nas etiquetas de pre\u00e7o aparece o valor pago ao produtor, o IVA e a margem da cooperativa sobre o produto. Baseada num modelo escal\u00e1vel e replic\u00e1vel, j\u00e1 realizado com sucesso noutros pa\u00edses, a mercearia comunit\u00e1ria \u00e9 pioneira em Portugal e apresenta uma resposta transversal a v\u00e1rios problemas sist\u00e9micos relacionados com o consumo. O pr\u00e9mio AGIR permitir\u00e1 a expans\u00e3o da mercearia-caf\u00e9, promover a angaria\u00e7\u00e3o de novos membros e o envolvimento dos produtores locais.<\/p>\n<p>De acordo com Camila Lobo, da Rizoma Coop, \u201ca sustentabilidade est\u00e1 presente na circularidade do funcionamento da loja: atrav\u00e9s da escolha de produtos com baixo impacto ambiental, a reutiliza\u00e7\u00e3o de embalagens e reaproveitamento de alimentos em vias de desperd\u00edcio para criar produtos e composto. O Pr\u00e9mio AGIR vai ter um importante impacto na comunidade, pois ir\u00e1 permitir adquirir novos equipamentos e melhorar o sistema de gest\u00e3o da mercearia, continuando a promover o consumo sustent\u00e1vel e a dar resposta \u00e0s necessidades da comunidade.\u201d<\/p>\n<p>O Pr\u00e9mio AGIR 2023 ser\u00e1 dedicado \u00e0 Promo\u00e7\u00e3o do Desenvolvimento Sustent\u00e1vel, em linha com a Agenda 2030, criada em 2015 pelas Na\u00e7\u00f5es Unidas e que a REN incorpora na sua estrat\u00e9gia de sustentabilidade. A Agenda 2030 cont\u00e9m 17 Objetivos e 169 metas de Desenvolvimento Sustent\u00e1vel, aborda v\u00e1rias dimens\u00f5es do desenvolvimento sustent\u00e1vel (s\u00f3cio, econ\u00f3mico, ambiental) e pretende ser uma vis\u00e3o comum para a Humanidade, um contrato entre os l\u00edderes mundiais e os povos, para a promo\u00e7\u00e3o da paz, justi\u00e7a e institui\u00e7\u00f5es eficazes.Na edi\u00e7\u00e3o de 2023 do Pr\u00e9mio AGIR, a REN ir\u00e1 apoiar projetos que promovam solu\u00e7\u00f5es sustent\u00e1veis para o cumprimento de um ou mais dos ODS e suas respetivas metas, promovendo assim o desenvolvimento sustent\u00e1vel.<\/p>\n<p>Fique a conhecer melhor os projetos vencedores nos seguintes links:<\/p>\n<p>Lousada +VERDE<br \/>\nCentro de Interpreta\u00e7\u00e3o da Abelha e do Mel<br \/>\nMercearia Comunit\u00e1ria Rizoma<\/p>\n<p>Sobre o Pr\u00e9mio Agir:<\/p>\n<p>O Pr\u00e9mio AGIR enquadra-se na pol\u00edtica de envolvimento com a Comunidade e Inova\u00e7\u00e3o Social da REN. Anualmente, o Pr\u00e9mio AGIR seleciona uma \u00e1rea de interven\u00e7\u00e3o social e distingue tr\u00eas projetos. As \u00faltimas edi\u00e7\u00f5es foram dedicadas aos temas \u201cInova\u00e7\u00e3o Social na Resposta \u00e0 Covid \u2013 19\u201d(2021), \u201cPromo\u00e7\u00e3o do emprego e integra\u00e7\u00e3o profissional de pessoas em situa\u00e7\u00e3o de vulnerabilidade\u201d (2020), \u201cPromo\u00e7\u00e3o do Sucesso Escolar e Combate ao Abandono Escolar\u201d (2019), \u201cPreserva\u00e7\u00e3o do patrim\u00f3nio natural\u201d (2018); \u201cInser\u00e7\u00e3o Laboral de Pessoas com Defici\u00eancia\u201d (2017); \u201cCombate \u00e0 Pobreza e Exclus\u00e3o Social\u201d (2016); \u201cEnvelhecimento Ativo\u201d (2015) e \u201cCria\u00e7\u00e3o de Emprego\u201d (2014).<\/p>\n<p>A sele\u00e7\u00e3o dos tr\u00eas melhores projetos \u00e9 da responsabilidade da REN, em parceria com a STONE SOUP, que acompanha e monitoriza a utiliza\u00e7\u00e3o dos fundos doados a cada projeto apoiado, efetuando tamb\u00e9m a avalia\u00e7\u00e3o do impacto social real do apoio atribu\u00eddo. Ao primeiro classificado \u00e9 concedido um valor monet\u00e1rio de trinta mil euros, ao segundo quinze mil euros e ao terceiro cinco mil euros.<\/p>\n<p>Mais informa\u00e7\u00e3o em:\u00a0https:\/\/www.ren.pt\/pt-PT\/sustentabilidade\/premio_agir<\/p>\n<p>Sobre a REN<\/p>\n<p>A REN \u2013 Redes Energ\u00e9ticas Nacionais atua em duas grandes \u00e1reas de neg\u00f3cio: o transporte de eletricidade em muito alta tens\u00e3o e a gest\u00e3o t\u00e9cnica global do Sistema El\u00e9trico; o transporte de g\u00e1s natural em alta press\u00e3o e a gest\u00e3o t\u00e9cnica global do Sistema de G\u00e1s Natural, garantindo a rece\u00e7\u00e3o, armazenamento e regaseifica\u00e7\u00e3o de GNL, bem como o armazenamento subterr\u00e2neo de g\u00e1s natural. A REN est\u00e1 tamb\u00e9m presente no neg\u00f3cio das telecomunica\u00e7\u00f5es, atrav\u00e9s da RENTELECOM, que inclui servi\u00e7os diversificados, passando pelas infraestruturas, servi\u00e7os geridos ou consultoria. Satisfazendo todos os crit\u00e9rios de qualidade e seguran\u00e7a que se lhe exige, a REN quer ser um dos mais eficientes operadores europeus de sistema de transporte de eletricidade e g\u00e1s natural e, assim, construir valor para os seus acionistas.<\/p>\n<p><strong>\u00a0 \u00a0 Fonte: CV&amp;A<\/strong><\/p>\n<p>&nbsp;<\/p>\n","protected":false},"excerpt":{"rendered":"<p>O Projeto para a cria\u00e7\u00e3o do Centro de Interpreta\u00e7\u00e3o da Abelha e do Mel (CIAM) na Serra de Aires e Candeeiros, promovido pela Associa\u00e7\u00e3o Vertigem, localizada em Porto de M\u00f3s, foi distinguido com o segundo lugar do Pr\u00e9mio AGIR da REN, este ano, dedicado \u00e0 promo\u00e7\u00e3o do meio ambiente, da biodiversidade e ao combate \u00e0s [&hellip;]<\/p>\n","protected":false},"author":2,"featured_media":24833,"comment_status":"open","ping_status":"open","sticky":false,"template":"","format":"standard","meta":{"footnotes":""},"categories":[9],"tags":[],"class_list":["post-24829","post","type-post","status-publish","format-standard","has-post-thumbnail","hentry","category-ambiente"],"_links":{"self":[{"href":"https:\/\/tintafresca.net\/index.php\/wp-json\/wp\/v2\/posts\/24829","targetHints":{"allow":["GET"]}}],"collection":[{"href":"https:\/\/tintafresca.net\/index.php\/wp-json\/wp\/v2\/posts"}],"about":[{"href":"https:\/\/tintafresca.net\/index.php\/wp-json\/wp\/v2\/types\/post"}],"author":[{"embeddable":true,"href":"https:\/\/tintafresca.net\/index.php\/wp-json\/wp\/v2\/users\/2"}],"replies":[{"embeddable":true,"href":"https:\/\/tintafresca.net\/index.php\/wp-json\/wp\/v2\/comments?post=24829"}],"version-history":[{"count":2,"href":"https:\/\/tintafresca.net\/index.php\/wp-json\/wp\/v2\/posts\/24829\/revisions"}],"predecessor-version":[{"id":24832,"href":"https:\/\/tintafresca.net\/index.php\/wp-json\/wp\/v2\/posts\/24829\/revisions\/24832"}],"wp:featuredmedia":[{"embeddable":true,"href":"https:\/\/tintafresca.net\/index.php\/wp-json\/wp\/v2\/media\/24833"}],"wp:attachment":[{"href":"https:\/\/tintafresca.net\/index.php\/wp-json\/wp\/v2\/media?parent=24829"}],"wp:term":[{"taxonomy":"category","embeddable":true,"href":"https:\/\/tintafresca.net\/index.php\/wp-json\/wp\/v2\/categories?post=24829"},{"taxonomy":"post_tag","embeddable":true,"href":"https:\/\/tintafresca.net\/index.php\/wp-json\/wp\/v2\/tags?post=24829"}],"curies":[{"name":"wp","href":"https:\/\/api.w.org\/{rel}","templated":true}]}}